{"id":11381,"date":"2025-12-09T12:03:28","date_gmt":"2025-12-09T12:03:28","guid":{"rendered":"https:\/\/dobrezrodla.com\/?p=11381"},"modified":"2025-12-09T12:03:29","modified_gmt":"2025-12-09T12:03:29","slug":"szok-w-sadzie-grzegorz-braun-ujawnia-ustawke","status":"publish","type":"post","link":"https:\/\/dobrezrodla.com\/?p=11381","title":{"rendered":"\u201eSzok w s\u0105dzie! Grzegorz Braun ujawnia \u201eustawk\u0119\u201d"},"content":{"rendered":"\n<hr class=\"wp-block-separator has-alpha-channel-opacity\"\/>\n\n\n\n<p>Protest przed s\u0105dem, radiowozy i mn\u00f3stwo policji \u2014 dzi\u015b w Warszawie wystartowa\u0142 proces europos\u0142a Grzegorza Brauna. Ju\u017c na samym pocz\u0105tku rozprawy polityk emocjonalnie zareagowa\u0142 na zarzuty \u015bledczych.Akt oskar\u017cenia, kt\u00f3ry przygotowa\u0142a Prokuratura Okr\u0119gowa w Warszawie sk\u0142ada si\u0119 z siedmiu zarzut\u00f3w. Grzegorz Braun, europose\u0142 Konfederacji Korony Polskiej, oskar\u017cony jest m.in. o to, \u017ce wtargn\u0105\u0142 do Narodowego Instytutu Kardiologii i mia\u0142 u\u017cy\u0107 przemocy wobec dyrektora Narodowego Instytutu Kardiologii, prof. \u0141ukasza Szumowskiego. Zosta\u0142 te\u017c oskar\u017cony o to, \u017ce uszkodzi\u0142 choink\u0119 bo\u017conarodzeniow\u0105 w budynku S\u0105du Okr\u0119gowego w Krakowie.Europose\u0142 odpowie tak\u017ce za sw\u00f3j najg\u0142o\u015bniejszy czyn, czyli zgaszenie \u015bwiecznika chanukowego w budynku Sejmu. Braunowi zarzucono naruszenie nietykalno\u015bci cielesnej lekarki Magdaleny Gudzi\u0144skiej-Adamczyk, kt\u00f3ra uczestniczy\u0142a w uroczysto\u015bci po\u015bwi\u0119conej \u017cydowskiemu \u015bwi\u0119tu Chanuki. Pr\u00f3bowa\u0142a ona powstrzyma\u0107 polityka, a ten skierowa\u0142 w jej stron\u0119 strumie\u0144 ga\u015bnicy z substancj\u0105 proszkow\u0105. W jej stron\u0119 mia\u0142y te\u017c pa\u015b\u0107 s\u0142owa: \u201ctacy jak pani, to wstyd, nie powinno was by\u0107\u201d.<\/p>\n\n\n\n<figure class=\"wp-block-image\"><img decoding=\"async\" src=\"https:\/\/deeplor.s3.us-west-2.amazonaws.com\/matting_original\/2025\/12\/09\/4569b5ca4a514cd99ba0eb7fed933027.png?X-Amz-Algorithm=AWS4-HMAC-SHA256&amp;X-Amz-Date=20251209T062620Z&amp;X-Amz-SignedHeaders=host&amp;X-Amz-Expires=10800&amp;X-Amz-Credential=AKIAROYXHKZUSZONTWIG%2F20251209%2Fus-west-2%2Fs3%2Faws4_request&amp;X-Amz-Signature=f89006e5cb273476abc77a70e6b8261e236d782bccaa97a181caf7a48ef3959e\" alt=\"edit picture\"\/><\/figure>\n\n\n\n<p>Grzegorz Braun ga\u015bnica i \u015bwiecznik chanukowy. \u201cTo ja zosta\u0142em napadni\u0119ty\u201dSprawa trafi\u0142a na wokand\u0119 S\u0105du Rejonowego dla Warszawy Pragi-Po\u0142udnie i pierwsz\u0105 rozpraw\u0119 wyznaczono na 8 grudnia 2025 r. Ju\u017c od samego rana przed budynkiem zebrali si\u0119 zwolennicy polityka, gdzie protestowano, a potem wszyscy przenie\u015bli si\u0119 na sal\u0119 rozpraw. Na miejscu pojawi\u0142 si\u0119 m.in. Janusz Korwin Mikke oraz \u201cJaszczur\u201d i \u201cLudwiczek\u201d, liderzy ruchu Rodacy Kamraci.Na samym pocz\u0105tku Grzegorz Braun wyg\u0142osi\u0142 o\u015bwiadczenie, w kt\u00f3rym stwierdzi\u0142, \u017ce s\u0105d nie wykaza\u0142 wystarczaj\u0105cej wnikliwo\u015bci w analizie materia\u0142\u00f3w dowodowych, kt\u00f3re \u2014 jak twierdzi \u2014 s\u0105 pe\u0142ne insynuacji.\u2014 Pan s\u0119dzia da\u0142 mi pow\u00f3d, by przypuszcza\u0107, \u017ce nie jest celem pana s\u0119dziego wnikliwe i dog\u0142\u0119bne zapoznanie si\u0119 i przeanalizowanie fakt\u00f3w, kt\u00f3re da\u0142y osnow\u0119 fantasmagorii, jak\u0105 jest akt oskar\u017cenia zlecony przez prokuratur\u0119 \u2014 zacz\u0105\u0142 Grzegorz Braun na pocz\u0105tku swojego przem\u00f3wienia.I doda\u0142: \u2014 Pan prokurator [\u2026] w\u0142\u0105czy\u0142 do aktu oskar\u017cenia kontrfaktyczne, go\u0142os\u0142owne insynuacje w kwestiach tak ewidentnych, jak wypowiedziane b\u0105d\u017a niewypowiedziane przeze mnie s\u0142owa.<\/p>\n\n\n\n<p>W ten spos\u00f3b odni\u00f3s\u0142 si\u0119 do zgaszenia \u015bwiec chanukowych w Sejmie, czym europose\u0142 \u2014 zdaniem \u015bledczych \u2014 obrazi\u0142 uczucia religijne wyznawc\u00f3w judaizmu.W s\u0105dzie Braun jednak podkre\u015bli\u0142, \u017ce to on sam zosta\u0142 napadni\u0119ty. \u2014 Osoba ta napad\u0142a mnie w moim \u00f3wczesnym miejscu pracy, jakim by\u0142 Sejm Rzeczypospolitej Polskiej, a insynuowanie, jakobym wypowiada\u0142 jakie\u015b nie\u017cyczliwe wzgl\u0119dem napastnika s\u0142owa, jest jawnie kontrfaktyczne \u2014 stwierdzi\u0142.Nie zabrak\u0142o te\u017c inwektyw w stron\u0119 s\u0105du. \u2014 Ten s\u0105d nasuwa w\u0105tpliwo\u015bci co do swoich, powiedzmy, kompetencji.Kolejnym zarzutem Brauna jest to, \u017ce s\u0105d wyznaczy\u0142 terminy rozpraw, kt\u00f3re kolidowa\u0142y z jego harmonogramem pracy. W jego opinii, takie dzia\u0142anie mo\u017ce by\u0107 odebrane jako brak szacunku dla jego funkcji publicznej.Co wi\u0119cej, wyrazi\u0142 obawy, \u017ce s\u0105d zamierza procedowa\u0107 bez przes\u0142uchania wszystkich \u015bwiadk\u00f3w powo\u0142anych przez prokuratur\u0119, co w jego ocenie stanowi\u0142oby ograniczenie jego prawa do obrony. \u2014 S\u0105d wzi\u0105\u0142 z dobrodziejstwem inwentarza \u017ca\u0142osny plon pracy prokurator\u00f3w \u2014 oceni\u0142.<\/p>\n\n\n\n<p>Burzliwy pocz\u0105tek procesu Brauna. Padaj\u0105 mocne s\u0142owa o \u201cpsychofanie\u201dPose\u0142 zwr\u00f3ci\u0142 te\u017c uwag\u0119 na publiczne wypowiedzi przedstawicieli rz\u0105du, w tym ministra sprawiedliwo\u015bci i jego zast\u0119pc\u00f3w, kt\u00f3re \u2014 jak twierdzi \u2014 mog\u0105 by\u0107 odbierane jako pr\u00f3ba wywierania presji na wymiar sprawiedliwo\u015bci. W ten spos\u00f3b odni\u00f3s\u0142 si\u0119 do s\u0142\u00f3w wiceministra sprawiedliwo\u015bci Maria Ejchart, kt\u00f3ra na antenie \u201cTVP Info\u201d powiedzia\u0142a, \u017ce Braun za postawione zarzuty \u201cmo\u017ce trafi\u0107 do wi\u0119zienia, ale o tym oczywi\u015bcie zadecyduje s\u0105d\u201d.\u2014 Natchn\u0119\u0142o mnie przypuszczenie granicz\u0105ce z pewno\u015bci\u0105, \u017ce mamy do czynienia z ustawk\u0105. Wyrokowanie w tej sprawie jest ju\u017c przewidziane i kto wie, mo\u017ce kto\u015b ma ju\u017c w og\u00f3le jakie\u015b gotowe notatki do uzasadnienia wyroku, kt\u00f3ry ma na mnie zapa\u015b\u0107 \u2014 perorowa\u0142 Grzegorz Braun. Jednocze\u015bnie zwr\u00f3ci\u0142 si\u0119 r\u00f3wnie\u017c do ministra Waldemara \u017burka.\u2014 A pan minister sprawiedliwo\u015bci w swoich cyklicznych nawi\u0105zaniach do mojej osoby, nasuwa mi podejrzenie, \u017ce ma jaki\u015b osobisty stosunek do mnie, co zalicza\u0142oby go do kategorii psychofan\u00f3w mojej skromnej osoby \u2014 oceni\u0142 Braun.<\/p>\n\n\n\n<p>Kolejn\u0105 kwesti\u0105 poruszon\u0105 przez polityka jest status s\u0119dziego prowadz\u0105cego spraw\u0119. Wed\u0142ug niego zosta\u0142 on mianowany w procedurze, kt\u00f3ra \u2014 jak wskazuje \u2014 budzi kontrowersje i jest kwestionowana zar\u00f3wno przez krajowe, jak i mi\u0119dzynarodowe instytucje prawne. Pose\u0142 odwo\u0142a\u0142 si\u0119 m.in. do wyrok\u00f3w Trybuna\u0142u Sprawiedliwo\u015bci Unii Europejskiej oraz polskich s\u0105d\u00f3w wy\u017cszej instancji, kt\u00f3re w przesz\u0142o\u015bci uchyla\u0142y wyroki wydane przez tzw. neo-s\u0119dzi\u00f3w. I zaapelowa\u0142 o zmian\u0119 sk\u0142adu orzekaj\u0105cego.\u2014 Wola\u0142bym, \u017ceby s\u0105dzi\u0142 mnie kto\u015b komu bli\u017csze s\u0105 standardy cywilizacji \u0142aci\u0144skiej \u2014 podkre\u015bli\u0142.Po dw\u00f3ch godzinach przerwy, s\u0105d nie przychyli\u0142 si\u0119 do tego wniosku i rozpocz\u0105\u0142 przew\u00f3d s\u0105dowy.<\/p>\n","protected":false},"excerpt":{"rendered":"<p>Protest przed s\u0105dem, radiowozy i mn\u00f3stwo policji \u2014 dzi\u015b w Warszawie wystartowa\u0142 proces europos\u0142a Grzegorza Brauna. Ju\u017c na samym pocz\u0105tku rozprawy polityk emocjonalnie zareagowa\u0142 na zarzuty \u015bledczych.Akt oskar\u017cenia, kt\u00f3ry przygotowa\u0142a Prokuratura Okr\u0119gowa w Warszawie sk\u0142ada si\u0119 z siedmiu zarzut\u00f3w. Grzegorz Braun, europose\u0142 Konfederacji Korony Polskiej, oskar\u017cony jest m.in. o to, \u017ce wtargn\u0105\u0142 do Narodowego Instytutu &#8230; <a title=\"\u201eSzok w s\u0105dzie! Grzegorz Braun ujawnia \u201eustawk\u0119\u201d\" class=\"read-more\" href=\"https:\/\/dobrezrodla.com\/?p=11381\" aria-label=\"Read more about \u201eSzok w s\u0105dzie! Grzegorz Braun ujawnia \u201eustawk\u0119\u201d\">Read more<\/a><\/p>\n","protected":false},"author":1,"featured_media":0,"comment_status":"open","ping_status":"open","sticky":false,"template":"","format":"standard","meta":{"footnotes":""},"categories":[1],"tags":[],"class_list":["post-11381","post","type-post","status-publish","format-standard","hentry","category-uncategorized"],"_links":{"self":[{"href":"https:\/\/dobrezrodla.com\/index.php?rest_route=\/wp\/v2\/posts\/11381","targetHints":{"allow":["GET"]}}],"collection":[{"href":"https:\/\/dobrezrodla.com\/index.php?rest_route=\/wp\/v2\/posts"}],"about":[{"href":"https:\/\/dobrezrodla.com\/index.php?rest_route=\/wp\/v2\/types\/post"}],"author":[{"embeddable":true,"href":"https:\/\/dobrezrodla.com\/index.php?rest_route=\/wp\/v2\/users\/1"}],"replies":[{"embeddable":true,"href":"https:\/\/dobrezrodla.com\/index.php?rest_route=%2Fwp%2Fv2%2Fcomments&post=11381"}],"version-history":[{"count":1,"href":"https:\/\/dobrezrodla.com\/index.php?rest_route=\/wp\/v2\/posts\/11381\/revisions"}],"predecessor-version":[{"id":11382,"href":"https:\/\/dobrezrodla.com\/index.php?rest_route=\/wp\/v2\/posts\/11381\/revisions\/11382"}],"wp:attachment":[{"href":"https:\/\/dobrezrodla.com\/index.php?rest_route=%2Fwp%2Fv2%2Fmedia&parent=11381"}],"wp:term":[{"taxonomy":"category","embeddable":true,"href":"https:\/\/dobrezrodla.com\/index.php?rest_route=%2Fwp%2Fv2%2Fcategories&post=11381"},{"taxonomy":"post_tag","embeddable":true,"href":"https:\/\/dobrezrodla.com\/index.php?rest_route=%2Fwp%2Fv2%2Ftags&post=11381"}],"curies":[{"name":"wp","href":"https:\/\/api.w.org\/{rel}","templated":true}]}}