{"id":11385,"date":"2025-12-09T12:04:21","date_gmt":"2025-12-09T12:04:21","guid":{"rendered":"https:\/\/dobrezrodla.com\/?p=11385"},"modified":"2025-12-09T12:04:21","modified_gmt":"2025-12-09T12:04:21","slug":"tusk-uderza-w-prezydenta-i-konfederacje-riposta-nadchodzi","status":"publish","type":"post","link":"https:\/\/dobrezrodla.com\/?p=11385","title":{"rendered":"\u201eTusk uderza w prezydenta i Konfederacj\u0119! Riposta nadchodzi"},"content":{"rendered":"\n<hr class=\"wp-block-separator has-alpha-channel-opacity\"\/>\n\n\n\n<h2 class=\"wp-block-heading\">\u201eTusk uderza w prezydenta i Konfederacj\u0119! Riposta nadchodzi \u2013 polityczna wojna nabiera tempa!\u201d<\/h2>\n\n\n\n<figure class=\"wp-block-image\"><img decoding=\"async\" src=\"https:\/\/xyz.pl\/wp-content\/uploads\/2025\/08\/BeFunky-collage-nawrocki-tusk-do-tekstu-o-bialym-domui.jpg\" alt=\"Nawrocki i Tusk maj\u0105 sw\u00f3j \u201esp\u00f3r o krzes\u0142o\u201d. A Polak\u00f3w nie ma w Waszyngtonie  - XYZ\"\/><\/figure>\n\n\n\n<p>Donald Tusk w poniedzia\u0142ek ponownie zaatakowa\u0142 prezydenta oraz partie opozycyjne w zwi\u0105zku z zawetowaniem tzw. ustawy \u0142a\u0144cuchowej. S\u0142owa premiera nie pozosta\u0142y bez echa. \u201cChcia\u0142bym te\u017c, \u017ceby symboliczny \u00bb\u0142a\u0144cuch\u00ab \u015bci\u0105gni\u0119to w ko\u0144cu Panu Premierowi\u201d \u2014 zwr\u00f3ci\u0142 si\u0119 do Tuska Karol Nawrocki, zaznaczaj\u0105c wcze\u015bniej, \u017ce w Sejmie jest ju\u017c projekt jego ustawy, kt\u00f3ry ma \u201cuwolni\u0107 psy z \u0142a\u0144cuch\u00f3w\u201d. Odpowied\u017a pojawi\u0142a si\u0119 tak\u017ce ze strony Konfederacji. S\u0142awomir Mentzen stwierdzi\u0142, \u017ce zar\u00f3wno ten, jak i inne wpisy Tuska maj\u0105 przykry\u0107 jego \u201cnieudolno\u015b\u0107\u201d.Co napisa\u0142 Donald Tusk?\u201dKochaj\u0105 psy i Polsk\u0119. Na \u0142a\u0144cuchu. PiS, Nawrocki, Konfederacja\u201d \u2014 napisa\u0142 w poniedzia\u0142ek na portalu X Donald Tusk. Premier odni\u00f3s\u0142 si\u0119 w ten spos\u00f3b po raz kolejny dozawetowanej przez prezydenta tzw. ustawy \u0142a\u0144cuchowej.Politycy PiS i Konfederacji chwalili wcze\u015bniej t\u0119 decyzj\u0119 Nawrockiego.<\/p>\n\n\n\n<figure class=\"wp-block-image\"><img decoding=\"async\" src=\"https:\/\/s.rfi.fr\/media\/display\/7685a5d4-3274-11f0-9b73-005056bf30b7\/w:1024\/p:16x9\/Pologne-Donald-Tusk-Elections.jpg\" alt=\"Ba Lan : Th\u1ee7 t\u01b0\u1edbng Donald Tusk s\u1ebd \u0111\u1ec1 ngh\u1ecb Qu\u1ed1c H\u1ed9i b\u1ecf phi\u1ebfu t\u00edn nhi\u1ec7m ch\u00ednh  ph\u1ee7\"\/><\/figure>\n\n\n\n<p>Jak odpowiedzia\u0142 Karol Nawrocki?Wpis Tuska nie umkn\u0105\u0142 uwadze Karola Nawrockiego. Prezydent zamie\u015bci\u0142 wpis, w kt\u00f3rym odpowiedzia\u0142 na s\u0142owa premiera. \u201cPanie Premierze, psy z \u0142a\u0144cuch\u00f3w uwolnimy \u2014 w Sejmie le\u017cy projekt mojej ustawy. Do dzie\u0142a\u201d \u2014 napisa\u0142.\u201dChcia\u0142bym te\u017c, \u017ceby symboliczny \u00bb\u0142a\u0144cuch\u00ab \u015bci\u0105gni\u0119to w ko\u0144cu Panu Premierowi \u2014 wspieram, jak mog\u0119, ale bez dobrej woli Pana Premiera mo\u017ce si\u0119 nie uda\u0107. A o mojej mi\u0142o\u015bci do Polski prosz\u0119 si\u0119 uprzejmie nie wypowiada\u0107 \u2014 nie wypada Panu Premierowi. Mi\u0142ego dnia\u201d \u2014 uderzy\u0142 dalej w Tuska prezydent.<\/p>\n\n\n\n<figure class=\"wp-block-image\"><img decoding=\"async\" src=\"https:\/\/cdn.wiadomosci.onet.pl\/1\/fMtk9lBaHR0cHM6Ly9vY2RuLmV1L3B1bHNjbXMvTURBXy9hZmJlZTVjOWRjMmEzODg1NDI0YWI1MzI2OTgxMjE3Yy5qcGeSlQMCAM0Wfc0MqJMFzQlgzQTs3gACoTAHoTEE\" alt=\"Donald Tusk zapowiada kolejne rozliczenia. &quot;Bezwstydnie okradali Polsk\u0119&quot;\"\/><\/figure>\n\n\n\n<p>Co napisa\u0142 S\u0142awomir Mentzen?Na wpis premiera zareagowa\u0142 tak\u017ce lider Konfederacji S\u0142awomir Mentzen. \u201cTeraz, \u017ceby przykry\u0107 swoj\u0105 nieudolno\u015b\u0107, b\u0119dzie Pan codziennie k\u0142ama\u0142 o ruskich kryptowalutach i psach na \u0142a\u0144cuchach?\u201d \u2014 napisa\u0142 polityk, nawi\u0105zuj\u0105cdo nag\u0142a\u015bnianej m.in. przez Tuska \u201ckryptoafery\u201d.<\/p>\n","protected":false},"excerpt":{"rendered":"<p>\u201eTusk uderza w prezydenta i Konfederacj\u0119! Riposta nadchodzi \u2013 polityczna wojna nabiera tempa!\u201d Donald Tusk w poniedzia\u0142ek ponownie zaatakowa\u0142 prezydenta oraz partie opozycyjne w zwi\u0105zku z zawetowaniem tzw. ustawy \u0142a\u0144cuchowej. S\u0142owa premiera nie pozosta\u0142y bez echa. \u201cChcia\u0142bym te\u017c, \u017ceby symboliczny \u00bb\u0142a\u0144cuch\u00ab \u015bci\u0105gni\u0119to w ko\u0144cu Panu Premierowi\u201d \u2014 zwr\u00f3ci\u0142 si\u0119 do Tuska Karol Nawrocki, zaznaczaj\u0105c wcze\u015bniej, &#8230; <a title=\"\u201eTusk uderza w prezydenta i Konfederacj\u0119! Riposta nadchodzi\" class=\"read-more\" href=\"https:\/\/dobrezrodla.com\/?p=11385\" aria-label=\"Read more about \u201eTusk uderza w prezydenta i Konfederacj\u0119! Riposta nadchodzi\">Read more<\/a><\/p>\n","protected":false},"author":1,"featured_media":0,"comment_status":"open","ping_status":"open","sticky":false,"template":"","format":"standard","meta":{"footnotes":""},"categories":[1],"tags":[],"class_list":["post-11385","post","type-post","status-publish","format-standard","hentry","category-uncategorized"],"_links":{"self":[{"href":"https:\/\/dobrezrodla.com\/index.php?rest_route=\/wp\/v2\/posts\/11385","targetHints":{"allow":["GET"]}}],"collection":[{"href":"https:\/\/dobrezrodla.com\/index.php?rest_route=\/wp\/v2\/posts"}],"about":[{"href":"https:\/\/dobrezrodla.com\/index.php?rest_route=\/wp\/v2\/types\/post"}],"author":[{"embeddable":true,"href":"https:\/\/dobrezrodla.com\/index.php?rest_route=\/wp\/v2\/users\/1"}],"replies":[{"embeddable":true,"href":"https:\/\/dobrezrodla.com\/index.php?rest_route=%2Fwp%2Fv2%2Fcomments&post=11385"}],"version-history":[{"count":1,"href":"https:\/\/dobrezrodla.com\/index.php?rest_route=\/wp\/v2\/posts\/11385\/revisions"}],"predecessor-version":[{"id":11386,"href":"https:\/\/dobrezrodla.com\/index.php?rest_route=\/wp\/v2\/posts\/11385\/revisions\/11386"}],"wp:attachment":[{"href":"https:\/\/dobrezrodla.com\/index.php?rest_route=%2Fwp%2Fv2%2Fmedia&parent=11385"}],"wp:term":[{"taxonomy":"category","embeddable":true,"href":"https:\/\/dobrezrodla.com\/index.php?rest_route=%2Fwp%2Fv2%2Fcategories&post=11385"},{"taxonomy":"post_tag","embeddable":true,"href":"https:\/\/dobrezrodla.com\/index.php?rest_route=%2Fwp%2Fv2%2Ftags&post=11385"}],"curies":[{"name":"wp","href":"https:\/\/api.w.org\/{rel}","templated":true}]}}