{"id":11432,"date":"2025-12-09T19:10:10","date_gmt":"2025-12-09T19:10:10","guid":{"rendered":"https:\/\/dobrezrodla.com\/?p=11432"},"modified":"2025-12-09T19:10:11","modified_gmt":"2025-12-09T19:10:11","slug":"cyfrowa-ustawa-pod-znakiem-zapytania-prezydent-nawrocki-moze-znow-zablokowac-prawo","status":"publish","type":"post","link":"https:\/\/dobrezrodla.com\/?p=11432","title":{"rendered":"Cyfrowa ustawa pod znakiem zapytania! Prezydent Nawrocki mo\u017ce zn\u00f3w zablokowa\u0107 prawo"},"content":{"rendered":"\n<p>Nad nowelizacj\u0105 ustawy o us\u0142ugach cyfrowych zbieraj\u0105 si\u0119 czarne chmury. Z nieoficjalnych informacji Wirtualnej Polski wynika, \u017ce prezydent Karol Nawrocki powa\u017cnie rozwa\u017ca zawetowanie dokumentu. Ustawa, uchwalona w listopadzie, mia\u0142a dostosowa\u0107 polskie przepisy do unijnego Aktu o us\u0142ugach cyfrowych (DSA), ale wszystko wskazuje na to, \u017ce jej los nie jest jeszcze przes\u0105dzony.<\/p>\n\n\n\n<p>Pow\u00f3d? Wed\u0142ug prezydenckich doradc\u00f3w, nowe przepisy mog\u0105 otworzy\u0107 furtk\u0119 do potencjalnej \u201ecenzury\u201d w mediach spo\u0142eczno\u015bciowych. Rz\u0105d odpowiada, \u017ce chodzi wy\u0142\u0105cznie o walk\u0119 z dezinformacj\u0105 i tre\u015bciami \u0142ami\u0105cymi prawo.<\/p>\n\n\n\n<p>DSA, obowi\u0105zuj\u0105cy w ca\u0142ej UE od lutego 2024 roku, nak\u0142ada na najwi\u0119ksze platformy cyfrowe szereg obowi\u0105zk\u00f3w \u2013 od eliminowania nielegalnych tre\u015bci, przez raportowanie zagro\u017ce\u0144, a\u017c po udost\u0119pnianie danych badaczom. Nowelizacja polskiej ustawy mia\u0142a by\u0107 ostatnim krokiem w pe\u0142nym wdro\u017ceniu tych przepis\u00f3w. Teraz jednak, wszystko mo\u017ce si\u0119 op\u00f3\u017ani\u0107 lub nawet rozsypa\u0107, je\u015bli prezydent zdecyduje si\u0119 na weto.<\/p>\n","protected":false},"excerpt":{"rendered":"<p>Nad nowelizacj\u0105 ustawy o us\u0142ugach cyfrowych zbieraj\u0105 si\u0119 czarne chmury. Z nieoficjalnych informacji Wirtualnej Polski wynika, \u017ce prezydent Karol Nawrocki powa\u017cnie rozwa\u017ca zawetowanie dokumentu. Ustawa, uchwalona w listopadzie, mia\u0142a dostosowa\u0107 polskie przepisy do unijnego Aktu o us\u0142ugach cyfrowych (DSA), ale wszystko wskazuje na to, \u017ce jej los nie jest jeszcze przes\u0105dzony. Pow\u00f3d? Wed\u0142ug prezydenckich doradc\u00f3w, &#8230; <a title=\"Cyfrowa ustawa pod znakiem zapytania! Prezydent Nawrocki mo\u017ce zn\u00f3w zablokowa\u0107 prawo\" class=\"read-more\" href=\"https:\/\/dobrezrodla.com\/?p=11432\" aria-label=\"Read more about Cyfrowa ustawa pod znakiem zapytania! Prezydent Nawrocki mo\u017ce zn\u00f3w zablokowa\u0107 prawo\">Read more<\/a><\/p>\n","protected":false},"author":1,"featured_media":0,"comment_status":"open","ping_status":"open","sticky":false,"template":"","format":"standard","meta":{"footnotes":""},"categories":[1],"tags":[],"class_list":["post-11432","post","type-post","status-publish","format-standard","hentry","category-uncategorized"],"_links":{"self":[{"href":"https:\/\/dobrezrodla.com\/index.php?rest_route=\/wp\/v2\/posts\/11432","targetHints":{"allow":["GET"]}}],"collection":[{"href":"https:\/\/dobrezrodla.com\/index.php?rest_route=\/wp\/v2\/posts"}],"about":[{"href":"https:\/\/dobrezrodla.com\/index.php?rest_route=\/wp\/v2\/types\/post"}],"author":[{"embeddable":true,"href":"https:\/\/dobrezrodla.com\/index.php?rest_route=\/wp\/v2\/users\/1"}],"replies":[{"embeddable":true,"href":"https:\/\/dobrezrodla.com\/index.php?rest_route=%2Fwp%2Fv2%2Fcomments&post=11432"}],"version-history":[{"count":1,"href":"https:\/\/dobrezrodla.com\/index.php?rest_route=\/wp\/v2\/posts\/11432\/revisions"}],"predecessor-version":[{"id":11433,"href":"https:\/\/dobrezrodla.com\/index.php?rest_route=\/wp\/v2\/posts\/11432\/revisions\/11433"}],"wp:attachment":[{"href":"https:\/\/dobrezrodla.com\/index.php?rest_route=%2Fwp%2Fv2%2Fmedia&parent=11432"}],"wp:term":[{"taxonomy":"category","embeddable":true,"href":"https:\/\/dobrezrodla.com\/index.php?rest_route=%2Fwp%2Fv2%2Fcategories&post=11432"},{"taxonomy":"post_tag","embeddable":true,"href":"https:\/\/dobrezrodla.com\/index.php?rest_route=%2Fwp%2Fv2%2Ftags&post=11432"}],"curies":[{"name":"wp","href":"https:\/\/api.w.org\/{rel}","templated":true}]}}