{"id":1144,"date":"2025-07-12T12:53:56","date_gmt":"2025-07-12T12:53:56","guid":{"rendered":"https:\/\/dobrezrodla.com\/?p=1144"},"modified":"2025-07-12T12:53:56","modified_gmt":"2025-07-12T12:53:56","slug":"reforma-pensiilor-magistratilor-varsta-de-pensionare-creste-la-65-de-ani-pensiile-se-reduc","status":"publish","type":"post","link":"https:\/\/dobrezrodla.com\/?p=1144","title":{"rendered":"Reforma pensiilor magistra\u021bilor V\u00e2rsta de pensionare cre\u0219te la 65 de ani pensiile se reduc"},"content":{"rendered":"<p>Guvernul Rom\u00e2niei preg\u0103te\u0219te o reform\u0103 major\u0103 a pensiilor speciale, cu accent pe cele acordate magistra\u021bilor, \u00een \u00eencercarea de a corecta inechit\u0103\u021bile \u0219i de a asigura sustenabilitatea financiar\u0103 a sistemului. Proiectul, aflat \u00een stadiu de elaborare, vine dup\u0103 ce tentativele anterioare au fost blocate de decizii ale Cur\u021bii Constitu\u021bionale, gener\u00e2nd noi dezbateri privind echitatea \u0219i impactul bugetar al pensiilor din justi\u021bie.<\/p>\n<p>Una dintre m\u0103surile centrale ale reformei vizeaz\u0103 alinierea v\u00e2rstei de pensionare a magistra\u021bilor la standardul general de 65 de ani, aplicabil altor categorii profesionale. \u00cen prezent, magistra\u021bii se pot pensiona la v\u00e2rste mult mai tinere, uneori chiar sub 50 de ani, dac\u0103 \u00eendeplinesc condi\u021bia de vechime de 25 de ani. Noul proiect propune o tranzi\u021bie c\u0103tre pensionarea la 65 de ani, care va intra \u00een vigoare din 1 ianuarie 2026, f\u0103r\u0103 o cre\u0219tere etapizat\u0103, a\u0219a cum era prev\u0103zut \u00een variantele anterioare ale legii.<\/p>\n<p>Ministrul Muncii, Florin Manole, a subliniat importan\u021ba acestei m\u0103suri: \u201eAici vom avea o cre\u0219tere a v\u00e2rstei de pensionare. Asta este o certitudine. Vrem s\u0103 ducem v\u00e2rsta p\u00e2n\u0103 la 65 de ani. Este o egalizare \u0219i, pe de alt\u0103 parte, ceea ce \u00een trecut a reprezentat o \u021bint\u0103 gradual\u0103.\u201d<\/p>\n<p>O alt\u0103 schimbare semnificativ\u0103 vizeaz\u0103 reducerea ratei de \u00eenlocuire, adic\u0103 procentul din veniturile salariale reflectat \u00een pensie, de la 80% la 65%. Acest lucru va duce la diminuarea valorii pensiilor speciale ale magistra\u021bilor, care au fost criticate pentru sumele lor ridicate.<\/p>\n<p>Totu\u0219i, magistra\u021bii vor avea \u00een continuare posibilitatea de a se pensiona anticipat, dar cu penaliz\u0103ri financiare. Pensia va fi redus\u0103 propor\u021bional cu anii lips\u0103 p\u00e2n\u0103 la v\u00e2rsta standard de 65 de ani, prin aplicarea unui indice de corec\u021bie. \u201ePo\u021bi ie\u0219i anticipat la pensie \u00eenainte de v\u00e2rst\u0103, cu penalizare, la fel cum se \u00eent\u00e2mpl\u0103 \u0219i la pensiile obi\u0219nuite,\u201d a explicat ministrul Muncii.<\/p>\n<p>Reforma este elaborat\u0103 de un grup de lucru format din reprezentan\u021bi ai Ministerului Muncii \u0219i Ministerului Justi\u021biei, cu un termen de finalizare de c\u00e2teva s\u0103pt\u0103m\u00e2ni. Proiectul va fi supus dezbaterii parlamentare, dar r\u0103m\u00e2ne un subiect sensibil, mai ales dup\u0103 ce Curtea Constitu\u021bional\u0103 a respins o propunere anterioar\u0103, consider\u00e2nd c\u0103 o cre\u0219tere brusc\u0103 a v\u00e2rstei de pensionare este neconstitu\u021bional\u0103.<\/p>\n<p>Criticii, inclusiv Consiliul Superior al Magistraturii (CSM), au avertizat c\u0103 noile m\u0103suri ar putea accelera pension\u0103rile anticipate, peste 60 de cereri fiind deja depuse de magistra\u021bi \u00een contextul discu\u021biilor despre reform\u0103. \u00cen 2025, v\u00e2rsta medie de pensionare a judec\u0103torilor este de 52 de ani, comparativ cu 58 de ani \u00een perioada 2010-2011, reflect\u00e2nd impactul instabilit\u0103\u021bii legislative.<\/p>\n<p>Pensiile speciale ale magistra\u021bilor, care pot ajunge la sume considerabile, au fost un subiect controversat, fiind percepute ca dispropor\u021bionate fa\u021b\u0103 de cele ale altor categorii de pensionari. Reforma face parte din angajamentele asumate prin Planul Na\u021bional de Redresare \u0219i Rezilien\u021b\u0103 (PNRR), care impune reducerea inechit\u0103\u021bilor \u00een sistemul de pensii. Rom\u00e2nia risc\u0103 s\u0103 piard\u0103 fonduri europene dac\u0103 aceste reforme nu sunt implementate.<\/p>\n<p>Proiectul, care urmeaz\u0103 s\u0103 fie finalizat \u0219i dezb\u0103tut \u00een Parlament, va testa capacitatea autorit\u0103\u021bilor de a echilibra nevoile magistra\u021bilor cu sustenabilitatea bugetar\u0103, \u00eentr-un context marcat de tensiuni \u0219i a\u0219tept\u0103ri publice ridicate.<\/p>\n","protected":false},"excerpt":{"rendered":"<p>Guvernul Rom\u00e2niei preg\u0103te\u0219te o reform\u0103 major\u0103 a pensiilor speciale, cu accent pe cele acordate magistra\u021bilor, \u00een \u00eencercarea de a corecta inechit\u0103\u021bile \u0219i de a asigura sustenabilitatea financiar\u0103 a sistemului. Proiectul, aflat \u00een stadiu de elaborare, vine dup\u0103 ce tentativele anterioare au fost blocate de decizii ale Cur\u021bii Constitu\u021bionale, gener\u00e2nd noi dezbateri privind echitatea \u0219i impactul &#8230; <a title=\"Reforma pensiilor magistra\u021bilor V\u00e2rsta de pensionare cre\u0219te la 65 de ani pensiile se reduc\" class=\"read-more\" href=\"https:\/\/dobrezrodla.com\/?p=1144\" aria-label=\"Read more about Reforma pensiilor magistra\u021bilor V\u00e2rsta de pensionare cre\u0219te la 65 de ani pensiile se reduc\">Read more<\/a><\/p>\n","protected":false},"author":1,"featured_media":1143,"comment_status":"closed","ping_status":"open","sticky":false,"template":"","format":"standard","meta":{"footnotes":""},"categories":[1],"tags":[],"class_list":["post-1144","post","type-post","status-publish","format-standard","has-post-thumbnail","hentry","category-uncategorized"],"_links":{"self":[{"href":"https:\/\/dobrezrodla.com\/index.php?rest_route=\/wp\/v2\/posts\/1144","targetHints":{"allow":["GET"]}}],"collection":[{"href":"https:\/\/dobrezrodla.com\/index.php?rest_route=\/wp\/v2\/posts"}],"about":[{"href":"https:\/\/dobrezrodla.com\/index.php?rest_route=\/wp\/v2\/types\/post"}],"author":[{"embeddable":true,"href":"https:\/\/dobrezrodla.com\/index.php?rest_route=\/wp\/v2\/users\/1"}],"replies":[{"embeddable":true,"href":"https:\/\/dobrezrodla.com\/index.php?rest_route=%2Fwp%2Fv2%2Fcomments&post=1144"}],"version-history":[{"count":1,"href":"https:\/\/dobrezrodla.com\/index.php?rest_route=\/wp\/v2\/posts\/1144\/revisions"}],"predecessor-version":[{"id":1145,"href":"https:\/\/dobrezrodla.com\/index.php?rest_route=\/wp\/v2\/posts\/1144\/revisions\/1145"}],"wp:featuredmedia":[{"embeddable":true,"href":"https:\/\/dobrezrodla.com\/index.php?rest_route=\/wp\/v2\/media\/1143"}],"wp:attachment":[{"href":"https:\/\/dobrezrodla.com\/index.php?rest_route=%2Fwp%2Fv2%2Fmedia&parent=1144"}],"wp:term":[{"taxonomy":"category","embeddable":true,"href":"https:\/\/dobrezrodla.com\/index.php?rest_route=%2Fwp%2Fv2%2Fcategories&post=1144"},{"taxonomy":"post_tag","embeddable":true,"href":"https:\/\/dobrezrodla.com\/index.php?rest_route=%2Fwp%2Fv2%2Ftags&post=1144"}],"curies":[{"name":"wp","href":"https:\/\/api.w.org\/{rel}","templated":true}]}}