{"id":11446,"date":"2025-12-09T19:44:49","date_gmt":"2025-12-09T19:44:49","guid":{"rendered":"https:\/\/dobrezrodla.com\/?p=11446"},"modified":"2025-12-09T19:44:49","modified_gmt":"2025-12-09T19:44:49","slug":"szok-w-sadzie-braun-domaga-sie-wylaczenia-sedziego","status":"publish","type":"post","link":"https:\/\/dobrezrodla.com\/?p=11446","title":{"rendered":"\u201eSzok w s\u0105dzie! Braun domaga si\u0119 wy\u0142\u0105czenia s\u0119dziego"},"content":{"rendered":"\n<h2 class=\"wp-block-heading\">\u201eSzok w s\u0105dzie! Braun domaga si\u0119 wy\u0142\u0105czenia s\u0119dziego \u2013 proces wstrzymany!\u201d<\/h2>\n\n\n\n<figure class=\"wp-block-image\"><img decoding=\"async\" src=\"https:\/\/cdn.wiadomosci.onet.pl\/1\/G_Hk9lGaHR0cHM6Ly9vY2RuLmV1L3B1bHNjbXMvTURBXy8yYTg2ODRmMi0zNTk3LTRhN2EtYjAzOS01NTk0M2Y4OTQyYzQuanBlZ5KVA2_NAiPND5_NCMyTBc0JYM0E7N4AAqEwB6ExBA\" alt=\"Grzegorz Braun\"\/><\/figure>\n\n\n\n<p>W warszawskim s\u0105dzie rejonowym rozpocz\u0105\u0142 si\u0119 proces Grzegorza Brauna. Sprawa \u2014 obserwowana przez licznych przedstawicieli medi\u00f3w i publiczno\u015b\u0107, \u0142\u0105cznie kilkadziesi\u0105t os\u00f3b \u2014 dotyczy m.in. zgaszenia \u015bwiec chanukowych w Sejmie w grudniu 2023 r. W trakcie europose\u0142 z\u0142o\u017cy\u0142 wnioski o wy\u0142\u0105czenie s\u0119dziego i zmian\u0119 oskar\u017caj\u0105cego prokuratora.\u2014 Szcz\u0119\u015b\u0107 Bo\u017ce, wysoki s\u0105dzie. Wnosz\u0119 o wy\u0142\u0105czenie s\u0119dziego ze sk\u0142adu s\u0105dz\u0105cego \u2014 rozpocz\u0105\u0142 zasiadaj\u0105cy na \u0142awie oskar\u017conych Grzegorz Braun, wkr\u00f3tce po sprawdzeniu obecno\u015bci.Zdaniem pe\u0142nomocnik\u00f3w oskar\u017cycieli posi\u0142kowych \u2014 pokrzywdzonych w sprawie instytucji \u2014 wnioski Brauna zmierzaj\u0105 do przed\u0142u\u017cenia post\u0119powania i \u201cautopromocji\u201d.<\/p>\n\n\n\n<figure class=\"wp-block-image\"><img decoding=\"async\" src=\"https:\/\/bi.im-g.pl\/im\/67\/ea\/1e\/z32418151AMP,Konferencja-Grzegorza-Brauna-w-Oswiecimiu.jpg\" alt=\"Grzegorz Braun w O\u015bwi\u0119cimiu m\u00f3wi o \u017cydowskich nadludziach i policji gettowej\"\/><\/figure>\n\n\n\n<p>Braun: obawiam si\u0119, \u017ce post\u0119powanie b\u0119dzie kwestionowaneBraun, uzasadniaj\u0105c swe wnioski, m\u00f3wi\u0142 o \u2014 w jego ocenie \u2014 stronniczo\u015bci s\u0119dziego Marcina Brzostko, kt\u00f3ry w pa\u017adzierniku odrzuci\u0142 wniosek o zwrot sprawy prokuraturze i nie dostosowa\u0142, wed\u0142ug oskar\u017conego, harmonogramu posiedze\u0144 s\u0105du do jego obowi\u0105zk\u00f3w w PE.Europose\u0142 powiedzia\u0142 r\u00f3wnie\u017c, \u017ce s\u0119dzia Brzostko jest \u201cneos\u0119dzi\u0105\u201d i zosta\u0142 mianowany na pierwsze stanowisko s\u0119dziowskie ju\u017c po 2017 r. \u2014 Nie wchodz\u0105c w ten sp\u00f3r, ale z ostro\u017cno\u015bci procesowej nie chc\u0119 uczestniczy\u0107 w post\u0119powaniu, kt\u00f3rego prawomocno\u015b\u0107 mo\u017ce by\u0107 p\u00f3\u017aniej kwestionowana \u2014 m\u00f3wi\u0142 Braun.Prok. Artur Wa\u0144doch okre\u015bli\u0142 wniosek o wy\u0142\u0105czenie s\u0119dziego jako \u201cabsurdalny\u201d. Podobnie odni\u00f3s\u0142 si\u0119 do wniosku o zmian\u0119 prokuratora, zaznaczaj\u0105c, \u017ce \u015bledztwo w sprawie by\u0142o przeprowadzone \u201cwszechstronne z uwzgl\u0119dnieniem wszystkich przepis\u00f3w i rozpoznaniem wszystkich wniosk\u00f3w\u201d. \u2014 Oddalono wnioski zmierzaj\u0105ce do przed\u0142u\u017cenia post\u0119powania \u2014 powiedzia\u0142 prokurator.Jeden z pe\u0142nomocnik\u00f3w oskar\u017cycieli, mec. Krzysztof St\u0119pi\u0144ski, powiedzia\u0142 za\u015b przed s\u0105dem, odnosz\u0105c si\u0119 do argumentu dotycz\u0105cego okoliczno\u015bci powo\u0142ania s\u0119dziego, \u017ce \u201cnagle okaza\u0142o si\u0119, \u017ce Braun powo\u0142uje si\u0119 na orzecznictwo europejskie, gdy\u017c \u00bbratuj si\u0119 kto mo\u017ce\u00ab, bo zapachnia\u0142o wyrokiem\u201d. \u2014 Jest takie przys\u0142owie: jak bida, to do \u017byda \u2014 doda\u0142 adwokat.<\/p>\n\n\n\n<figure class=\"wp-block-image\"><img decoding=\"async\" src=\"https:\/\/cdn.wiadomosci.onet.pl\/1\/zv2k9lGaHR0cHM6Ly9vY2RuLmV1L3B1bHNjbXMvTURBXy8wYzM0ZTM1OC1iY2JmLTRlZTUtYWU4My1iN2IzYTJhMWIxOTAuanBlZ5KVAwDMi80RlM0J45MFzQlgzQTs3gACoTAHoTEE\" alt=\"Skandaliczne s\u0142owa Brauna w O\u015bwi\u0119cimiu. &quot;Przera\u017caj\u0105ce. On jest po\u017cytecznym  idiot\u0105 Rosji&quot;\"\/><\/figure>\n\n\n\n<p>Czego dotycz\u0105 zarzuty wobec Grzegorza BraunaProkuratura informowa\u0142a latem, gdy akt oskar\u017cenia wp\u0142yn\u0105\u0142 do s\u0105du rejonowego, \u017ce zarzuty dotycz\u0105 m.in. wydarze\u0144 w Sejmie z 12 grudnia 2023 r., w tym \u201czgaszenia przy u\u017cyciu ga\u015bnicy zapalonych \u015bwiec w \u015bwieczniku Chanuki\u201d, czym Braun \u201cobrazi\u0142 uczucia religijne wyznawc\u00f3w judaizmu\u201d. Ponadto Braun \u2014 jak przekazywa\u0142a prokuratura \u2014 w zwi\u0105zku z decyzj\u0105 podj\u0119t\u0105 wtedy przez jedn\u0105 z uczestnicz\u0105cych w uroczysto\u015bci kobiet \u201cinterwencj\u0105 na rzecz ochrony porz\u0105dku publicznego, kieruj\u0105c w stron\u0119 pokrzywdzonej strumie\u0144 ga\u015bnicy z substancj\u0105 proszkow\u0105\u201d naruszy\u0142 jej nietykalno\u015b\u0107 cielesn\u0105 oraz \u201cspowodowa\u0142 u niej lekki uszczerbek na zdrowiu\u201d.Oskar\u017cenie dotyczy tak\u017ce zaj\u015b\u0107 w budynku Narodowego Instytutu Kardiologii w 2022 r., gdy w czasie pandemii Braun wszed\u0142 do szpitala z grup\u0105 os\u00f3b \u2014 \u017cadna z nich nie mia\u0142a maseczek \u2014 a nast\u0119pnie wtargn\u0105\u0142 na spotkanie dyrekcji plac\u00f3wki i mia\u0142 zaatakowa\u0107 jej dyrektora, dr. \u0141ukasza Szumowskiego.<\/p>\n\n\n\n<figure class=\"wp-block-image\"><img decoding=\"async\" src=\"https:\/\/ocdn.eu\/pulscms-transforms\/1\/5aqk9kuTURBXy8xNDViYjZhZC0xNDMyLTRlN2ItYjFhMy1jODI2MTk3YWU2ZDUuanBlZ5GVAs0EsADDw94AAaEwAQ\" alt=\"Minister sprawiedliwo\u015bci idzie na wojn\u0119 z Braunem. &quot;Jego ekscesy nie  pozostan\u0105 bezkarne&quot; - Forsal.pl\"\/><\/figure>\n\n\n\n<p>Kolejny w\u0105tek odnosi si\u0119 do zdarze\u0144 w Niemieckim Instytucie Historycznym w 2023 r., gdzie Braun mia\u0142 uszkodzi\u0107 mienie, w tym m.in. mikrofon, i zablokowa\u0142 wtedy wyk\u0142ad prof. Jana Grabowskiego o Holokau\u015bcie. Zarzuty obejmuj\u0105 tak\u017ce spraw\u0119 uszkodzenia choinki bo\u017conarodzeniowej w S\u0105dzie Okr\u0119gowym w Krakowie w 2023 r. Braun wyni\u00f3s\u0142 ustawion\u0105 tam przez s\u0119dzi\u00f3w choink\u0119, po czym wrzuci\u0142 j\u0105 do kosza.Akt oskar\u017cenia Prokuratura Okr\u0119gowa w Warszawie skierowa\u0142a do s\u0105du rejonowego w lipcu br. S\u0105d Rejonowy dla Warszawy-Pragi Po\u0142udnie jest w\u0142a\u015bciwy do rozpoznania tej sprawy, bo pierwsze czyny z aktu oskar\u017cenia, czyli zaj\u015bcia w Narodowym Instytucie Kardiologii, zosta\u0142y przez oskar\u017conego pope\u0142nione na terenie, kt\u00f3ry swoim zasi\u0119giem obejmuje w\u0142a\u015bnie s\u0105d praski.Post\u0119powanie karne wobec Brauna w tej sprawie umo\u017cliwi\u0142o uchylenie mu w maju br. przez Parlament Europejski immunitetu. R\u00f3wnocze\u015bnie w PE by\u0142y lub wci\u0105\u017c s\u0105 procedowane kolejne wnioski Prokuratora Generalnego o uchylenie europos\u0142owi immunitetu.<\/p>\n","protected":false},"excerpt":{"rendered":"<p>\u201eSzok w s\u0105dzie! Braun domaga si\u0119 wy\u0142\u0105czenia s\u0119dziego \u2013 proces wstrzymany!\u201d W warszawskim s\u0105dzie rejonowym rozpocz\u0105\u0142 si\u0119 proces Grzegorza Brauna. Sprawa \u2014 obserwowana przez licznych przedstawicieli medi\u00f3w i publiczno\u015b\u0107, \u0142\u0105cznie kilkadziesi\u0105t os\u00f3b \u2014 dotyczy m.in. zgaszenia \u015bwiec chanukowych w Sejmie w grudniu 2023 r. W trakcie europose\u0142 z\u0142o\u017cy\u0142 wnioski o wy\u0142\u0105czenie s\u0119dziego i zmian\u0119 oskar\u017caj\u0105cego &#8230; <a title=\"\u201eSzok w s\u0105dzie! Braun domaga si\u0119 wy\u0142\u0105czenia s\u0119dziego\" class=\"read-more\" href=\"https:\/\/dobrezrodla.com\/?p=11446\" aria-label=\"Read more about \u201eSzok w s\u0105dzie! Braun domaga si\u0119 wy\u0142\u0105czenia s\u0119dziego\">Read more<\/a><\/p>\n","protected":false},"author":1,"featured_media":0,"comment_status":"open","ping_status":"open","sticky":false,"template":"","format":"standard","meta":{"footnotes":""},"categories":[1],"tags":[],"class_list":["post-11446","post","type-post","status-publish","format-standard","hentry","category-uncategorized"],"_links":{"self":[{"href":"https:\/\/dobrezrodla.com\/index.php?rest_route=\/wp\/v2\/posts\/11446","targetHints":{"allow":["GET"]}}],"collection":[{"href":"https:\/\/dobrezrodla.com\/index.php?rest_route=\/wp\/v2\/posts"}],"about":[{"href":"https:\/\/dobrezrodla.com\/index.php?rest_route=\/wp\/v2\/types\/post"}],"author":[{"embeddable":true,"href":"https:\/\/dobrezrodla.com\/index.php?rest_route=\/wp\/v2\/users\/1"}],"replies":[{"embeddable":true,"href":"https:\/\/dobrezrodla.com\/index.php?rest_route=%2Fwp%2Fv2%2Fcomments&post=11446"}],"version-history":[{"count":1,"href":"https:\/\/dobrezrodla.com\/index.php?rest_route=\/wp\/v2\/posts\/11446\/revisions"}],"predecessor-version":[{"id":11447,"href":"https:\/\/dobrezrodla.com\/index.php?rest_route=\/wp\/v2\/posts\/11446\/revisions\/11447"}],"wp:attachment":[{"href":"https:\/\/dobrezrodla.com\/index.php?rest_route=%2Fwp%2Fv2%2Fmedia&parent=11446"}],"wp:term":[{"taxonomy":"category","embeddable":true,"href":"https:\/\/dobrezrodla.com\/index.php?rest_route=%2Fwp%2Fv2%2Fcategories&post=11446"},{"taxonomy":"post_tag","embeddable":true,"href":"https:\/\/dobrezrodla.com\/index.php?rest_route=%2Fwp%2Fv2%2Ftags&post=11446"}],"curies":[{"name":"wp","href":"https:\/\/api.w.org\/{rel}","templated":true}]}}