{"id":11456,"date":"2025-12-09T19:52:01","date_gmt":"2025-12-09T19:52:01","guid":{"rendered":"https:\/\/dobrezrodla.com\/?p=11456"},"modified":"2025-12-09T19:52:01","modified_gmt":"2025-12-09T19:52:01","slug":"corka-beaty-tyszkiewicz-opowiedziala-o-stanie-zdrowia-aktorki","status":"publish","type":"post","link":"https:\/\/dobrezrodla.com\/?p=11456","title":{"rendered":"C\u00f3rka Beaty Tyszkiewicz opowiedzia\u0142a o stanie zdrowia aktorki"},"content":{"rendered":"\n<p>W sobotnim wydaniu programu \u201ePytanie na \u015bniadanie\u201d go\u015bci\u0142a Karolina Wajda, c\u00f3rka legendarnej polskiej aktorki Beaty Tyszkiewicz.<\/p>\n\n\n\n<p>W rozmowie z Ann\u0105 Lewandowsk\u0105 opowiedzia\u0142a o swojej mamie, kt\u00f3ra od d\u0142u\u017cszego czasu unika \u017cycia publicznego i \u015bwiate\u0142 kamer.<\/p>\n\n\n\n<p>Na pytanie o samopoczucie Beaty Tyszkiewicz, Karolina z u\u015bmiechem zwr\u00f3ci\u0142a si\u0119 do kamer s\u0142owami:<\/p>\n\n\n\n<blockquote class=\"wp-block-quote is-layout-flow wp-block-quote-is-layout-flow\">\n<p>\u201eDzi\u0119kuj\u0119, je\u017celi nas ogl\u0105da, serdecznie j\u0105 pozdrawiam.\u201d<\/p>\n<\/blockquote>\n\n\n\n<p>Z jej tonu bi\u0142a ciep\u0142a nostalgia. Przyzna\u0142a, \u017ce podczas programu bardzo odczuwa\u0142a brak obecno\u015bci matki, kt\u00f3ra jeszcze niedawno cz\u0119sto pojawia\u0142a si\u0119 w porannym show. \u201eW\u0142a\u015bnie pomy\u015bla\u0142am sobie, \u017ce dzi\u015b bardzo jej tutaj brakuje. Spodoba\u0142oby si\u0119 jej nowe studio i inne miejsce\u201d \u2014 doda\u0142a c\u00f3rka aktorki.<\/p>\n\n\n\n<figure class=\"wp-block-image\"><img decoding=\"async\" src=\"https:\/\/bystragrazyna.pl\/wp-content\/uploads\/2025\/12\/2370.jpg\" alt=\"obrazek\"\/><\/figure>\n\n\n\n<p>Na zako\u0144czenie rozmowy zdradzi\u0142a, \u017ce po programie wybiera si\u0119 w odwiedziny do Beaty Tyszkiewicz, potwierdzaj\u0105c tym samym siln\u0105 wi\u0119\u017a rodzinn\u0105, mimo \u017ce obie publicznie funkcjonuj\u0105 w r\u00f3\u017cnych przestrzeniach.<\/p>\n\n\n\n<p>Rozmowa nie ograniczy\u0142a si\u0119 jednak wy\u0142\u0105cznie do spraw rodzinnych. Anna Lewandowska zapyta\u0142a Karolin\u0119 o jej w\u0142asn\u0105 \u015bcie\u017ck\u0119 zawodow\u0105. W przeciwie\u0144stwie do mamy, kt\u00f3ra zdoby\u0142a s\u0142aw\u0119 jako aktorka, Karolina wybra\u0142a \u017cycie z dala od reflektor\u00f3w, po\u015bwi\u0119caj\u0105c si\u0119 je\u017adziectwu i prowadzeniu stadniny koni.<\/p>\n\n\n\n<p>Zapytana, czy s\u0142ynne nazwisko jest dla niej pomoc\u0105 czy przeszkod\u0105, odpowiedzia\u0142a zdecydowanie:<\/p>\n\n\n\n<blockquote class=\"wp-block-quote is-layout-flow wp-block-quote-is-layout-flow\">\n<p>\u201eDla mnie nazwisko zawsze by\u0142o dobrodziejstwem.\u201d<\/p>\n<\/blockquote>\n\n\n\n<p>Doda\u0142a, \u017ce decyzja o odej\u015bciu od aktorskiej tradycji nie by\u0142a przypadkowa ani trudna z powodu presji, lecz by\u0142a \u015bwiadomym wyborem. Powiedzia\u0142a, \u017ce cho\u0107 bardzo lubi\u0142a atmosfer\u0119 na planach filmowych i kontakt z artystami oraz ekip\u0105, to bardziej poci\u0105ga\u0142a j\u0105 praca zza kulis ni\u017c wyst\u0119powanie przed kamer\u0105.<\/p>\n\n\n\n<p>Podczas wywiadu Karolina podkre\u015bli\u0142a, \u017ce odnalezienie w\u0142asnej drogi \u017cyciowej, niezale\u017cnej od osi\u0105gni\u0119\u0107 matki, da\u0142o jej poczucie spe\u0142nienia. Je\u017adziectwo to dla niej nie tylko hobby, lecz tak\u017ce podstawa zawodowej to\u017csamo\u015bci oraz \u017ar\u00f3d\u0142o codziennej rado\u015bci.<\/p>\n\n\n\n<p>Przyzna\u0142a, \u017ce \u017cycie w cieniu s\u0142awy matki i por\u00f3wnania do niej mog\u0142oby by\u0107 trudne, dlatego \u015bwiadomie wybra\u0142a w\u0142asn\u0105 \u015bcie\u017ck\u0119. Prowadzenie stadniny daje jej mo\u017cliwo\u015b\u0107 rozwoju wed\u0142ug w\u0142asnych zasad, satysfakcj\u0119 z pracy ze zwierz\u0119tami oraz \u017cycie z dala od zgie\u0142ku show-biznesu.<\/p>\n\n\n\n<p>Wyst\u0105pienie Karoliny Wajdy w porannym programie by\u0142o rzadk\u0105 okazj\u0105, by zajrze\u0107 za kulisy \u017cycia jednej z najbardziej rozpoznawalnych polskich rodzin artystycznych. Pokaza\u0142o ono nie tylko trwa\u0142\u0105 wi\u0119\u017a i g\u0142\u0119bok\u0105 trosk\u0119 \u0142\u0105cz\u0105c\u0105 c\u00f3rk\u0119 z matk\u0105, ale tak\u017ce si\u0142\u0119 charakteru Karoliny \u2014 kobiety, kt\u00f3ra z r\u00f3wnowag\u0105 pogodzi\u0142a dziedzictwo wielkiej s\u0142awy z kreowaniem w\u0142asnego, autentycznego \u017cycia opieraj\u0105cego si\u0119 na prostych rado\u015bciach, rodzinie i mi\u0142o\u015bci do koni.<\/p>\n\n\n\n<p>Stan zdrowia Beaty Tyszkiewicz, kt\u00f3ra w 2017 roku przesz\u0142a zawa\u0142 serca i wtedy zdecydowa\u0142a si\u0119 zako\u0144czy\u0107 karier\u0119, jest obecnie znacznie lepszy. Jej c\u00f3rka zapewnia, \u017ce aktorka ma w sobie du\u017co rado\u015bci \u017cycia, zachowuje doskona\u0142\u0105 form\u0119 umys\u0142ow\u0105 i nie brakuje jej poczucia humoru. Beata Tyszkiewicz nadal widzi \u015bwiat w pozytywnych barwach, cho\u0107 unika \u017cycia publicznego i medi\u00f3w. Ceni sobie niezale\u017cno\u015b\u0107 i nie chce obci\u0105\u017ca\u0107 innych swoj\u0105 s\u0142abo\u015bci\u0105. Nadal pozostaje jednak aktywna w gronie najbli\u017cszych przyjaci\u00f3\u0142 i rodziny.<\/p>\n\n\n\n<p>Karolina Wajda najcz\u0119\u015bciej odwiedza mam\u0119 i troszczy si\u0119 o jej komfort, cho\u0107 Beata Tyszkiewicz zdecydowa\u0142a si\u0119 pozosta\u0107 w swoim warszawskim apartamencie, zamiast przeprowadzi\u0107 si\u0119 do rodzinnego dworku w G\u0142uchach, kt\u00f3ry odziedziczy\u0142a po ojcu Karoliny, re\u017cyserze Andrzeju Wajdzie.<\/p>\n","protected":false},"excerpt":{"rendered":"<p>W sobotnim wydaniu programu \u201ePytanie na \u015bniadanie\u201d go\u015bci\u0142a Karolina Wajda, c\u00f3rka legendarnej polskiej aktorki Beaty Tyszkiewicz. W rozmowie z Ann\u0105 Lewandowsk\u0105 opowiedzia\u0142a o swojej mamie, kt\u00f3ra od d\u0142u\u017cszego czasu unika \u017cycia publicznego i \u015bwiate\u0142 kamer. Na pytanie o samopoczucie Beaty Tyszkiewicz, Karolina z u\u015bmiechem zwr\u00f3ci\u0142a si\u0119 do kamer s\u0142owami: \u201eDzi\u0119kuj\u0119, je\u017celi nas ogl\u0105da, serdecznie j\u0105 &#8230; <a title=\"C\u00f3rka Beaty Tyszkiewicz opowiedzia\u0142a o stanie zdrowia aktorki\" class=\"read-more\" href=\"https:\/\/dobrezrodla.com\/?p=11456\" aria-label=\"Read more about C\u00f3rka Beaty Tyszkiewicz opowiedzia\u0142a o stanie zdrowia aktorki\">Read more<\/a><\/p>\n","protected":false},"author":1,"featured_media":0,"comment_status":"open","ping_status":"open","sticky":false,"template":"","format":"standard","meta":{"footnotes":""},"categories":[1],"tags":[],"class_list":["post-11456","post","type-post","status-publish","format-standard","hentry","category-uncategorized"],"_links":{"self":[{"href":"https:\/\/dobrezrodla.com\/index.php?rest_route=\/wp\/v2\/posts\/11456","targetHints":{"allow":["GET"]}}],"collection":[{"href":"https:\/\/dobrezrodla.com\/index.php?rest_route=\/wp\/v2\/posts"}],"about":[{"href":"https:\/\/dobrezrodla.com\/index.php?rest_route=\/wp\/v2\/types\/post"}],"author":[{"embeddable":true,"href":"https:\/\/dobrezrodla.com\/index.php?rest_route=\/wp\/v2\/users\/1"}],"replies":[{"embeddable":true,"href":"https:\/\/dobrezrodla.com\/index.php?rest_route=%2Fwp%2Fv2%2Fcomments&post=11456"}],"version-history":[{"count":1,"href":"https:\/\/dobrezrodla.com\/index.php?rest_route=\/wp\/v2\/posts\/11456\/revisions"}],"predecessor-version":[{"id":11457,"href":"https:\/\/dobrezrodla.com\/index.php?rest_route=\/wp\/v2\/posts\/11456\/revisions\/11457"}],"wp:attachment":[{"href":"https:\/\/dobrezrodla.com\/index.php?rest_route=%2Fwp%2Fv2%2Fmedia&parent=11456"}],"wp:term":[{"taxonomy":"category","embeddable":true,"href":"https:\/\/dobrezrodla.com\/index.php?rest_route=%2Fwp%2Fv2%2Fcategories&post=11456"},{"taxonomy":"post_tag","embeddable":true,"href":"https:\/\/dobrezrodla.com\/index.php?rest_route=%2Fwp%2Fv2%2Ftags&post=11456"}],"curies":[{"name":"wp","href":"https:\/\/api.w.org\/{rel}","templated":true}]}}