{"id":11464,"date":"2025-12-09T19:57:47","date_gmt":"2025-12-09T19:57:47","guid":{"rendered":"https:\/\/dobrezrodla.com\/?p=11464"},"modified":"2025-12-09T19:57:47","modified_gmt":"2025-12-09T19:57:47","slug":"nieoczekiwany-gest-corki-nawrockiej-to-skradlo-show-w-palacu-prezydenckim","status":"publish","type":"post","link":"https:\/\/dobrezrodla.com\/?p=11464","title":{"rendered":"Nieoczekiwany gest c\u00f3rki Nawrockiej. To skrad\u0142o show w Pa\u0142acu Prezydenckim"},"content":{"rendered":"\n<p>Wielka Sie\u0144 Pa\u0142acu Prezydenckiego zamieni\u0142a si\u0119 w \u015bwi\u0105teczn\u0105 sal\u0119 balow\u0105. Marta Nawrocka zaprosi\u0142a uczni\u00f3w z Zakopanego, by wsp\u00f3lnie ubiera\u0107 choink\u0119 i celebrowa\u0107 nadchodz\u0105ce \u015bwi\u0119ta.<\/p>\n\n\n\n<p>Atmosfera by\u0142a rodzinna i radosna, ale uwag\u0119 wszystkich zwr\u00f3ci\u0142a na siebie najm\u0142odsza uczestniczka wydarzenia.<br>&nbsp;<\/p>\n\n\n\n<p>G\u00f3ralskie \u015bwi\u0119ta w Pa\u0142acu Prezydenckim<br>Pierwsza Dama postanowi\u0142a wprowadzi\u0107 \u015bwi\u0105teczny klimat do oficjalnej rezydencji.<\/p>\n\n\n\n<p>Na specjalne zaproszenie Marty Nawrockiej do Warszawy przyjechali uczniowie i nauczyciele z jednego z zakopia\u0144skich lice\u00f3w. G\u0142\u00f3wnym punktem programu by\u0142o wsp\u00f3lne ubieranie choinki w Sieni Wielkiej.<\/p>\n\n\n\n<p>M\u0142odzie\u017c przywioz\u0142a ze sob\u0105 r\u0119cznie robione ozdoby z papieru, drewna i kolorowych w\u0142\u00f3czek, nawi\u0105zuj\u0105ce do tradycji i kultury Podhala. Jak podkre\u015bli\u0142a Nawrocka w mediach spo\u0142eczno\u015bciowych, by\u0142o to pi\u0119kne \u015bwiadectwo dumy m\u0142odych ludzi z w\u0142asnego regionu. Spotkanie mia\u0142o szczeg\u00f3lny wymiar, poniewa\u017c szko\u0142a obchodzi wkr\u00f3tce 150-lecie dzia\u0142alno\u015bci.<\/p>\n\n\n\n<figure class=\"wp-block-image\"><img decoding=\"async\" src=\"https:\/\/strefa24.biz.ua\/wp-content\/uploads\/2025\/12\/image.png\" alt=\"\" class=\"wp-image-14746\"\/><\/figure>\n\n\n\n<p>Pierwsza Dama w g\u00f3ralskim ta\u0144cu<br>Wydarzenie szybko przenios\u0142o si\u0119 z ceremonii dekorowania drzewka do wsp\u00f3lnej zabawy. Marta Nawrocka, zawsze pe\u0142na energii i zaanga\u017cowania, nie pozosta\u0142a bierna. W mediach spo\u0142eczno\u015bciowych pojawi\u0142y si\u0119 materia\u0142y, na kt\u00f3rych wida\u0107, jak Pierwsza Dama wraz z go\u015b\u0107mi rusza w tany.<\/p>\n\n\n\n<p>Rytmy g\u00f3ralskiej muzyki wype\u0142ni\u0142y pa\u0142acowe komnaty, a atmosfera sta\u0142a si\u0119 i\u015bcie rodzinna. Nawrocka, ubrana w eleganck\u0105, czerwon\u0105 sukienk\u0119, z u\u015bmiechem odda\u0142a si\u0119 zabawie, pokazuj\u0105c kolejny raz sw\u00f3j naturalny i ciep\u0142y styl bycia, kt\u00f3ry tak bardzo podoba si\u0119 Polakom.<\/p>\n\n\n\n<p>Kasia Nawrocka jako niekwestionowana gwiazda wieczoru<br>Podczas gdy Marta Nawrocka dzielnie ta\u0144czy\u0142a, prawdziw\u0105 sensacj\u0105 wieczoru okaza\u0142a si\u0119 jej c\u00f3rka, Kasia. Dziewczynka towarzyszy\u0142a mamie podczas ca\u0142ego wydarzenia i czu\u0142a si\u0119 jak ryba w wodzie. Jej energia i dzieci\u0119ca rado\u015b\u0107 by\u0142y zara\u017aliwe.<\/p>\n\n\n\n<p>Kasia wyr\u00f3\u017cnia\u0142a si\u0119 nie tylko entuzjazmem, ale tak\u017ce stylizacj\u0105. Mia\u0142a na sobie eleganck\u0105, br\u0105zow\u0105 sukienk\u0119, ale najwi\u0119ksz\u0105 uwag\u0119 przyci\u0105ga\u0142 zabawny i uroczy dodatek \u2013 opaska z poro\u017cem renifera na g\u0142owie. Ten \u015bwi\u0105teczny akcent doskonale oddawa\u0142 beztrosk\u0119 i magi\u0119 oczekiwania na Bo\u017ce Narodzenie, kt\u00f3re wida\u0107 szczeg\u00f3lnie u dziecka.<\/p>\n\n\n\n<p>Ca\u0142e show, pomimo oficjalnego charakteru i obecno\u015bci Pierwszej Damy, ostatecznie skrad\u0142a jej c\u00f3rka. Kulminacyjnym momentem, kt\u00f3ry rozczuli\u0142 wszystkich obecnych, by\u0142 spontaniczny i bardzo szczery gest ma\u0142ej Kasi. Gdy pokaz ta\u0144ca g\u00f3ralskiego dobieg\u0142 ko\u0144ca, dziewczynka nagle podbieg\u0142a do tancerek i serdecznie je przytuli\u0142a.<\/p>\n\n\n\n<p>Ten niespodziewany, ciep\u0142y i ca\u0142kowicie naturalny odruch dziecka poruszy\u0142 serca nie tylko go\u015bci w pa\u0142acu, ale tak\u017ce obserwator\u00f3w w sieci. W tej jednej chwili Kasia Nawrocka, w swojej reniferowej opasce, pokaza\u0142a prawdziw\u0105, nieska\u017con\u0105 protoko\u0142em rado\u015b\u0107 i wdzi\u0119czno\u015b\u0107. To w\u0142a\u015bnie ten moment, a nie oficjalne ta\u0144ce czy dekorowanie choinki, zosta\u0142 zapami\u0119tany jako najcudowniejszy i najbardziej autentyczny fragment \u015bwi\u0105tecznego spotkania w Pa\u0142acu Prezydenckim.<\/p>\n\n\n\n<figure class=\"wp-block-image\"><img decoding=\"async\" src=\"https:\/\/strefa24.biz.ua\/wp-content\/uploads\/2025\/12\/image-1.png\" alt=\"\" class=\"wp-image-14747\"\/><\/figure>\n","protected":false},"excerpt":{"rendered":"<p>Wielka Sie\u0144 Pa\u0142acu Prezydenckiego zamieni\u0142a si\u0119 w \u015bwi\u0105teczn\u0105 sal\u0119 balow\u0105. Marta Nawrocka zaprosi\u0142a uczni\u00f3w z Zakopanego, by wsp\u00f3lnie ubiera\u0107 choink\u0119 i celebrowa\u0107 nadchodz\u0105ce \u015bwi\u0119ta. Atmosfera by\u0142a rodzinna i radosna, ale uwag\u0119 wszystkich zwr\u00f3ci\u0142a na siebie najm\u0142odsza uczestniczka wydarzenia.&nbsp; G\u00f3ralskie \u015bwi\u0119ta w Pa\u0142acu PrezydenckimPierwsza Dama postanowi\u0142a wprowadzi\u0107 \u015bwi\u0105teczny klimat do oficjalnej rezydencji. Na specjalne zaproszenie Marty &#8230; <a title=\"Nieoczekiwany gest c\u00f3rki Nawrockiej. To skrad\u0142o show w Pa\u0142acu Prezydenckim\" class=\"read-more\" href=\"https:\/\/dobrezrodla.com\/?p=11464\" aria-label=\"Read more about Nieoczekiwany gest c\u00f3rki Nawrockiej. To skrad\u0142o show w Pa\u0142acu Prezydenckim\">Read more<\/a><\/p>\n","protected":false},"author":1,"featured_media":0,"comment_status":"open","ping_status":"open","sticky":false,"template":"","format":"standard","meta":{"footnotes":""},"categories":[1],"tags":[],"class_list":["post-11464","post","type-post","status-publish","format-standard","hentry","category-uncategorized"],"_links":{"self":[{"href":"https:\/\/dobrezrodla.com\/index.php?rest_route=\/wp\/v2\/posts\/11464","targetHints":{"allow":["GET"]}}],"collection":[{"href":"https:\/\/dobrezrodla.com\/index.php?rest_route=\/wp\/v2\/posts"}],"about":[{"href":"https:\/\/dobrezrodla.com\/index.php?rest_route=\/wp\/v2\/types\/post"}],"author":[{"embeddable":true,"href":"https:\/\/dobrezrodla.com\/index.php?rest_route=\/wp\/v2\/users\/1"}],"replies":[{"embeddable":true,"href":"https:\/\/dobrezrodla.com\/index.php?rest_route=%2Fwp%2Fv2%2Fcomments&post=11464"}],"version-history":[{"count":1,"href":"https:\/\/dobrezrodla.com\/index.php?rest_route=\/wp\/v2\/posts\/11464\/revisions"}],"predecessor-version":[{"id":11465,"href":"https:\/\/dobrezrodla.com\/index.php?rest_route=\/wp\/v2\/posts\/11464\/revisions\/11465"}],"wp:attachment":[{"href":"https:\/\/dobrezrodla.com\/index.php?rest_route=%2Fwp%2Fv2%2Fmedia&parent=11464"}],"wp:term":[{"taxonomy":"category","embeddable":true,"href":"https:\/\/dobrezrodla.com\/index.php?rest_route=%2Fwp%2Fv2%2Fcategories&post=11464"},{"taxonomy":"post_tag","embeddable":true,"href":"https:\/\/dobrezrodla.com\/index.php?rest_route=%2Fwp%2Fv2%2Ftags&post=11464"}],"curies":[{"name":"wp","href":"https:\/\/api.w.org\/{rel}","templated":true}]}}