{"id":11499,"date":"2025-12-10T15:34:53","date_gmt":"2025-12-10T15:34:53","guid":{"rendered":"https:\/\/dobrezrodla.com\/?p=11499"},"modified":"2025-12-10T15:34:54","modified_gmt":"2025-12-10T15:34:54","slug":"ojciec-rydzyk-przed-prokuratura-i-pod-ostrzalem-pytan-nie-rozmawiam-z-tvn-em-prosze-nie-molestowac","status":"publish","type":"post","link":"https:\/\/dobrezrodla.com\/?p=11499","title":{"rendered":"Ojciec Rydzyk przed prokuratur\u0105 i pod ostrza\u0142em pyta\u0144. &#8220;Nie rozmawiam z TVN-em. Prosz\u0119 nie molestowa\u0107&#8221;"},"content":{"rendered":"\n<p>W Rzeszowie dosz\u0142o dzi\u015b do medialnego zgrzytu z udzia\u0142em ojca Tadeusza Rydzyka. Redemptorysta pojawi\u0142 si\u0119 w tamtejszej Prokuraturze Regionalnej, gdzie mia\u0142 z\u0142o\u017cy\u0107 zeznania jako \u015bwiadek w sprawie kontrowersyjnego finansowania Muzeum &#8220;Pami\u0119\u0107 i To\u017csamo\u015b\u0107&#8221;, kt\u00f3re powstaje pod auspicjami jego Fundacji Lux Veritatis.<\/p>\n\n\n\n<p>Od 2018 do 2023 roku na ten projekt pop\u0142yn\u0119\u0142o z Ministerstwa Kultury niemal 220 milion\u00f3w z\u0142otych. Nic wi\u0119c dziwnego, \u017ce obecno\u015b\u0107 duchownego wzbudzi\u0142a zainteresowanie medi\u00f3w \u2013 i emocje.<\/p>\n\n\n\n<p>Przed budynkiem prokuratury zebra\u0142o si\u0119 oko\u0142o 60 os\u00f3b \u2013 odmawiano r\u00f3\u017caniec, powiewa\u0142y bia\u0142o-czerwone flagi, a transparenty g\u0142osi\u0142y m.in. &#8220;Nie t\u0119czowa, nie laicka, ale Polska katolicka&#8221;. Nad bezpiecze\u0144stwem czuwa\u0142a policja.<\/p>\n\n\n\n<p>Rydzyk, zmierzaj\u0105c na przes\u0142uchanie, stanowczo odci\u0105\u0142 si\u0119 od niewygodnych pyta\u0144 dziennikarzy. \u2013 <em>Prosz\u0119 mnie nie molestowa\u0107<\/em> \u2013 powiedzia\u0142 do jednego z reporter\u00f3w. \u2013 <em>Nie rozmawiam z TVN-em<\/em> \u2013 doda\u0142, po czym r\u00f3wnie\u017c TVP Info odm\u00f3wi\u0142 komentarza, deklaruj\u0105c, \u017ce udziela wypowiedzi wy\u0142\u0105cznie &#8220;polskim mediom&#8221;.<\/p>\n","protected":false},"excerpt":{"rendered":"<p>W Rzeszowie dosz\u0142o dzi\u015b do medialnego zgrzytu z udzia\u0142em ojca Tadeusza Rydzyka. Redemptorysta pojawi\u0142 si\u0119 w tamtejszej Prokuraturze Regionalnej, gdzie mia\u0142 z\u0142o\u017cy\u0107 zeznania jako \u015bwiadek w sprawie kontrowersyjnego finansowania Muzeum &#8220;Pami\u0119\u0107 i To\u017csamo\u015b\u0107&#8221;, kt\u00f3re powstaje pod auspicjami jego Fundacji Lux Veritatis. Od 2018 do 2023 roku na ten projekt pop\u0142yn\u0119\u0142o z Ministerstwa Kultury niemal 220 &#8230; <a title=\"Ojciec Rydzyk przed prokuratur\u0105 i pod ostrza\u0142em pyta\u0144. &#8220;Nie rozmawiam z TVN-em. Prosz\u0119 nie molestowa\u0107&#8221;\" class=\"read-more\" href=\"https:\/\/dobrezrodla.com\/?p=11499\" aria-label=\"Read more about Ojciec Rydzyk przed prokuratur\u0105 i pod ostrza\u0142em pyta\u0144. &#8220;Nie rozmawiam z TVN-em. Prosz\u0119 nie molestowa\u0107&#8221;\">Read more<\/a><\/p>\n","protected":false},"author":1,"featured_media":0,"comment_status":"open","ping_status":"open","sticky":false,"template":"","format":"standard","meta":{"footnotes":""},"categories":[1],"tags":[],"class_list":["post-11499","post","type-post","status-publish","format-standard","hentry","category-uncategorized"],"_links":{"self":[{"href":"https:\/\/dobrezrodla.com\/index.php?rest_route=\/wp\/v2\/posts\/11499","targetHints":{"allow":["GET"]}}],"collection":[{"href":"https:\/\/dobrezrodla.com\/index.php?rest_route=\/wp\/v2\/posts"}],"about":[{"href":"https:\/\/dobrezrodla.com\/index.php?rest_route=\/wp\/v2\/types\/post"}],"author":[{"embeddable":true,"href":"https:\/\/dobrezrodla.com\/index.php?rest_route=\/wp\/v2\/users\/1"}],"replies":[{"embeddable":true,"href":"https:\/\/dobrezrodla.com\/index.php?rest_route=%2Fwp%2Fv2%2Fcomments&post=11499"}],"version-history":[{"count":1,"href":"https:\/\/dobrezrodla.com\/index.php?rest_route=\/wp\/v2\/posts\/11499\/revisions"}],"predecessor-version":[{"id":11500,"href":"https:\/\/dobrezrodla.com\/index.php?rest_route=\/wp\/v2\/posts\/11499\/revisions\/11500"}],"wp:attachment":[{"href":"https:\/\/dobrezrodla.com\/index.php?rest_route=%2Fwp%2Fv2%2Fmedia&parent=11499"}],"wp:term":[{"taxonomy":"category","embeddable":true,"href":"https:\/\/dobrezrodla.com\/index.php?rest_route=%2Fwp%2Fv2%2Fcategories&post=11499"},{"taxonomy":"post_tag","embeddable":true,"href":"https:\/\/dobrezrodla.com\/index.php?rest_route=%2Fwp%2Fv2%2Ftags&post=11499"}],"curies":[{"name":"wp","href":"https:\/\/api.w.org\/{rel}","templated":true}]}}