{"id":11501,"date":"2025-12-10T15:38:26","date_gmt":"2025-12-10T15:38:26","guid":{"rendered":"https:\/\/dobrezrodla.com\/?p=11501"},"modified":"2025-12-10T15:38:26","modified_gmt":"2025-12-10T15:38:26","slug":"wielkie-swieto-radia-maryja-i-list-pelen-pochwal-prezydent-nawrocki-nie-szczedzil-slow-uznania","status":"publish","type":"post","link":"https:\/\/dobrezrodla.com\/?p=11501","title":{"rendered":"Wielkie \u015bwi\u0119to Radia Maryja i list pe\u0142en pochwa\u0142. Prezydent Nawrocki nie szcz\u0119dzi\u0142 s\u0142\u00f3w uznania"},"content":{"rendered":"\n<p>W Toruniu odby\u0142y si\u0119 huczne obchody 34. rocznicy istnienia Radia Maryja. W wydarzeniu, kt\u00f3re zgromadzi\u0142o hierarch\u00f3w Ko\u015bcio\u0142a i tysi\u0105ce wiernych, nie zabrak\u0142o te\u017c mocnych s\u0142\u00f3w wsparcia od prezydenta Karola Nawrockiego, kt\u00f3ry w specjalnym li\u015bcie wyrazi\u0142 g\u0142\u0119boki podziw dla dzia\u0142alno\u015bci rozg\u0142o\u015bni.<\/p>\n\n\n\n<p>List odczyta\u0142 szef prezydenckiej kancelarii Zbigniew Bogucki. Nawrocki podkre\u015bli\u0142, \u017ce Radio Maryja to nie tylko g\u0142os duchowy, ale i narodowy \u2013 niezale\u017cna stacja zakorzeniona w polskiej to\u017csamo\u015bci, kt\u00f3ra przez dekady wspiera\u0142a s\u0142uchaczy w czasach przemian i niepokoju.<\/p>\n\n\n\n<p>Mszy \u015bwi\u0119tej podczas uroczysto\u015bci przewodniczy\u0142 kard. Gerhard M\u00fcller, by\u0142y prefekt Kongregacji Nauki Wiary. W swojej homilii nazwa\u0142 Radio Maryja \u201eg\u0142osem, kt\u00f3ry budzi sumienia i umacnia w wierze\u201d.<\/p>\n\n\n\n<p>Prezydent Nawrocki skierowa\u0142 osobiste gratulacje do ojca Tadeusza Rydzyka i redemptoryst\u00f3w, nazywaj\u0105c rozg\u0142o\u015bni\u0119 \u201ewiarygodnym g\u0142osicielem prawdy, jedno\u015bci i wierno\u015bci\u201d. Zaznaczy\u0142, \u017ce dzia\u0142alno\u015b\u0107 Radia Maryja to \u201eunikalny o\u015brodek namys\u0142u nad sprawami Ojczyzny\u201d i duchowa kotwica dla milion\u00f3w Polak\u00f3w.<\/p>\n\n\n\n<p>Radio Maryja nadaje od 1991 roku, a jego pocz\u0105tki by\u0142y skromne \u2013 sygna\u0142 obejmowa\u0142 tylko Toru\u0144, Bydgoszcz i okoliczne miejscowo\u015bci. Dzi\u015b to og\u00f3lnopolska i mi\u0119dzynarodowa platforma, skupiaj\u0105ca rzesze s\u0142uchaczy i sympatyk\u00f3w.<\/p>\n","protected":false},"excerpt":{"rendered":"<p>W Toruniu odby\u0142y si\u0119 huczne obchody 34. rocznicy istnienia Radia Maryja. W wydarzeniu, kt\u00f3re zgromadzi\u0142o hierarch\u00f3w Ko\u015bcio\u0142a i tysi\u0105ce wiernych, nie zabrak\u0142o te\u017c mocnych s\u0142\u00f3w wsparcia od prezydenta Karola Nawrockiego, kt\u00f3ry w specjalnym li\u015bcie wyrazi\u0142 g\u0142\u0119boki podziw dla dzia\u0142alno\u015bci rozg\u0142o\u015bni. List odczyta\u0142 szef prezydenckiej kancelarii Zbigniew Bogucki. Nawrocki podkre\u015bli\u0142, \u017ce Radio Maryja to nie tylko &#8230; <a title=\"Wielkie \u015bwi\u0119to Radia Maryja i list pe\u0142en pochwa\u0142. Prezydent Nawrocki nie szcz\u0119dzi\u0142 s\u0142\u00f3w uznania\" class=\"read-more\" href=\"https:\/\/dobrezrodla.com\/?p=11501\" aria-label=\"Read more about Wielkie \u015bwi\u0119to Radia Maryja i list pe\u0142en pochwa\u0142. Prezydent Nawrocki nie szcz\u0119dzi\u0142 s\u0142\u00f3w uznania\">Read more<\/a><\/p>\n","protected":false},"author":1,"featured_media":0,"comment_status":"open","ping_status":"open","sticky":false,"template":"","format":"standard","meta":{"footnotes":""},"categories":[1],"tags":[],"class_list":["post-11501","post","type-post","status-publish","format-standard","hentry","category-uncategorized"],"_links":{"self":[{"href":"https:\/\/dobrezrodla.com\/index.php?rest_route=\/wp\/v2\/posts\/11501","targetHints":{"allow":["GET"]}}],"collection":[{"href":"https:\/\/dobrezrodla.com\/index.php?rest_route=\/wp\/v2\/posts"}],"about":[{"href":"https:\/\/dobrezrodla.com\/index.php?rest_route=\/wp\/v2\/types\/post"}],"author":[{"embeddable":true,"href":"https:\/\/dobrezrodla.com\/index.php?rest_route=\/wp\/v2\/users\/1"}],"replies":[{"embeddable":true,"href":"https:\/\/dobrezrodla.com\/index.php?rest_route=%2Fwp%2Fv2%2Fcomments&post=11501"}],"version-history":[{"count":1,"href":"https:\/\/dobrezrodla.com\/index.php?rest_route=\/wp\/v2\/posts\/11501\/revisions"}],"predecessor-version":[{"id":11502,"href":"https:\/\/dobrezrodla.com\/index.php?rest_route=\/wp\/v2\/posts\/11501\/revisions\/11502"}],"wp:attachment":[{"href":"https:\/\/dobrezrodla.com\/index.php?rest_route=%2Fwp%2Fv2%2Fmedia&parent=11501"}],"wp:term":[{"taxonomy":"category","embeddable":true,"href":"https:\/\/dobrezrodla.com\/index.php?rest_route=%2Fwp%2Fv2%2Fcategories&post=11501"},{"taxonomy":"post_tag","embeddable":true,"href":"https:\/\/dobrezrodla.com\/index.php?rest_route=%2Fwp%2Fv2%2Ftags&post=11501"}],"curies":[{"name":"wp","href":"https:\/\/api.w.org\/{rel}","templated":true}]}}