{"id":11523,"date":"2025-12-10T16:23:56","date_gmt":"2025-12-10T16:23:56","guid":{"rendered":"https:\/\/dobrezrodla.com\/?p=11523"},"modified":"2025-12-10T16:23:57","modified_gmt":"2025-12-10T16:23:57","slug":"karol-nawrocki-ostro-o-lechu-walesie-slowa-ktore-wywolaly-burze-2","status":"publish","type":"post","link":"https:\/\/dobrezrodla.com\/?p=11523","title":{"rendered":"KAROL NAWROCKI OSTRO O LECHU WA\u0141\u0118SIE \u2013 S\u0141OWA, KT\u00d3RE WYWO\u0141A\u0141Y BURZ\u0118"},"content":{"rendered":"\n<p>Podczas obchod\u00f3w 45. rocznicy podpisania Porozumie\u0144 Sierpniowych w Gda\u0144sku atmosfera by\u0142a pe\u0142na emocji. To w\u0142a\u015bnie wtedy prezydent Karol Nawrocki, zamiast ograniczy\u0107 si\u0119 do historycznego podsumowania i wspomnienia o jedno\u015bci tamtych dni, postanowi\u0142 mocno uderzy\u0107 w Lecha Wa\u0142\u0119s\u0119. Jego s\u0142owa odbi\u0142y si\u0119 szerokim echem, bo dotkn\u0119\u0142y wra\u017cliwego tematu, kt\u00f3ry od lat budzi kontrowersje \u2013 przesz\u0142o\u015bci by\u0142ego prezydenta i laureata Pokojowej Nagrody Nobla.<\/p>\n\n\n\n<p>Lech Wa\u0142\u0119sa od dekad pozostaje postaci\u0105 symboliczn\u0105. Dla jednych jest ikon\u0105 walki o wolno\u015b\u0107 i twarz\u0105 \u201eSolidarno\u015bci\u201d, dla innych bohaterem o mocno nadszarpni\u0119tym wizerunku. Od lat towarzysz\u0105 mu oskar\u017cenia o wsp\u00f3\u0142prac\u0119 ze S\u0142u\u017cb\u0105 Bezpiecze\u0144stwa w czasach PRL. Sam Wa\u0142\u0119sa stanowczo im zaprzecza, ale dyskusja wci\u0105\u017c wraca. W 2017 roku IPN og\u0142osi\u0142 ekspertyz\u0119, wed\u0142ug kt\u00f3rej mia\u0142 podpisa\u0107 zobowi\u0105zanie do wsp\u00f3\u0142pracy pod pseudonimem \u201eBolek\u201d. Cho\u0107 Wa\u0142\u0119sa konsekwentnie nazywa to pom\u00f3wieniami, temat nie daje o sobie zapomnie\u0107.<\/p>\n\n\n\n<p>Podczas wyst\u0105pienia Karol Nawrocki z jednej strony uzna\u0142, \u017ce Wa\u0142\u0119sa by\u0142 przewodnicz\u0105cym \u201eSolidarno\u015bci\u201d, ale od razu doda\u0142, \u017ce nie wolno zapomina\u0107 o ca\u0142ej prawdzie. \u201eNikt nie zabroni nam m\u00f3wi\u0107 rzetelnie o tym, kim by\u0142 Lech Wa\u0142\u0119sa\u201d \u2013 powiedzia\u0142 prezydent, dzi\u0119kuj\u0105c historykowi S\u0142awomirowi Cenckiewiczowi za dokumentowanie przesz\u0142o\u015bci by\u0142ego prezydenta. Te s\u0142owa wywo\u0142a\u0142y fal\u0119 komentarzy, bo pad\u0142y w wyj\u0105tkowo symbolicznej chwili \u2013 podczas \u015bwi\u0119ta, kt\u00f3re powinno \u0142\u0105czy\u0107, a nie dzieli\u0107.<\/p>\n\n\n\n<p>Sam pami\u0119tam, jak m\u00f3j dziadek opowiada\u0142 o pierwszych strajkach w latach 80. \u2013 dla niego Wa\u0142\u0119sa by\u0142 bohaterem, kt\u00f3ry dawa\u0142 ludziom nadziej\u0119. Dzi\u015b, gdy w mediach pojawiaj\u0105 si\u0119 kolejne raporty i opinie, starsze pokolenia czuj\u0105 si\u0119 zdezorientowane. Z jednej strony legenda, z drugiej \u2013 dokumenty i zarzuty. Historia bywa skomplikowana i pe\u0142na odcieni szaro\u015bci. Politycy powinni o tym pami\u0119ta\u0107, bo ka\u017cde mocne s\u0142owo wypowiedziane publicznie ma realny wp\u0142yw na spos\u00f3b, w jaki kolejne pokolenia b\u0119d\u0105 ocenia\u0142y bohater\u00f3w swojej historii.<\/p>\n\n\n\n<p>Relacja mi\u0119dzy Wa\u0142\u0119s\u0105 a Nawrockim od dawna nie nale\u017cy do \u0142atwych. By\u0142y prezydent nie raz krytykowa\u0142 obecnego, a nawet publicznie podwa\u017ca\u0142 wyniki wybor\u00f3w, sugeruj\u0105c, \u017ce prawdziwym zwyci\u0119zc\u0105 by\u0142 Rafa\u0142 Trzaskowski. Nawrocki nie pozosta\u0142 d\u0142u\u017cny i jego wypowied\u017a z rocznicy Porozumie\u0144 mo\u017cna odczyta\u0107 w\u0142a\u015bnie jako odpowied\u017a na wcze\u015bniejsze przytyki. To kolejny dow\u00f3d na to, \u017ce polska scena polityczna nie zna poj\u0119cia \u201eciszy wyborczej\u201d \u2013 nawet historyczne rocznice staj\u0105 si\u0119 aren\u0105 ostrych s\u0142ownych star\u0107.<\/p>\n\n\n\n<p>Mo\u017cna zapyta\u0107, czy to by\u0142 w\u0142a\u015bciwy moment na rozliczenia. Rocznica Sierpnia \u201980 mia\u0142a by\u0107 przede wszystkim okazj\u0105 do wsp\u00f3lnego \u015bwi\u0119towania, a jednak zosta\u0142a zdominowana przez kontrowersyjn\u0105 wymian\u0119 zda\u0144. Z mojego do\u015bwiadczenia wynika, \u017ce takie sytuacje tylko pog\u0142\u0119biaj\u0105 podzia\u0142y. Pami\u0119tam, jak podczas jednej z debat w moim mie\u015bcie temat lokalnych bohater\u00f3w r\u00f3wnie\u017c zosta\u0142 wykorzystany do politycznej walki. Zamiast wsp\u00f3lnej dumy, sko\u0144czy\u0142o si\u0119 k\u0142\u00f3tni\u0105 i obra\u017caniem. Podobny klimat mo\u017cna odczu\u0107 teraz, gdy media rozpisuj\u0105 si\u0119 o s\u0142owach Nawrockiego.<\/p>\n\n\n\n<p>Niezale\u017cnie od tego, po kt\u00f3rej stronie tej dyskusji si\u0119 stoi, jedno jest pewne \u2013 warto uczy\u0107 si\u0119 krytycznego podej\u015bcia do historii. Dokumenty nale\u017cy bada\u0107, opinie weryfikowa\u0107, a legendy analizowa\u0107 z r\u00f3\u017cnych perspektyw. To naturalne, \u017ce symbole narodowe wzbudzaj\u0105 emocje, ale jeszcze wa\u017cniejsze, by umie\u0107 rozmawia\u0107 o nich bez nienawi\u015bci. Historia Wa\u0142\u0119sy, podobnie jak innych przyw\u00f3dc\u00f3w, pokazuje, \u017ce cz\u0142owiek mo\u017ce by\u0107 jednocze\u015bnie bohaterem i postaci\u0105 kontrowersyjn\u0105.<\/p>\n\n\n\n<p>Karol Nawrocki swoim wyst\u0105pieniem podczas rocznicy Porozumie\u0144 Sierpniowych zn\u00f3w rozpali\u0142 emocje wok\u00f3\u0142 postaci Lecha Wa\u0142\u0119sy. Jego s\u0142owa o \u201em\u00f3wieniu prawdy\u201d odebrane zosta\u0142y jako ostry atak, a dla wielu tak\u017ce jako niepotrzebne dolewanie oliwy do ognia. Czy posz\u0142o \u201ea\u017c w pi\u0119ty\u201d? Z pewno\u015bci\u0105. Historia Wa\u0142\u0119sy pozostanie tematem spor\u00f3w, a ka\u017cde kolejne wyst\u0105pienie przypomina, \u017ce pami\u0119\u0107 o przesz\u0142o\u015bci to nie tylko fakty, ale te\u017c emocje i polityczne kalkulacje.<\/p>\n","protected":false},"excerpt":{"rendered":"<p>Podczas obchod\u00f3w 45. rocznicy podpisania Porozumie\u0144 Sierpniowych w Gda\u0144sku atmosfera by\u0142a pe\u0142na emocji. To w\u0142a\u015bnie wtedy prezydent Karol Nawrocki, zamiast ograniczy\u0107 si\u0119 do historycznego podsumowania i wspomnienia o jedno\u015bci tamtych dni, postanowi\u0142 mocno uderzy\u0107 w Lecha Wa\u0142\u0119s\u0119. Jego s\u0142owa odbi\u0142y si\u0119 szerokim echem, bo dotkn\u0119\u0142y wra\u017cliwego tematu, kt\u00f3ry od lat budzi kontrowersje \u2013 przesz\u0142o\u015bci by\u0142ego &#8230; <a title=\"KAROL NAWROCKI OSTRO O LECHU WA\u0141\u0118SIE \u2013 S\u0141OWA, KT\u00d3RE WYWO\u0141A\u0141Y BURZ\u0118\" class=\"read-more\" href=\"https:\/\/dobrezrodla.com\/?p=11523\" aria-label=\"Read more about KAROL NAWROCKI OSTRO O LECHU WA\u0141\u0118SIE \u2013 S\u0141OWA, KT\u00d3RE WYWO\u0141A\u0141Y BURZ\u0118\">Read more<\/a><\/p>\n","protected":false},"author":1,"featured_media":0,"comment_status":"open","ping_status":"open","sticky":false,"template":"","format":"standard","meta":{"footnotes":""},"categories":[1],"tags":[],"class_list":["post-11523","post","type-post","status-publish","format-standard","hentry","category-uncategorized"],"_links":{"self":[{"href":"https:\/\/dobrezrodla.com\/index.php?rest_route=\/wp\/v2\/posts\/11523","targetHints":{"allow":["GET"]}}],"collection":[{"href":"https:\/\/dobrezrodla.com\/index.php?rest_route=\/wp\/v2\/posts"}],"about":[{"href":"https:\/\/dobrezrodla.com\/index.php?rest_route=\/wp\/v2\/types\/post"}],"author":[{"embeddable":true,"href":"https:\/\/dobrezrodla.com\/index.php?rest_route=\/wp\/v2\/users\/1"}],"replies":[{"embeddable":true,"href":"https:\/\/dobrezrodla.com\/index.php?rest_route=%2Fwp%2Fv2%2Fcomments&post=11523"}],"version-history":[{"count":1,"href":"https:\/\/dobrezrodla.com\/index.php?rest_route=\/wp\/v2\/posts\/11523\/revisions"}],"predecessor-version":[{"id":11524,"href":"https:\/\/dobrezrodla.com\/index.php?rest_route=\/wp\/v2\/posts\/11523\/revisions\/11524"}],"wp:attachment":[{"href":"https:\/\/dobrezrodla.com\/index.php?rest_route=%2Fwp%2Fv2%2Fmedia&parent=11523"}],"wp:term":[{"taxonomy":"category","embeddable":true,"href":"https:\/\/dobrezrodla.com\/index.php?rest_route=%2Fwp%2Fv2%2Fcategories&post=11523"},{"taxonomy":"post_tag","embeddable":true,"href":"https:\/\/dobrezrodla.com\/index.php?rest_route=%2Fwp%2Fv2%2Ftags&post=11523"}],"curies":[{"name":"wp","href":"https:\/\/api.w.org\/{rel}","templated":true}]}}