{"id":11535,"date":"2025-12-10T17:33:43","date_gmt":"2025-12-10T17:33:43","guid":{"rendered":"https:\/\/dobrezrodla.com\/?p=11535"},"modified":"2025-12-10T17:33:43","modified_gmt":"2025-12-10T17:33:43","slug":"marta-nawrocka-zabrala-glos-ws-kasi-i-antka-pilnuje-by-ich-codziennosc-wygladala-tak-zwyczajnie-jak-to-tylko-mozliwe","status":"publish","type":"post","link":"https:\/\/dobrezrodla.com\/?p=11535","title":{"rendered":"Marta Nawrocka zabra\u0142a g\u0142os ws. Kasi i Antka. Pilnuje, by ich codzienno\u015b\u0107 wygl\u0105da\u0142a tak zwyczajnie, jak to tylko mo\u017cliwe"},"content":{"rendered":"\n<p>Marta Nawrocka zabra\u0142a g\u0142os i wspomnia\u0142a o swojej c\u00f3rce Kasi. Pad\u0142y bardzo wa\u017cne s\u0142owa&nbsp;<\/p>\n\n\n\n<p>Rodzina Marty Nawrockiej<br>Wiele zainteresowania wzbudza \u017cycie prywatne nowego prezydenta \u2013 Karola Nawrockiego. \u017bon\u0105 prezydenta jest Marta Nawrockiej, kt\u00f3ra dotychczas pracowa\u0142a w Krajowej Administracji Skarbowej.<\/p>\n\n\n\n<p>Nie ka\u017cdy wie, \u017ce para prezydencka wychowuje tr\u00f3jk\u0119 dzieci:&nbsp;<\/p>\n\n\n\n<ul class=\"wp-block-list\">\n<li>22-letniego Daniela Nawrockiego, syna Marty Nawrockiej z pierwszego zwi\u0105zku, kt\u00f3rego Karol Nawrocki usynowi\u0142.<\/li>\n\n\n\n<li>15-letniego Antoniego Nawrockiego,<\/li>\n\n\n\n<li>7-letni\u0105 Kasi\u0119 Nawrock\u0105.<\/li>\n<\/ul>\n\n\n\n<p>Wiele emocji wzbudza szczeg\u00f3lnie Kasia Nawrocka, czyli najm\u0142odsza c\u00f3reczka pary prezydenckiej \u2013 Karola Nawrockiego i Marty Nawrockiej. 7-letnia Kasia da\u0142a si\u0119 pozna\u0107 szerszej publiczno\u015bci jako bardzo rezolutna i u\u015bmiechni\u0119ta dziewczynka. G\u0142o\u015bno by\u0142o o jej zachowaniu w czasie wieczoru wyborczego Karola Nawrockiego.<\/p>\n\n\n\n<p>Dziewczyna zachowywa\u0142a si\u0119 w\u00f3wczas bardzo entuzjastycznie, co nie mo\u017ce dziwi\u0107, bior\u0105c pod uwag\u0119 jej bardzo m\u0142ody wiek. Niestety, Kasia Nawrocka spotka\u0142a si\u0119 tak\u017ce z krytyk\u0105 niekt\u00f3rych \u015brodowisk. Na dziewczynk\u0119 wyla\u0142 si\u0119 w\u00f3wczas potworny hejt, co zdecydowanie nale\u017cy pot\u0119pi\u0107.<\/p>\n\n\n\n<p>G\u0142o\u015bno o Kasi Nawrockiej by\u0142o tak\u017ce wtedy, gdy na ceremonii zaprzysi\u0119\u017cenia nowego prezydenta Polski podesz\u0142a do wujka Karola Nawrockiego \u2013 Waldemara Nawrockiego i doradzi\u0142a mu, kiedy rozpina\u0107, a kiedy zapina\u0107 koszul\u0119.&nbsp;<\/p>\n\n\n\n<figure class=\"wp-block-image\"><img decoding=\"async\" src=\"https:\/\/strefa24.biz.ua\/wp-content\/uploads\/2025\/12\/image-2.png\" alt=\"\" class=\"wp-image-14844\"\/><\/figure>\n\n\n\n<p>Kasia Nawrocka doczeka\u0142a si\u0119 pseudonimu<br>Kasia Nawrocka, najm\u0142odsza c\u00f3rka prezydenckiej pary, w naturalny spos\u00f3b zwr\u00f3ci\u0142a na siebie uwag\u0119 opinii publicznej. Ka\u017cde jej zdj\u0119cie opublikowane przez jej mam\u0119 w mediach spo\u0142eczno\u015bciowych spotyka si\u0119 z fal\u0105 komentarzy. Ona sama podobno stroi si\u0119 tam, gdzie jej matka \u2013 czyli w zak\u0142adzie krawieckim Jaros\u0142awa Konaszewskiego, mieszcz\u0105cym si\u0119 przy ulicy Stary Rynek Oliwski 5 w Gda\u0144sku. Jak sam krawiec m\u00f3wi\u0142 w rozmowie z \u201eFaktem\u201d, Kasia Nawrocka, wybieraj\u0105c kreacje, inspiruje si\u0119 swoj\u0105 mam\u0105 Mart\u0105 Nawrock\u0105.<\/p>\n\n\n\n<p>C\u00f3reczka pary prezydenckiej jest nasz\u0105 najs\u0142odsz\u0105 klientk\u0105 \u2013 wsp\u00f3\u0142praca z ni\u0105 to czysta przyjemno\u015b\u0107. Uwielbia przymiarki i czas sp\u0119dzany w pracowni. Cz\u0119sto inspiruje si\u0119 kreacjami swojej mamy, chc\u0105c, by ich stylizacje by\u0142y sp\u00f3jne.<\/p>\n\n\n\n<p>Nie mo\u017ce dziwi\u0107 wi\u0119c fakt, \u017ce sympatycy pary prezydenckiej nadali Kasi Nawrockiej bardzo znamienny pseudonim. \u201eSuper Express\u201d donosi, \u017ce w sieci zacz\u0119\u0142y kr\u0105\u017cy\u0107 ciep\u0142e okre\u015blenia: \u201edruga dama\u201d oraz \u201ema\u0142a dama\u201d. Dla wielu os\u00f3b ten pseudonim doskonale oddaje rol\u0119 dziewczynki w rodzinie prezydenckiej \u2013 jest najm\u0142odsza, a zarazem pe\u0142na dzieci\u0119cego wdzi\u0119ku. Nie da si\u0119 ukry\u0107, \u017ce Kasia Nawrocka w pe\u0142ni wi\u0119c na ten wyj\u0105tkowy pseudonim zas\u0142u\u017cy\u0142a.&nbsp;<\/p>\n\n\n\n<p>Marta Nawrocka zabra\u0142a g\u0142os ws. dzieci<br>Teraz Nawrocka udzieli\u0142a wywiadu portalowi wpolsce24.tv, w kt\u00f3rym szerzej opowiedzia\u0142a o tym, jak wygl\u0105da jej codzienno\u015b\u0107 odk\u0105d zosta\u0142a Pierwsz\u0105 Dam\u0105. Jak przyzna\u0142a, nowa rola jej m\u0119\u017ca przynios\u0142a do ich \u017cycia wiele zmian, a cz\u0119\u015b\u0107 z nich wymaga\u0142a od niej przestawienia si\u0119 na tryb funkcjonowania pod dyktando \u015bcis\u0142ych regu\u0142.<\/p>\n\n\n\n<p>Zapytana o to, co konkretnie si\u0119 zmieni\u0142o, odpowiedzia\u0142a bez wahania:<\/p>\n\n\n\n<p>No zmieni\u0142o si\u0119 tak, \u017ce nie przejad\u0119 si\u0119 metrem, tak jak redaktor je\u017adzi metrem do pracy. Nie kieruj\u0119 samochodem. Tak, te\u017c ubolewam nad tym, bo bardzo lubi\u0119 kierowa\u0107 autem, ale te\u017c zosta\u0142a normalno\u015b\u0107 w tym wszystkim \u2013 m\u00f3wi\u0142a, podkre\u015blaj\u0105c, \u017ce mimo ogranicze\u0144 stara si\u0119 zachowa\u0107 mo\u017cliwie naturalny rytm \u017cycia.<\/p>\n\n\n\n<p>W rozmowie wspomnia\u0142a r\u00f3wnie\u017c o wychowaniu dw\u00f3jki m\u0142odszych dzieci. Jak zaznacza, pilnuje, by ich codzienno\u015b\u0107 wygl\u0105da\u0142a tak zwyczajnie, jak to tylko mo\u017cliwe.<\/p>\n\n\n\n<p>\u2013Mam ma\u0142e dzieci. Antek gra w pi\u0142k\u0119, chce i\u015b\u0107 na trening, na boisko, a Kasia chce i\u015b\u0107 na plac zabaw do dzieci, wi\u0119c to robimy. Chce i\u015b\u0107 na rower \u2013 idziemy, ubieramy kaski, jedziemy. I podoba mi si\u0119 to w naszym spo\u0142ecze\u0144stwie, \u017ce jak widz\u0105, \u017ce jestem prywatnie z dzie\u0107mi, u\u015bmiechn\u0105 si\u0119, pomachaj\u0105, pozdrowi\u0105, ale nie naruszaj\u0105 tej przestrzeni prywatnej. I to mi si\u0119 bardzo podoba \u2013 przyzna\u0142a.<\/p>\n\n\n\n<figure class=\"wp-block-image\"><img decoding=\"async\" src=\"https:\/\/strefa24.biz.ua\/wp-content\/uploads\/2025\/12\/image-3.png\" alt=\"\" class=\"wp-image-14845\"\/><\/figure>\n","protected":false},"excerpt":{"rendered":"<p>Marta Nawrocka zabra\u0142a g\u0142os i wspomnia\u0142a o swojej c\u00f3rce Kasi. Pad\u0142y bardzo wa\u017cne s\u0142owa&nbsp; Rodzina Marty NawrockiejWiele zainteresowania wzbudza \u017cycie prywatne nowego prezydenta \u2013 Karola Nawrockiego. \u017bon\u0105 prezydenta jest Marta Nawrockiej, kt\u00f3ra dotychczas pracowa\u0142a w Krajowej Administracji Skarbowej. Nie ka\u017cdy wie, \u017ce para prezydencka wychowuje tr\u00f3jk\u0119 dzieci:&nbsp; Wiele emocji wzbudza szczeg\u00f3lnie Kasia Nawrocka, czyli najm\u0142odsza &#8230; <a title=\"Marta Nawrocka zabra\u0142a g\u0142os ws. Kasi i Antka. Pilnuje, by ich codzienno\u015b\u0107 wygl\u0105da\u0142a tak zwyczajnie, jak to tylko mo\u017cliwe\" class=\"read-more\" href=\"https:\/\/dobrezrodla.com\/?p=11535\" aria-label=\"Read more about Marta Nawrocka zabra\u0142a g\u0142os ws. Kasi i Antka. Pilnuje, by ich codzienno\u015b\u0107 wygl\u0105da\u0142a tak zwyczajnie, jak to tylko mo\u017cliwe\">Read more<\/a><\/p>\n","protected":false},"author":1,"featured_media":0,"comment_status":"open","ping_status":"open","sticky":false,"template":"","format":"standard","meta":{"footnotes":""},"categories":[1],"tags":[],"class_list":["post-11535","post","type-post","status-publish","format-standard","hentry","category-uncategorized"],"_links":{"self":[{"href":"https:\/\/dobrezrodla.com\/index.php?rest_route=\/wp\/v2\/posts\/11535","targetHints":{"allow":["GET"]}}],"collection":[{"href":"https:\/\/dobrezrodla.com\/index.php?rest_route=\/wp\/v2\/posts"}],"about":[{"href":"https:\/\/dobrezrodla.com\/index.php?rest_route=\/wp\/v2\/types\/post"}],"author":[{"embeddable":true,"href":"https:\/\/dobrezrodla.com\/index.php?rest_route=\/wp\/v2\/users\/1"}],"replies":[{"embeddable":true,"href":"https:\/\/dobrezrodla.com\/index.php?rest_route=%2Fwp%2Fv2%2Fcomments&post=11535"}],"version-history":[{"count":1,"href":"https:\/\/dobrezrodla.com\/index.php?rest_route=\/wp\/v2\/posts\/11535\/revisions"}],"predecessor-version":[{"id":11536,"href":"https:\/\/dobrezrodla.com\/index.php?rest_route=\/wp\/v2\/posts\/11535\/revisions\/11536"}],"wp:attachment":[{"href":"https:\/\/dobrezrodla.com\/index.php?rest_route=%2Fwp%2Fv2%2Fmedia&parent=11535"}],"wp:term":[{"taxonomy":"category","embeddable":true,"href":"https:\/\/dobrezrodla.com\/index.php?rest_route=%2Fwp%2Fv2%2Fcategories&post=11535"},{"taxonomy":"post_tag","embeddable":true,"href":"https:\/\/dobrezrodla.com\/index.php?rest_route=%2Fwp%2Fv2%2Ftags&post=11535"}],"curies":[{"name":"wp","href":"https:\/\/api.w.org\/{rel}","templated":true}]}}