{"id":11539,"date":"2025-12-10T17:38:22","date_gmt":"2025-12-10T17:38:22","guid":{"rendered":"https:\/\/dobrezrodla.com\/?p=11539"},"modified":"2025-12-10T17:38:23","modified_gmt":"2025-12-10T17:38:23","slug":"emerytura-andrzeja-dudy-robi-wrazenie-ale-czy-pozytywne","status":"publish","type":"post","link":"https:\/\/dobrezrodla.com\/?p=11539","title":{"rendered":"Emerytura Andrzeja Dudy robi wra\u017cenie. Ale czy pozytywne?"},"content":{"rendered":"\n<p>Kwota pierwszej prezydenckiej emerytury by\u0142ego prezydenta wywo\u0142a\u0142a prawdziw\u0105 burz\u0119 w mediach i w\u015br\u00f3d polityk\u00f3w.<\/p>\n\n\n\n<p>Jedni twierdz\u0105, \u017ce jest stanowczo za wysoka, inni uwa\u017caj\u0105 j\u0105 za ca\u0142kiem rozs\u0105dn\u0105. W sieci pojawi\u0142y si\u0119 dziesi\u0105tki komentarzy, w kt\u00f3rych internauci por\u00f3wnuj\u0105 j\u0105 do w\u0142asnych \u015bwiadcze\u0144.<\/p>\n\n\n\n<h2 class=\"wp-block-heading\">Pierwsza prezydencka emerytura Dudy \u2013 kwota, kt\u00f3ra wzbudza kontrowersje<\/h2>\n\n\n\n<p>By\u0142y prezydent&nbsp;<strong>Andrzej Duda<\/strong>&nbsp;opublikowa\u0142 niedawno w mediach spo\u0142eczno\u015bciowych informacj\u0119 o pierwszej prezydenckiej emeryturze.&nbsp;<\/p>\n\n\n\n<blockquote class=\"wp-block-quote is-layout-flow wp-block-quote-is-layout-flow\">\n<p><strong>Po trzech miesi\u0105cach otrzymywania prezydenckiej \u201eodprawy\u201d dosta\u0142em na konto pierwsz\u0105 prezydenck\u0105 \u201eemerytur\u0119\u201d \u2013 napisa\u0142, za\u0142\u0105czaj\u0105c zrzut ekranu przelewu w wysoko\u015bci 9 tys. 349 z\u0142.&nbsp;<\/strong><\/p>\n<\/blockquote>\n\n\n\n<p>To ponad&nbsp;<strong>dwukrotnie wi\u0119cej ni\u017c \u015brednia emerytura w Polsce<\/strong>, kt\u00f3ra wed\u0142ug danych ZUS wynosi nieco ponad 4,2 tys. z\u0142. Internauci natychmiast podzielili si\u0119 swoimi opiniami. Jedni twierdz\u0105, \u017ce jest to suma wr\u0119cz&nbsp;<strong>niewystarczaj\u0105ca w stosunku do pe\u0142nionej funkcji<\/strong>, inni zauwa\u017caj\u0105, \u017ce trudno por\u00f3wnywa\u0107 j\u0105 z emerytur\u0105 zwyk\u0142ego pracownika.&nbsp;<\/p>\n\n\n\n<p>Komentarze takie jak&nbsp;<strong>\u201eTrzy moje emerytury\u2026\u201d<\/strong>&nbsp;czy&nbsp;<strong>\u201eO po\u0142ow\u0119 za du\u017co\u201d<\/strong>&nbsp;pokazuj\u0105, \u017ce temat wzbudza spore emocje. Nie brakowa\u0142o te\u017c bardziej umiarkowanych g\u0142os\u00f3w:&nbsp;<strong>\u201eSza\u0142u nie ma, ale te\u017c nie ma tragedii\u201d<\/strong>.<\/p>\n\n\n\n<h2 class=\"wp-block-heading\">Co pos\u0142owie s\u0105dz\u0105 o emeryturze by\u0142ego prezydenta? Opinie i komentarze<\/h2>\n\n\n\n<p>Pos\u0142owie w Sejmie r\u00f3\u017cnie oceniaj\u0105 wysoko\u015b\u0107 \u015bwiadczenia.&nbsp;<strong>Pos\u0142anka PiS Agnieszka Wojciechowska van Heukelom<\/strong>&nbsp;wskazuje, \u017ce emerytura jest \u201eniegodna\u201d pe\u0142nionej funkcji, ale jednocze\u015bnie wysoka w por\u00f3wnaniu z przeci\u0119tnym \u015bwiadczeniem Polak\u00f3w. Wed\u0142ug niej by\u0142a g\u0142owa pa\u0144stwa powinna otrzymywa\u0107 wysok\u0105 emerytur\u0119, bo&nbsp;<strong>\u201ejest to osoba, kt\u00f3ra zawiadywa\u0142a pa\u0144stwem i sta\u0142a na czele si\u0142 zbrojnych\u201d<\/strong>.&nbsp;<\/p>\n\n\n\n<p>Z kolei&nbsp;<strong>pose\u0142 KO Adrian Witczak<\/strong>&nbsp;zauwa\u017ca, \u017ce kwota&nbsp;<strong>pozwala godnie \u017cy\u0107<\/strong>&nbsp;i nie nale\u017cy ocenia\u0107 jej w oderwaniu od reali\u00f3w finansowych innych Polak\u00f3w.&nbsp;<strong>Micha\u0142 Wawer z Konfederacji<\/strong>&nbsp;dodaje, \u017ce&nbsp;<strong>problem jest szerszy<\/strong>&nbsp;i dotyczy wszystkich polityk\u00f3w, kt\u00f3rzy mimo odpowiedzialnych stanowisk otrzymuj\u0105 wynagrodzenia ni\u017csze ni\u017c w sektorze prywatnym.&nbsp;<\/p>\n\n\n\n<p>Podobnie<strong>&nbsp;\u0141ukasz Osmalak z Polski 2050<\/strong>&nbsp;uwa\u017ca, \u017ce&nbsp;<strong>emerytury w Polsce powinny by\u0107 og\u00f3lnie wy\u017csze<\/strong>, a \u015bwiadczenie dla by\u0142ego prezydenta jest relatywnie wysokie, cho\u0107 w jego opinii mog\u0142oby by\u0107 nieco wi\u0119ksze.<\/p>\n\n\n\n<p>https:\/\/platform.twitter.com\/embed\/Tweet.html?dnt=false&#038;embedId=twitter-widget-0&#038;features=eyJ0ZndfdGltZWxpbmVfbGlzdCI6eyJidWNrZXQiOltdLCJ2ZXJzaW9uIjpudWxsfSwidGZ3X2ZvbGxvd2VyX2NvdW50X3N1bnNldCI6eyJidWNrZXQiOnRydWUsInZlcnNpb24iOm51bGx9LCJ0ZndfdHdlZXRfZWRpdF9iYWNrZW5kIjp7ImJ1Y2tldCI6Im9uIiwidmVyc2lvbiI6bnVsbH0sInRmd19yZWZzcmNfc2Vzc2lvbiI6eyJidWNrZXQiOiJvbiIsInZlcnNpb24iOm51bGx9LCJ0ZndfZm9zbnJfc29mdF9pbnRlcnZlbnRpb25zX2VuYWJsZWQiOnsiYnVja2V0Ijoib24iLCJ2ZXJzaW9uIjpudWxsfSwidGZ3X21peGVkX21lZGlhXzE1ODk3Ijp7ImJ1Y2tldCI6InRyZWF0bWVudCIsInZlcnNpb24iOm51bGx9LCJ0ZndfZXhwZXJpbWVudHNfY29va2llX2V4cGlyYXRpb24iOnsiYnVja2V0IjoxMjA5NjAwLCJ2ZXJzaW9uIjpudWxsfSwidGZ3X3Nob3dfYmlyZHdhdGNoX3Bpdm90c19lbmFibGVkIjp7ImJ1Y2tldCI6Im9uIiwidmVyc2lvbiI6bnVsbH0sInRmd19kdXBsaWNhdGVfc2NyaWJlc190b19zZXR0aW5ncyI6eyJidWNrZXQiOiJvbiIsInZlcnNpb24iOm51bGx9LCJ0ZndfdXNlX3Byb2ZpbGVfaW1hZ2Vfc2hhcGVfZW5hYmxlZCI6eyJidWNrZXQiOiJvbiIsInZlcnNpb24iOm51bGx9LCJ0ZndfdmlkZW9faGxzX2R5bmFtaWNfbWFuaWZlc3RzXzE1MDgyIjp7ImJ1Y2tldCI6InRydWVfYml0cmF0ZSIsInZlcnNpb24iOm51bGx9LCJ0ZndfbGVnYWN5X3RpbWVsaW5lX3N1bnNldCI6eyJidWNrZXQiOnRydWUsInZlcnNpb24iOm51bGx9LCJ0ZndfdHdlZXRfZWRpdF9mcm9udGVuZCI6eyJidWNrZXQiOiJvbiIsInZlcnNpb24iOm51bGx9fQ%3D%3D&#038;frame=false&#038;hideCard=false&#038;hideThread=false&#038;id=1994015770448101526&#038;lang=en&#038;maxWidth=560px&#038;origin=https%3A%2F%2Fstrefa24.biz.ua%2F%3Fp%3D14811&#038;sessionId=79aeb0d88858a486203c832b2810b6ef2963addf&#038;theme=light&#038;widgetsVersion=2615f7e52b7e0%3A1702314776716&#038;width=550px<\/p>\n\n\n\n<h2 class=\"wp-block-heading\">Por\u00f3wnanie emerytury Dudy z przywilejami by\u0142ych prezydent\u00f3w i przeci\u0119tnymi \u015bwiadczeniami<\/h2>\n\n\n\n<p>Po zako\u0144czeniu urz\u0119dowania byli prezydenci maj\u0105 dost\u0119p nie tylko do emerytury, ale tak\u017ce do \u015brodk\u00f3w na prowadzenie biura oraz ochron\u0119 SOP.&nbsp;<\/p>\n\n\n\n<p><strong>Marcelina Zawisza z partii Razem<\/strong>&nbsp;podkre\u015bla, \u017ce 99 proc. emeryt\u00f3w w Polsce nie ma co marzy\u0107 o takiej kwocie, a ponad 9 tys. z\u0142 na r\u0119k\u0119 dla by\u0142ej g\u0142owy pa\u0144stwa wydaje si\u0119 w pe\u0142ni uzasadnione. Z kolei&nbsp;<strong>pos\u0142anka Lewicy Joanna Wicha&nbsp;<\/strong>wskazuje, \u017ce przy \u015bwiadczeniu na poziomie 2,6\u20133 tys. z\u0142 emerytury zwyk\u0142ej piel\u0119gniarki trudno wy\u017cy\u0107, dlatego kwota Dudy nie budzi jej w\u0105tpliwo\u015bci.&nbsp;<\/p>\n\n\n\n<p>Zdaniem polityk\u00f3w i obserwator\u00f3w,&nbsp;<strong>mimo \u017ce suma wydaje si\u0119 wysoka, nale\u017cy j\u0105 traktowa\u0107 w kontek\u015bcie pe\u0142nionej funkcji i przywilej\u00f3w przys\u0142uguj\u0105cych by\u0142ym prezydentom<\/strong>. W sieci dyskusje nie cichn\u0105, bo temat emerytur os\u00f3b publicznych wci\u0105\u017c budzi du\u017ce emocje, a r\u00f3\u017cnice zda\u0144 pokazuj\u0105, jak trudno jednoznacznie oceni\u0107 adekwatno\u015b\u0107 takich \u015bwiadcze\u0144.<\/p>\n","protected":false},"excerpt":{"rendered":"<p>Kwota pierwszej prezydenckiej emerytury by\u0142ego prezydenta wywo\u0142a\u0142a prawdziw\u0105 burz\u0119 w mediach i w\u015br\u00f3d polityk\u00f3w. Jedni twierdz\u0105, \u017ce jest stanowczo za wysoka, inni uwa\u017caj\u0105 j\u0105 za ca\u0142kiem rozs\u0105dn\u0105. W sieci pojawi\u0142y si\u0119 dziesi\u0105tki komentarzy, w kt\u00f3rych internauci por\u00f3wnuj\u0105 j\u0105 do w\u0142asnych \u015bwiadcze\u0144. Pierwsza prezydencka emerytura Dudy \u2013 kwota, kt\u00f3ra wzbudza kontrowersje By\u0142y prezydent&nbsp;Andrzej Duda&nbsp;opublikowa\u0142 niedawno w &#8230; <a title=\"Emerytura Andrzeja Dudy robi wra\u017cenie. Ale czy pozytywne?\" class=\"read-more\" href=\"https:\/\/dobrezrodla.com\/?p=11539\" aria-label=\"Read more about Emerytura Andrzeja Dudy robi wra\u017cenie. Ale czy pozytywne?\">Read more<\/a><\/p>\n","protected":false},"author":1,"featured_media":0,"comment_status":"open","ping_status":"open","sticky":false,"template":"","format":"standard","meta":{"footnotes":""},"categories":[1],"tags":[],"class_list":["post-11539","post","type-post","status-publish","format-standard","hentry","category-uncategorized"],"_links":{"self":[{"href":"https:\/\/dobrezrodla.com\/index.php?rest_route=\/wp\/v2\/posts\/11539","targetHints":{"allow":["GET"]}}],"collection":[{"href":"https:\/\/dobrezrodla.com\/index.php?rest_route=\/wp\/v2\/posts"}],"about":[{"href":"https:\/\/dobrezrodla.com\/index.php?rest_route=\/wp\/v2\/types\/post"}],"author":[{"embeddable":true,"href":"https:\/\/dobrezrodla.com\/index.php?rest_route=\/wp\/v2\/users\/1"}],"replies":[{"embeddable":true,"href":"https:\/\/dobrezrodla.com\/index.php?rest_route=%2Fwp%2Fv2%2Fcomments&post=11539"}],"version-history":[{"count":1,"href":"https:\/\/dobrezrodla.com\/index.php?rest_route=\/wp\/v2\/posts\/11539\/revisions"}],"predecessor-version":[{"id":11540,"href":"https:\/\/dobrezrodla.com\/index.php?rest_route=\/wp\/v2\/posts\/11539\/revisions\/11540"}],"wp:attachment":[{"href":"https:\/\/dobrezrodla.com\/index.php?rest_route=%2Fwp%2Fv2%2Fmedia&parent=11539"}],"wp:term":[{"taxonomy":"category","embeddable":true,"href":"https:\/\/dobrezrodla.com\/index.php?rest_route=%2Fwp%2Fv2%2Fcategories&post=11539"},{"taxonomy":"post_tag","embeddable":true,"href":"https:\/\/dobrezrodla.com\/index.php?rest_route=%2Fwp%2Fv2%2Ftags&post=11539"}],"curies":[{"name":"wp","href":"https:\/\/api.w.org\/{rel}","templated":true}]}}