{"id":11557,"date":"2025-12-11T09:25:38","date_gmt":"2025-12-11T09:25:38","guid":{"rendered":"https:\/\/dobrezrodla.com\/?p=11557"},"modified":"2025-12-11T09:25:38","modified_gmt":"2025-12-11T09:25:38","slug":"rozenek-krytycznie-o-pierwszej-damie-potencjal-jest-ale-kompletnie-go-nie-widac","status":"publish","type":"post","link":"https:\/\/dobrezrodla.com\/?p=11557","title":{"rendered":"Rozenek krytycznie o Pierwszej Damie: \u201ePotencja\u0142 jest, ale kompletnie go nie wida\u0107\u201d"},"content":{"rendered":"\n<p>Ma\u0142gorzata Rozenek-Majdan w rozmowie z portalem Pomponik podzieli\u0142a si\u0119 opini\u0105 na temat pierwszych miesi\u0119cy Marty Nawrockiej jako Pierwszej Damy. Cho\u0107, jak twierdzi, widzi w niej potencja\u0142, to na razie jest on ca\u0142kowicie przyt\u0142umiony przez polityczne decyzje prezydenta. Szczeg\u00f3lnie chodzi o kontrowersyjne weto w sprawie ustawy o ochronie zwierz\u0105t.<\/p>\n\n\n\n<p>\u2013 Trudno oceni\u0107 jej dzia\u0142ania, bo nie wiem, czy w og\u00f3le przebija si\u0119 z w\u0142asnym komunikatem \u2013 m\u00f3wi Rozenek-Majdan, dodaj\u0105c, \u017ce w cieniu m\u0119\u017ca Nawrockiej trudno dostrzec jakiekolwiek samodzielne inicjatywy.<\/p>\n\n\n\n<p>Celebrytka zaznacza, \u017ce pocz\u0105tek tej funkcji mo\u017ce by\u0107 trudny, jednak oczekuje, \u017ce prezydentowa zacznie wreszcie jasno komunikowa\u0107 swoje priorytety i podejmowa\u0107 widoczne dzia\u0142ania spo\u0142eczne. Zwraca te\u017c uwag\u0119, \u017ce obecnie brak wyra\u017anego stylu czy sp\u00f3jnego wizerunku \u2013 jej zdaniem to dopiero mo\u017ce si\u0119 pojawi\u0107 w miar\u0119 up\u0142ywu czasu i wi\u0119kszego zaanga\u017cowania w \u017cycie publiczne.<\/p>\n\n\n\n<p>Rozenek konkluduje: je\u015bli Marta Nawrocka chce by\u0107 zapami\u0119tana jako Pierwsza Dama z prawdziwego zdarzenia, musi wyj\u015b\u0107 z cienia m\u0119\u017ca i zbudowa\u0107 w\u0142asn\u0105 mark\u0119 \u2013 i to szybko.<\/p>\n","protected":false},"excerpt":{"rendered":"<p>Ma\u0142gorzata Rozenek-Majdan w rozmowie z portalem Pomponik podzieli\u0142a si\u0119 opini\u0105 na temat pierwszych miesi\u0119cy Marty Nawrockiej jako Pierwszej Damy. Cho\u0107, jak twierdzi, widzi w niej potencja\u0142, to na razie jest on ca\u0142kowicie przyt\u0142umiony przez polityczne decyzje prezydenta. Szczeg\u00f3lnie chodzi o kontrowersyjne weto w sprawie ustawy o ochronie zwierz\u0105t. \u2013 Trudno oceni\u0107 jej dzia\u0142ania, bo nie &#8230; <a title=\"Rozenek krytycznie o Pierwszej Damie: \u201ePotencja\u0142 jest, ale kompletnie go nie wida\u0107\u201d\" class=\"read-more\" href=\"https:\/\/dobrezrodla.com\/?p=11557\" aria-label=\"Read more about Rozenek krytycznie o Pierwszej Damie: \u201ePotencja\u0142 jest, ale kompletnie go nie wida\u0107\u201d\">Read more<\/a><\/p>\n","protected":false},"author":1,"featured_media":0,"comment_status":"open","ping_status":"open","sticky":false,"template":"","format":"standard","meta":{"footnotes":""},"categories":[1],"tags":[],"class_list":["post-11557","post","type-post","status-publish","format-standard","hentry","category-uncategorized"],"_links":{"self":[{"href":"https:\/\/dobrezrodla.com\/index.php?rest_route=\/wp\/v2\/posts\/11557","targetHints":{"allow":["GET"]}}],"collection":[{"href":"https:\/\/dobrezrodla.com\/index.php?rest_route=\/wp\/v2\/posts"}],"about":[{"href":"https:\/\/dobrezrodla.com\/index.php?rest_route=\/wp\/v2\/types\/post"}],"author":[{"embeddable":true,"href":"https:\/\/dobrezrodla.com\/index.php?rest_route=\/wp\/v2\/users\/1"}],"replies":[{"embeddable":true,"href":"https:\/\/dobrezrodla.com\/index.php?rest_route=%2Fwp%2Fv2%2Fcomments&post=11557"}],"version-history":[{"count":1,"href":"https:\/\/dobrezrodla.com\/index.php?rest_route=\/wp\/v2\/posts\/11557\/revisions"}],"predecessor-version":[{"id":11558,"href":"https:\/\/dobrezrodla.com\/index.php?rest_route=\/wp\/v2\/posts\/11557\/revisions\/11558"}],"wp:attachment":[{"href":"https:\/\/dobrezrodla.com\/index.php?rest_route=%2Fwp%2Fv2%2Fmedia&parent=11557"}],"wp:term":[{"taxonomy":"category","embeddable":true,"href":"https:\/\/dobrezrodla.com\/index.php?rest_route=%2Fwp%2Fv2%2Fcategories&post=11557"},{"taxonomy":"post_tag","embeddable":true,"href":"https:\/\/dobrezrodla.com\/index.php?rest_route=%2Fwp%2Fv2%2Ftags&post=11557"}],"curies":[{"name":"wp","href":"https:\/\/api.w.org\/{rel}","templated":true}]}}