{"id":11568,"date":"2025-12-11T09:48:43","date_gmt":"2025-12-11T09:48:43","guid":{"rendered":"https:\/\/dobrezrodla.com\/?p=11568"},"modified":"2025-12-11T09:48:43","modified_gmt":"2025-12-11T09:48:43","slug":"to-najwazniejsi-ludzie-w-europie-na-liscie-nawrocki-nie-ma-tuska","status":"publish","type":"post","link":"https:\/\/dobrezrodla.com\/?p=11568","title":{"rendered":"To najwa\u017cniejsi ludzie w Europie. Na li\u015bcie Nawrocki, nie ma Tuska"},"content":{"rendered":"\n<p>Ameryka\u0144ski portal <em>Politico<\/em> opublikowa\u0142 list\u0119 28 os\u00f3b, kt\u00f3re wed\u0142ug redakcji b\u0119d\u0105 mia\u0142y najwi\u0119kszy wp\u0142yw na losy Europy w nadchodz\u0105cym roku. Na li\u015bcie znalaz\u0142 si\u0119 tylko jeden Polak \u2014 i wbrew oczekiwaniom nie jest to premier Donald Tusk, lecz prezydent Karol Nawrocki.<\/p>\n\n\n\n<p>Nawrocki zaj\u0105\u0142 23. miejsce w rankingu, co <em>Politico<\/em> uzasadnia jego rosn\u0105c\u0105 rol\u0105 w polityce wewn\u0119trznej i wp\u0142ywem na kierunek, w jakim pod\u0105\u017ca Polska w trudnym geopolitycznie momencie. Tusk, kt\u00f3ry jeszcze rok temu by\u0142 obecny w zestawieniu, tym razem zosta\u0142 ca\u0142kowicie pomini\u0119ty.<\/p>\n\n\n\n<p>Na szczycie rankingu znalaz\u0142 si\u0119\u2026 Donald Trump. By\u0142y i obecny prezydent USA zosta\u0142 uznany za kluczow\u0105 posta\u0107 maj\u0105c\u0105 realny wp\u0142yw na przysz\u0142o\u015b\u0107 Europy \u2013 zar\u00f3wno w kontek\u015bcie bezpiecze\u0144stwa, jak i relacji transatlantyckich.<\/p>\n\n\n\n<p>Obecno\u015b\u0107 Nawrockiego i brak Tuska wzbudzi\u0142y niema\u0142e poruszenie \u2014 nie tylko w Polsce, ale i w\u015br\u00f3d zagranicznych komentator\u00f3w, kt\u00f3rzy dostrzegaj\u0105 zmian\u0119 wizerunku naszego kraju na arenie mi\u0119dzynarodowej.<\/p>\n","protected":false},"excerpt":{"rendered":"<p>Ameryka\u0144ski portal Politico opublikowa\u0142 list\u0119 28 os\u00f3b, kt\u00f3re wed\u0142ug redakcji b\u0119d\u0105 mia\u0142y najwi\u0119kszy wp\u0142yw na losy Europy w nadchodz\u0105cym roku. Na li\u015bcie znalaz\u0142 si\u0119 tylko jeden Polak \u2014 i wbrew oczekiwaniom nie jest to premier Donald Tusk, lecz prezydent Karol Nawrocki. Nawrocki zaj\u0105\u0142 23. miejsce w rankingu, co Politico uzasadnia jego rosn\u0105c\u0105 rol\u0105 w polityce &#8230; <a title=\"To najwa\u017cniejsi ludzie w Europie. Na li\u015bcie Nawrocki, nie ma Tuska\" class=\"read-more\" href=\"https:\/\/dobrezrodla.com\/?p=11568\" aria-label=\"Read more about To najwa\u017cniejsi ludzie w Europie. Na li\u015bcie Nawrocki, nie ma Tuska\">Read more<\/a><\/p>\n","protected":false},"author":1,"featured_media":0,"comment_status":"open","ping_status":"open","sticky":false,"template":"","format":"standard","meta":{"footnotes":""},"categories":[1],"tags":[],"class_list":["post-11568","post","type-post","status-publish","format-standard","hentry","category-uncategorized"],"_links":{"self":[{"href":"https:\/\/dobrezrodla.com\/index.php?rest_route=\/wp\/v2\/posts\/11568","targetHints":{"allow":["GET"]}}],"collection":[{"href":"https:\/\/dobrezrodla.com\/index.php?rest_route=\/wp\/v2\/posts"}],"about":[{"href":"https:\/\/dobrezrodla.com\/index.php?rest_route=\/wp\/v2\/types\/post"}],"author":[{"embeddable":true,"href":"https:\/\/dobrezrodla.com\/index.php?rest_route=\/wp\/v2\/users\/1"}],"replies":[{"embeddable":true,"href":"https:\/\/dobrezrodla.com\/index.php?rest_route=%2Fwp%2Fv2%2Fcomments&post=11568"}],"version-history":[{"count":1,"href":"https:\/\/dobrezrodla.com\/index.php?rest_route=\/wp\/v2\/posts\/11568\/revisions"}],"predecessor-version":[{"id":11569,"href":"https:\/\/dobrezrodla.com\/index.php?rest_route=\/wp\/v2\/posts\/11568\/revisions\/11569"}],"wp:attachment":[{"href":"https:\/\/dobrezrodla.com\/index.php?rest_route=%2Fwp%2Fv2%2Fmedia&parent=11568"}],"wp:term":[{"taxonomy":"category","embeddable":true,"href":"https:\/\/dobrezrodla.com\/index.php?rest_route=%2Fwp%2Fv2%2Fcategories&post=11568"},{"taxonomy":"post_tag","embeddable":true,"href":"https:\/\/dobrezrodla.com\/index.php?rest_route=%2Fwp%2Fv2%2Ftags&post=11568"}],"curies":[{"name":"wp","href":"https:\/\/api.w.org\/{rel}","templated":true}]}}