{"id":11578,"date":"2025-12-11T10:39:05","date_gmt":"2025-12-11T10:39:05","guid":{"rendered":"https:\/\/dobrezrodla.com\/?p=11578"},"modified":"2025-12-11T10:39:06","modified_gmt":"2025-12-11T10:39:06","slug":"wolodymyr-zelenski-przyjedzie-do-warszawy","status":"publish","type":"post","link":"https:\/\/dobrezrodla.com\/?p=11578","title":{"rendered":"Wo\u0142odymyr Ze\u0142enski przyjedzie do Warszawy"},"content":{"rendered":"\n<p>Prezydent Ukrainy Wo\u0142odymyr Ze\u0142enski potwierdzi\u0142, \u017ce przyjmie zaproszenie Karola Nawrockiego i odwiedzi stolic\u0119 Polski. Informacj\u0119 og\u0142osi\u0142 minister Marcin Przydacz, szef Biura Polityki Mi\u0119dzynarodowej Kancelarii Prezydenta RP, podkre\u015blaj\u0105c aktywno\u015b\u0107 kana\u0142\u00f3w dyplomatycznych i dobry klimat wok\u00f3\u0142 planowanego spotkania.<\/p>\n\n\n\n<p>Cho\u0107 konkretna data wizyty nie zosta\u0142a jeszcze ustalona, rozmowy przygotowawcze s\u0105 w toku. Tematy, kt\u00f3re maj\u0105 zosta\u0107 poruszone podczas spotkania, obejmuj\u0105 bezpiecze\u0144stwo regionalne, sytuacj\u0119 na froncie, wsp\u00f3\u0142prac\u0119 gospodarcz\u0105 oraz kwestie historyczne \u2014 w tym trudne rozmowy dotycz\u0105ce ekshumacji na Wo\u0142yniu.<\/p>\n\n\n\n<p>Ze\u0142enski wcze\u015bniej zaprosi\u0142 Nawrockiego do Kijowa, a teraz zapowiedzia\u0142, \u017ce sam zjawi si\u0119 w Warszawie, gdy tylko zostanie ustalony konkretny termin. Dla obu stron to nie tylko gest polityczny, ale tak\u017ce okazja do umocnienia s\u0105siedzkich relacji i poruszenia temat\u00f3w kluczowych zar\u00f3wno dla Polski, jak i Ukrainy.<\/p>\n","protected":false},"excerpt":{"rendered":"<p>Prezydent Ukrainy Wo\u0142odymyr Ze\u0142enski potwierdzi\u0142, \u017ce przyjmie zaproszenie Karola Nawrockiego i odwiedzi stolic\u0119 Polski. Informacj\u0119 og\u0142osi\u0142 minister Marcin Przydacz, szef Biura Polityki Mi\u0119dzynarodowej Kancelarii Prezydenta RP, podkre\u015blaj\u0105c aktywno\u015b\u0107 kana\u0142\u00f3w dyplomatycznych i dobry klimat wok\u00f3\u0142 planowanego spotkania. Cho\u0107 konkretna data wizyty nie zosta\u0142a jeszcze ustalona, rozmowy przygotowawcze s\u0105 w toku. Tematy, kt\u00f3re maj\u0105 zosta\u0107 poruszone podczas &#8230; <a title=\"Wo\u0142odymyr Ze\u0142enski przyjedzie do Warszawy\" class=\"read-more\" href=\"https:\/\/dobrezrodla.com\/?p=11578\" aria-label=\"Read more about Wo\u0142odymyr Ze\u0142enski przyjedzie do Warszawy\">Read more<\/a><\/p>\n","protected":false},"author":1,"featured_media":0,"comment_status":"open","ping_status":"open","sticky":false,"template":"","format":"standard","meta":{"footnotes":""},"categories":[1],"tags":[],"class_list":["post-11578","post","type-post","status-publish","format-standard","hentry","category-uncategorized"],"_links":{"self":[{"href":"https:\/\/dobrezrodla.com\/index.php?rest_route=\/wp\/v2\/posts\/11578","targetHints":{"allow":["GET"]}}],"collection":[{"href":"https:\/\/dobrezrodla.com\/index.php?rest_route=\/wp\/v2\/posts"}],"about":[{"href":"https:\/\/dobrezrodla.com\/index.php?rest_route=\/wp\/v2\/types\/post"}],"author":[{"embeddable":true,"href":"https:\/\/dobrezrodla.com\/index.php?rest_route=\/wp\/v2\/users\/1"}],"replies":[{"embeddable":true,"href":"https:\/\/dobrezrodla.com\/index.php?rest_route=%2Fwp%2Fv2%2Fcomments&post=11578"}],"version-history":[{"count":1,"href":"https:\/\/dobrezrodla.com\/index.php?rest_route=\/wp\/v2\/posts\/11578\/revisions"}],"predecessor-version":[{"id":11579,"href":"https:\/\/dobrezrodla.com\/index.php?rest_route=\/wp\/v2\/posts\/11578\/revisions\/11579"}],"wp:attachment":[{"href":"https:\/\/dobrezrodla.com\/index.php?rest_route=%2Fwp%2Fv2%2Fmedia&parent=11578"}],"wp:term":[{"taxonomy":"category","embeddable":true,"href":"https:\/\/dobrezrodla.com\/index.php?rest_route=%2Fwp%2Fv2%2Fcategories&post=11578"},{"taxonomy":"post_tag","embeddable":true,"href":"https:\/\/dobrezrodla.com\/index.php?rest_route=%2Fwp%2Fv2%2Ftags&post=11578"}],"curies":[{"name":"wp","href":"https:\/\/api.w.org\/{rel}","templated":true}]}}