{"id":11582,"date":"2025-12-11T10:43:31","date_gmt":"2025-12-11T10:43:31","guid":{"rendered":"https:\/\/dobrezrodla.com\/?p=11582"},"modified":"2025-12-11T10:43:31","modified_gmt":"2025-12-11T10:43:31","slug":"cel-klimatyczny-na-2040-r-media-jest-decyzja-ue","status":"publish","type":"post","link":"https:\/\/dobrezrodla.com\/?p=11582","title":{"rendered":"Cel klimatyczny na 2040 r. Media: jest decyzja UE"},"content":{"rendered":"\n<p>Unia Europejska podj\u0119\u0142a decyzj\u0119 w sprawie nowego celu klimatycznego na 2040 rok. Uzgodniono, \u017ce emisje CO\u2082 w krajach cz\u0142onkowskich maj\u0105 zosta\u0107 ograniczone o 85%, przy jednoczesnym dopuszczeniu 5% \u201ezielonych\u201d inwestycji poza granicami Wsp\u00f3lnoty. To kompromis maj\u0105cy uelastyczni\u0107 drog\u0119 do zeroemisyjno\u015bci.<\/p>\n\n\n\n<p>Wa\u017cn\u0105 zmian\u0105 dla konsument\u00f3w jest przesuni\u0119cie wej\u015bcia w \u017cycie systemu ETS2 \u2014 systemu op\u0142at za emisje w sektorze transportu i budynk\u00f3w. Nowy podatek klimatyczny, kt\u00f3ry oznacza dodatkowe koszty np. przy tankowaniu czy ogrzewaniu domu, wejdzie w \u017cycie dopiero w 2028 roku. To efekt silnych nacisk\u00f3w ze strony Polski, kt\u00f3ra od pocz\u0105tku postulowa\u0142a op\u00f3\u017anienie tego procesu.<\/p>\n\n\n\n<p>W dokumencie znalaz\u0142a si\u0119 te\u017c tzw. klauzula rewizyjna \u2014 je\u015bli zmiany zaszkodz\u0105 konkurencyjno\u015bci unijnej gospodarki lub znacz\u0105co podnios\u0105 ceny energii, cele klimatyczne mog\u0105 zosta\u0107 ponownie przeanalizowane i z\u0142agodzone.<\/p>\n\n\n\n<p>Unijne w\u0142adze podkre\u015blaj\u0105, \u017ce to ambitny, ale realistyczny plan, kt\u00f3ry ma uwzgl\u0119dnia\u0107 r\u00f3\u017cnice mi\u0119dzy pa\u0144stwami i chroni\u0107 spo\u0142ecze\u0144stwa przed skutkami gwa\u0142townych zmian.<\/p>\n","protected":false},"excerpt":{"rendered":"<p>Unia Europejska podj\u0119\u0142a decyzj\u0119 w sprawie nowego celu klimatycznego na 2040 rok. Uzgodniono, \u017ce emisje CO\u2082 w krajach cz\u0142onkowskich maj\u0105 zosta\u0107 ograniczone o 85%, przy jednoczesnym dopuszczeniu 5% \u201ezielonych\u201d inwestycji poza granicami Wsp\u00f3lnoty. To kompromis maj\u0105cy uelastyczni\u0107 drog\u0119 do zeroemisyjno\u015bci. Wa\u017cn\u0105 zmian\u0105 dla konsument\u00f3w jest przesuni\u0119cie wej\u015bcia w \u017cycie systemu ETS2 \u2014 systemu op\u0142at za &#8230; <a title=\"Cel klimatyczny na 2040 r. Media: jest decyzja UE\" class=\"read-more\" href=\"https:\/\/dobrezrodla.com\/?p=11582\" aria-label=\"Read more about Cel klimatyczny na 2040 r. Media: jest decyzja UE\">Read more<\/a><\/p>\n","protected":false},"author":1,"featured_media":0,"comment_status":"open","ping_status":"open","sticky":false,"template":"","format":"standard","meta":{"footnotes":""},"categories":[1],"tags":[],"class_list":["post-11582","post","type-post","status-publish","format-standard","hentry","category-uncategorized"],"_links":{"self":[{"href":"https:\/\/dobrezrodla.com\/index.php?rest_route=\/wp\/v2\/posts\/11582","targetHints":{"allow":["GET"]}}],"collection":[{"href":"https:\/\/dobrezrodla.com\/index.php?rest_route=\/wp\/v2\/posts"}],"about":[{"href":"https:\/\/dobrezrodla.com\/index.php?rest_route=\/wp\/v2\/types\/post"}],"author":[{"embeddable":true,"href":"https:\/\/dobrezrodla.com\/index.php?rest_route=\/wp\/v2\/users\/1"}],"replies":[{"embeddable":true,"href":"https:\/\/dobrezrodla.com\/index.php?rest_route=%2Fwp%2Fv2%2Fcomments&post=11582"}],"version-history":[{"count":1,"href":"https:\/\/dobrezrodla.com\/index.php?rest_route=\/wp\/v2\/posts\/11582\/revisions"}],"predecessor-version":[{"id":11583,"href":"https:\/\/dobrezrodla.com\/index.php?rest_route=\/wp\/v2\/posts\/11582\/revisions\/11583"}],"wp:attachment":[{"href":"https:\/\/dobrezrodla.com\/index.php?rest_route=%2Fwp%2Fv2%2Fmedia&parent=11582"}],"wp:term":[{"taxonomy":"category","embeddable":true,"href":"https:\/\/dobrezrodla.com\/index.php?rest_route=%2Fwp%2Fv2%2Fcategories&post=11582"},{"taxonomy":"post_tag","embeddable":true,"href":"https:\/\/dobrezrodla.com\/index.php?rest_route=%2Fwp%2Fv2%2Ftags&post=11582"}],"curies":[{"name":"wp","href":"https:\/\/api.w.org\/{rel}","templated":true}]}}