{"id":11592,"date":"2025-12-11T13:06:06","date_gmt":"2025-12-11T13:06:06","guid":{"rendered":"https:\/\/dobrezrodla.com\/?p=11592"},"modified":"2025-12-11T13:06:06","modified_gmt":"2025-12-11T13:06:06","slug":"elon-musk-o-wspolpracy-z-trumpem-drugi-raz-bym-w-to-nie-wchodzil","status":"publish","type":"post","link":"https:\/\/dobrezrodla.com\/?p=11592","title":{"rendered":"Elon Musk o wsp\u00f3\u0142pracy z Trumpem. &#8220;Drugi raz bym w to nie wchodzi\u0142&#8221;"},"content":{"rendered":"\n<p>Elon Musk, kt\u00f3ry na pocz\u0105tku kadencji Donalda Trumpa by\u0142 twarz\u0105 rz\u0105dowego programu ograniczania wydatk\u00f3w publicznych, dzi\u015b nie wspomina tej wsp\u00f3\u0142pracy najlepiej. W nowym wywiadzie przyzna\u0142, \u017ce decyzja o zaanga\u017cowaniu si\u0119 w dzia\u0142ania administracji by\u0142a b\u0142\u0119dem, kt\u00f3rego nie powt\u00f3rzy\u0142by drugi raz.<\/p>\n\n\n\n<p>Musk podkre\u015bli\u0142, \u017ce cho\u0107 program mia\u0142 ambitne cele, jego efekty by\u0142y \u201ejedynie cz\u0119\u015bciowo skuteczne\u201d. Uwa\u017ca, \u017ce czas i energia, kt\u00f3re po\u015bwi\u0119ci\u0142 na wsp\u00f3\u0142prac\u0119 z rz\u0105dem, mog\u0142y zosta\u0107 lepiej wykorzystane na rozw\u00f3j jego firm, takich jak Tesla czy SpaceX.<\/p>\n\n\n\n<p>Miliarder wskaza\u0142 tak\u017ce, \u017ce wej\u015bcie w \u015bwiat polityki mia\u0142o swoje konsekwencje \u2013 nie tylko zawodowe, ale i wizerunkowe. Jego zaanga\u017cowanie wzbudza\u0142o kontrowersje, prowokowa\u0142o protesty, a nawet akty wandalizmu wobec jego firm.<\/p>\n\n\n\n<p>Zdaniem Muska projekt mia\u0142 potencja\u0142, jednak zbyt wiele przeszk\u00f3d, biurokracji i braku transparentno\u015bci sprawi\u0142o, \u017ce ko\u0144cowy rezultat nie spe\u0142ni\u0142 oczekiwa\u0144. Doda\u0142, \u017ce niekt\u00f3re reformy uda\u0142o si\u0119 wdro\u017cy\u0107, ale nie osi\u0105gn\u0119\u0142y one skali, jak\u0105 pierwotnie zak\u0142adano.<\/p>\n","protected":false},"excerpt":{"rendered":"<p>Elon Musk, kt\u00f3ry na pocz\u0105tku kadencji Donalda Trumpa by\u0142 twarz\u0105 rz\u0105dowego programu ograniczania wydatk\u00f3w publicznych, dzi\u015b nie wspomina tej wsp\u00f3\u0142pracy najlepiej. W nowym wywiadzie przyzna\u0142, \u017ce decyzja o zaanga\u017cowaniu si\u0119 w dzia\u0142ania administracji by\u0142a b\u0142\u0119dem, kt\u00f3rego nie powt\u00f3rzy\u0142by drugi raz. Musk podkre\u015bli\u0142, \u017ce cho\u0107 program mia\u0142 ambitne cele, jego efekty by\u0142y \u201ejedynie cz\u0119\u015bciowo skuteczne\u201d. Uwa\u017ca, &#8230; <a title=\"Elon Musk o wsp\u00f3\u0142pracy z Trumpem. &#8220;Drugi raz bym w to nie wchodzi\u0142&#8221;\" class=\"read-more\" href=\"https:\/\/dobrezrodla.com\/?p=11592\" aria-label=\"Read more about Elon Musk o wsp\u00f3\u0142pracy z Trumpem. &#8220;Drugi raz bym w to nie wchodzi\u0142&#8221;\">Read more<\/a><\/p>\n","protected":false},"author":1,"featured_media":0,"comment_status":"open","ping_status":"open","sticky":false,"template":"","format":"standard","meta":{"footnotes":""},"categories":[1],"tags":[],"class_list":["post-11592","post","type-post","status-publish","format-standard","hentry","category-uncategorized"],"_links":{"self":[{"href":"https:\/\/dobrezrodla.com\/index.php?rest_route=\/wp\/v2\/posts\/11592","targetHints":{"allow":["GET"]}}],"collection":[{"href":"https:\/\/dobrezrodla.com\/index.php?rest_route=\/wp\/v2\/posts"}],"about":[{"href":"https:\/\/dobrezrodla.com\/index.php?rest_route=\/wp\/v2\/types\/post"}],"author":[{"embeddable":true,"href":"https:\/\/dobrezrodla.com\/index.php?rest_route=\/wp\/v2\/users\/1"}],"replies":[{"embeddable":true,"href":"https:\/\/dobrezrodla.com\/index.php?rest_route=%2Fwp%2Fv2%2Fcomments&post=11592"}],"version-history":[{"count":1,"href":"https:\/\/dobrezrodla.com\/index.php?rest_route=\/wp\/v2\/posts\/11592\/revisions"}],"predecessor-version":[{"id":11593,"href":"https:\/\/dobrezrodla.com\/index.php?rest_route=\/wp\/v2\/posts\/11592\/revisions\/11593"}],"wp:attachment":[{"href":"https:\/\/dobrezrodla.com\/index.php?rest_route=%2Fwp%2Fv2%2Fmedia&parent=11592"}],"wp:term":[{"taxonomy":"category","embeddable":true,"href":"https:\/\/dobrezrodla.com\/index.php?rest_route=%2Fwp%2Fv2%2Fcategories&post=11592"},{"taxonomy":"post_tag","embeddable":true,"href":"https:\/\/dobrezrodla.com\/index.php?rest_route=%2Fwp%2Fv2%2Ftags&post=11592"}],"curies":[{"name":"wp","href":"https:\/\/api.w.org\/{rel}","templated":true}]}}