{"id":11630,"date":"2025-12-11T17:14:48","date_gmt":"2025-12-11T17:14:48","guid":{"rendered":"https:\/\/dobrezrodla.com\/?p=11630"},"modified":"2025-12-11T17:14:49","modified_gmt":"2025-12-11T17:14:49","slug":"slowa-olejnik-na-gali-vivy-o-nawrockim-widownia-zareagowala-oklaskami","status":"publish","type":"post","link":"https:\/\/dobrezrodla.com\/?p=11630","title":{"rendered":"S\u0142owa Olejnik na gali VIVY o Nawrockim. Widownia zareagowa\u0142a oklaskami"},"content":{"rendered":"\n<p>Druga edycja gali Viva! People Power 2025 zgromadzi\u0142a licznych przedstawicieli \u015bwiata medi\u00f3w, kultury i show-biznesu. Wydarzenie stanowi form\u0119 uhonorowania wp\u0142ywowych oraz inspiruj\u0105cych osobisto\u015bci, przyci\u0105gaj\u0105c wiele rozpoznawalnych nazwisk polskiej sceny publicznej. Na czerwonym dywanie pojawi\u0142y si\u0119 mi\u0119dzy innymi Ma\u0142gorzata Socha, Ma\u0142gorzata Ko\u017cuchowska, Cezary i Edyta Pazura oraz Agata M\u0142ynarska.<\/p>\n\n\n\n<p>W\u015br\u00f3d wyr\u00f3\u017cnionych os\u00f3b znalaz\u0142a si\u0119 tak\u017ce Monika Olejnik, kt\u00f3ra otrzyma\u0142a nagrod\u0119 specjaln\u0105 za ca\u0142okszta\u0142t dzia\u0142alno\u015bci oraz wk\u0142ad w kszta\u0142towanie polskiego dziennikarstwa. Statuetk\u0119 wr\u0119czy\u0142a Katarzyna Przybyszewska-Ortonowska, redaktor naczelna magazynu Viva!, podkre\u015blaj\u0105c, jak istotn\u0105 rol\u0119 pe\u0142ni\u0105 autorytety medialne w dobie dynamicznych przemian spo\u0142ecznych i politycznych.<\/p>\n\n\n\n<p>obrazek<\/p>\n\n\n\n<p>Przyznaniu wyr\u00f3\u017cnienia towarzyszy\u0142a kr\u00f3tka prezentacja przypominaj\u0105ca najwa\u017cniejsze momenty z d\u0142ugoletniej kariery Olejnik. Publiczno\u015b\u0107 nagrodzi\u0142a j\u0105 gromkimi brawami, jednak to, co wydarzy\u0142o si\u0119 zaraz po wr\u0119czeniu nagrody, wzbudzi\u0142o najwi\u0119ksze emocje.<\/p>\n\n\n\n<p>Mocny apel Moniki Olejnik w stron\u0119 prezydenta Karola Nawrockiego<br>Odbieraj\u0105c statuetk\u0119, dziennikarka odnios\u0142a si\u0119 bezpo\u015brednio do niedawnego weta prezydenta Karola Nawrockiego wobec tzw. ustawy \u0142a\u0144cuchowej:<\/p>\n\n\n\n<p>\u201ePrezydent niestety zawetowa\u0142 ustaw\u0119 \u0142a\u0144cuchow\u0105, co jest olbrzymim skandalem.\u201d<\/p>\n\n\n\n<p>Podkre\u015bli\u0142a r\u00f3wnie\u017c, \u017ce ma nadziej\u0119 na odwag\u0119 parlamentarzyst\u00f3w, w tym cz\u0142onk\u00f3w klubu Prawa i Sprawiedliwo\u015bci, kt\u00f3rzy wcze\u015bniej zaanga\u017cowali si\u0119 w poparcie ustawy. Wyrazi\u0142a oczekiwanie, \u017ce nie odst\u0105pi\u0105 od swojej decyzji i doprowadz\u0105 do wprowadzenia przepis\u00f3w chroni\u0105cych zwierz\u0119ta.<\/p>\n\n\n\n<p>Jej s\u0142owa spotka\u0142y si\u0119 z wyra\u017an\u0105 reakcj\u0105 zgromadzonych \u2013 na sali rozleg\u0142y si\u0119 gromkie brawa, a cz\u0119\u015b\u0107 go\u015bci wsta\u0142a z miejsc. Mimo \u017ce gala mia\u0142a przede wszystkim charakter rozrywkowo-uroczysty, to w\u0142a\u015bnie ten komentarz nada\u0142 wydarzeniu silny, spo\u0142eczno-polityczny wyd\u017awi\u0119k.<\/p>\n\n\n\n<p>Dziennikarka zako\u0144czy\u0142a swoje przem\u00f3wienie w l\u017cejszym tonie, wspominaj\u0105c z u\u015bmiechem anegdot\u0119 o swoim psie Saszy, kt\u00f3ry kiedy\u015b go\u015bci\u0142 z ni\u0105 w studiu programu \u201eKropka nad i\u201d. Opowiada\u0142a, \u017ce zwierzak \u201eprzespa\u0142 ca\u0142e 20 minut programu\u201d, co wywo\u0142a\u0142o u\u015bmiech na twarzach licznie zgromadzonych go\u015bci.<\/p>\n\n\n\n<p>TVN docenia niez\u0142omno\u015b\u0107 i autentyczno\u015b\u0107 Moniki Olejnik<\/p>\n\n\n\n<p>Po zako\u0144czeniu gali kana\u0142 TVN opublikowa\u0142 na Instagramie fragment wr\u0119czania nagrody, opisuj\u0105c charakterystyczny styl pracy dziennikarki:<\/p>\n\n\n\n<p>\u201eWyr\u00f3\u017cnienie dla autorki najostrzejszych pyta\u0144 i najbardziej odwa\u017cnych rozm\u00f3w. Za jej niez\u0142omn\u0105 postaw\u0119 i autentyczno\u015b\u0107 w mediach. Gratulacje!\u201d<\/p>\n\n\n\n<p>W ten spos\u00f3b redakcja podkre\u015bli\u0142a, \u017ce nagroda jest nie tylko symbolicznym wyr\u00f3\u017cnieniem, lecz tak\u017ce podsumowaniem wieloletniego dorobku Moniki Olejnik, kt\u00f3ra nie boi si\u0119 porusza\u0107 trudnych temat\u00f3w i wyra\u017ca\u0107 wyrazistych opinii w pracy dziennikarskiej.<\/p>\n\n\n\n<p>Tegoroczna gala pokaza\u0142a wi\u0119c nie tylko si\u0142\u0119 medialnych osobowo\u015bci, lecz tak\u017ce udowodni\u0142a, \u017ce kwestie spo\u0142eczne i polityczne nadal potrafi\u0105 wywo\u0142ywa\u0107 silne emocje \u2013 nawet podczas wyj\u0105tkowych, artystycznych i rozrywkowych wydarze\u0144.<\/p>\n","protected":false},"excerpt":{"rendered":"<p>Druga edycja gali Viva! People Power 2025 zgromadzi\u0142a licznych przedstawicieli \u015bwiata medi\u00f3w, kultury i show-biznesu. Wydarzenie stanowi form\u0119 uhonorowania wp\u0142ywowych oraz inspiruj\u0105cych osobisto\u015bci, przyci\u0105gaj\u0105c wiele rozpoznawalnych nazwisk polskiej sceny publicznej. Na czerwonym dywanie pojawi\u0142y si\u0119 mi\u0119dzy innymi Ma\u0142gorzata Socha, Ma\u0142gorzata Ko\u017cuchowska, Cezary i Edyta Pazura oraz Agata M\u0142ynarska. W\u015br\u00f3d wyr\u00f3\u017cnionych os\u00f3b znalaz\u0142a si\u0119 tak\u017ce Monika &#8230; <a title=\"S\u0142owa Olejnik na gali VIVY o Nawrockim. Widownia zareagowa\u0142a oklaskami\" class=\"read-more\" href=\"https:\/\/dobrezrodla.com\/?p=11630\" aria-label=\"Read more about S\u0142owa Olejnik na gali VIVY o Nawrockim. Widownia zareagowa\u0142a oklaskami\">Read more<\/a><\/p>\n","protected":false},"author":1,"featured_media":0,"comment_status":"open","ping_status":"open","sticky":false,"template":"","format":"standard","meta":{"footnotes":""},"categories":[1],"tags":[],"class_list":["post-11630","post","type-post","status-publish","format-standard","hentry","category-uncategorized"],"_links":{"self":[{"href":"https:\/\/dobrezrodla.com\/index.php?rest_route=\/wp\/v2\/posts\/11630","targetHints":{"allow":["GET"]}}],"collection":[{"href":"https:\/\/dobrezrodla.com\/index.php?rest_route=\/wp\/v2\/posts"}],"about":[{"href":"https:\/\/dobrezrodla.com\/index.php?rest_route=\/wp\/v2\/types\/post"}],"author":[{"embeddable":true,"href":"https:\/\/dobrezrodla.com\/index.php?rest_route=\/wp\/v2\/users\/1"}],"replies":[{"embeddable":true,"href":"https:\/\/dobrezrodla.com\/index.php?rest_route=%2Fwp%2Fv2%2Fcomments&post=11630"}],"version-history":[{"count":1,"href":"https:\/\/dobrezrodla.com\/index.php?rest_route=\/wp\/v2\/posts\/11630\/revisions"}],"predecessor-version":[{"id":11631,"href":"https:\/\/dobrezrodla.com\/index.php?rest_route=\/wp\/v2\/posts\/11630\/revisions\/11631"}],"wp:attachment":[{"href":"https:\/\/dobrezrodla.com\/index.php?rest_route=%2Fwp%2Fv2%2Fmedia&parent=11630"}],"wp:term":[{"taxonomy":"category","embeddable":true,"href":"https:\/\/dobrezrodla.com\/index.php?rest_route=%2Fwp%2Fv2%2Fcategories&post=11630"},{"taxonomy":"post_tag","embeddable":true,"href":"https:\/\/dobrezrodla.com\/index.php?rest_route=%2Fwp%2Fv2%2Ftags&post=11630"}],"curies":[{"name":"wp","href":"https:\/\/api.w.org\/{rel}","templated":true}]}}