{"id":11634,"date":"2025-12-11T17:16:01","date_gmt":"2025-12-11T17:16:01","guid":{"rendered":"https:\/\/dobrezrodla.com\/?p=11634"},"modified":"2025-12-11T17:16:01","modified_gmt":"2025-12-11T17:16:01","slug":"potwierdzily-sie-doniesienia-ws-nawrockiej-i-kwasniewskiej-oto-jaka-jest-prawda","status":"publish","type":"post","link":"https:\/\/dobrezrodla.com\/?p=11634","title":{"rendered":"Potwierdzi\u0142y si\u0119 doniesienia ws. Nawrockiej i Kwa\u015bniewskiej. Oto jaka jest prawda \u2013"},"content":{"rendered":"\n<p>Od kilku miesi\u0119cy Marta Nawrocka nieustannie jest na ustach wszystkich. Media i eksperci, krytycy i fani, \u015bledz\u0105 ka\u017cdy jej ruch i komentuj\u0105 ka\u017cde wyst\u0105pienie publiczne. Zazwyczaj w takich opiniach na pierwszy plan wychodz\u0105 oczywi\u015bcie kreacje kobiety, kt\u00f3ra u boku m\u0119\u017ca pe\u0142ni przede wszystkim funkcj\u0119 reprezentacyjn\u0105.<\/p>\n\n\n\n<p>Co rusz spotykaj\u0105ca si\u0119 z r\u00f3\u017cnymi przedstawicielami spo\u0142ecze\u0144stwa prezydentowa stara si\u0119 jednak wykorzysta\u0107 swoj\u0105 pozycj\u0119 i zrobi\u0107 co\u015b w imi\u0119 wy\u017cszego dobra. Za\u0142o\u017cona przez ni\u0105 organizacja ma nada\u0107 konkretny kierunek jej dzia\u0142alno\u015bci publicznej.<\/p>\n\n\n\n<p>W naturalny spos\u00f3b przy podejmowaniu tematu Nawrockiej nasuwaj\u0105 si\u0119 skojarzenia z jej poprzedniczkami. Najcz\u0119\u015bciej w tym przypadku wspomina si\u0119 o Agacie Dudzie, na tle kt\u00f3rej wybija si\u0119 od razu du\u017ca aktywno\u015b\u0107 39-latki, czy Jolanty Kwa\u015bniewskiej, z kt\u00f3r\u0105 \u0142\u0105cz\u0105 j\u0105 wyrazisty styl i otwarcie na kontakt z lud\u017ami.<\/p>\n\n\n\n<p>Czy\u017cby obecna pierwsza dama mia\u0142a szans\u0119 prze\u015bcign\u0105\u0107 \u017con\u0119 Aleksandra Kwa\u015bniewskiego?<\/p>\n\n\n\n<p>Nawrocka od pocz\u0105tku jest zestawiana z Kwa\u015bniewsk\u0105. Tu\u017c po zaprzysi\u0119\u017ceniu w niebezpo\u015bredni spos\u00f3b skomentowa\u0142a je te\u017c jej znana c\u00f3rka, Aleksandra Kwa\u015bniewska. Sama Jolanta jeszcze w czerwcu twierdzi\u0142a, \u017ce jej nast\u0119pczyni z pewno\u015bci\u0105 \u201c\u015bwietnie sobie poradzi\u201d, ale mia\u0142a dla niej jedn\u0105 konkretn\u0105 rad\u0119.<\/p>\n\n\n\n<p>\u201cProsz\u0119, aby\u015b przeczyta\u0142a moj\u0105 ksi\u0105\u017ck\u0119\u201d \u2013 powiedzia\u0142a w\u00f3wczas w rozmowie z \u201cTwoim Stylem\u201d, powo\u0142uj\u0105c si\u0119 na pozycj\u0119, w kt\u00f3rej opowiedzia\u0142a o swoich do\u015bwiadczeniach z okresu bycia pierwsz\u0105 dam\u0105. Takie informacje mog\u0142yby by\u0107 dla Nawrockiej przydatne.<\/p>\n\n\n\n<p>Dos\u0142ownie kilka dni po obj\u0119ciu stanowiska zosta\u0142a ona poddana kolejnej ocenie przez spo\u0142ecze\u0144stwo. W zrealizowanej przez United Surveys na zlecenie Wirtualnej Polski ankiecie musia\u0142a uzna\u0107 wy\u017cszo\u015b\u0107 Kwa\u015bniewskiej, kt\u00f3ra wed\u0142ug a\u017c 57,8 proc. respondent\u00f3w jest najlepsz\u0105 pierwsz\u0105 dam\u0105 w historii kraju. Z wynikiem 5,3 proc. Nawrocka uplasowa\u0142a si\u0119 na trzecim miejscu.<\/p>\n\n\n\n<p>Kilka miesi\u0119cy p\u00f3\u017aniej, bo pod koniec listopada, wyniki tej samej sondy by\u0142y ju\u017c jednak inne. Tym razem Nawrocka otrzyma\u0142a 18 proc. g\u0142os\u00f3w i znalaz\u0142a si\u0119 na podium tu\u017c za Kwa\u015bniewsk\u0105.<\/p>\n\n\n\n<p>A teraz panie zn\u00f3w por\u00f3wnano do siebie\u2026<\/p>\n\n\n\n<p>Nazwiska te zestawi\u0142 Daniel Jacob Dali, stylista, kt\u00f3ry od pocz\u0105tku obserwuje budowanie wizerunku publicznego Nawrockiej. Wed\u0142ug niego sporo j\u0105 \u0142\u0105czy z Kwa\u015bniewsk\u0105.<\/p>\n\n\n\n<p>\u201cW ko\u0144cu, po tylu latach od czas\u00f3w Jolanty Kwa\u015bniewskiej, mamy pierwsz\u0105 dam\u0119, kt\u00f3ra nie tylko zna si\u0119 na modzie, ale i jej styl jest fantastycznie wpisany w trendy, kt\u00f3re prezentuj\u0105 na domy mody\u201d \u2013 oceni\u0142 bez zawahania w rozmowie z \u201cTelemagazynem\u201d.<\/p>\n\n\n\n<p>Szczeg\u00f3lnie doceni\u0142 on stylizacj\u0119, w kt\u00f3rej prezydentowa pokaza\u0142a si\u0119 w weekend na kiermaszu w Warszawie.<\/p>\n\n\n\n<p>\u201cMarta Nawrocka za\u0142o\u017cy\u0142a rewelacyjnie skrojony i dopasowany garnitur (\u2026) z rozkloszowanymi spodniami oraz ko\u0142nierzem w st\u00f3jk\u0119. Do tego oczywi\u015bcie dobra\u0142a \u2013 jak nale\u017cy \u2013 czarne szpilki i czarn\u0105 ma\u0142\u0105 torebk\u0119. R\u00f3wnie\u017c ciekawym dodatkiem w projekcie by\u0142y cztery czarne guziki przy r\u0119kawie. Ca\u0142o\u015b\u0107 absolutnie zachwycaj\u0105ca\u201d \u2013 komentowa\u0142.<\/p>\n","protected":false},"excerpt":{"rendered":"<p>Od kilku miesi\u0119cy Marta Nawrocka nieustannie jest na ustach wszystkich. Media i eksperci, krytycy i fani, \u015bledz\u0105 ka\u017cdy jej ruch i komentuj\u0105 ka\u017cde wyst\u0105pienie publiczne. Zazwyczaj w takich opiniach na pierwszy plan wychodz\u0105 oczywi\u015bcie kreacje kobiety, kt\u00f3ra u boku m\u0119\u017ca pe\u0142ni przede wszystkim funkcj\u0119 reprezentacyjn\u0105. Co rusz spotykaj\u0105ca si\u0119 z r\u00f3\u017cnymi przedstawicielami spo\u0142ecze\u0144stwa prezydentowa stara &#8230; <a title=\"Potwierdzi\u0142y si\u0119 doniesienia ws. Nawrockiej i Kwa\u015bniewskiej. Oto jaka jest prawda \u2013\" class=\"read-more\" href=\"https:\/\/dobrezrodla.com\/?p=11634\" aria-label=\"Read more about Potwierdzi\u0142y si\u0119 doniesienia ws. Nawrockiej i Kwa\u015bniewskiej. Oto jaka jest prawda \u2013\">Read more<\/a><\/p>\n","protected":false},"author":1,"featured_media":0,"comment_status":"open","ping_status":"open","sticky":false,"template":"","format":"standard","meta":{"footnotes":""},"categories":[1],"tags":[],"class_list":["post-11634","post","type-post","status-publish","format-standard","hentry","category-uncategorized"],"_links":{"self":[{"href":"https:\/\/dobrezrodla.com\/index.php?rest_route=\/wp\/v2\/posts\/11634","targetHints":{"allow":["GET"]}}],"collection":[{"href":"https:\/\/dobrezrodla.com\/index.php?rest_route=\/wp\/v2\/posts"}],"about":[{"href":"https:\/\/dobrezrodla.com\/index.php?rest_route=\/wp\/v2\/types\/post"}],"author":[{"embeddable":true,"href":"https:\/\/dobrezrodla.com\/index.php?rest_route=\/wp\/v2\/users\/1"}],"replies":[{"embeddable":true,"href":"https:\/\/dobrezrodla.com\/index.php?rest_route=%2Fwp%2Fv2%2Fcomments&post=11634"}],"version-history":[{"count":1,"href":"https:\/\/dobrezrodla.com\/index.php?rest_route=\/wp\/v2\/posts\/11634\/revisions"}],"predecessor-version":[{"id":11635,"href":"https:\/\/dobrezrodla.com\/index.php?rest_route=\/wp\/v2\/posts\/11634\/revisions\/11635"}],"wp:attachment":[{"href":"https:\/\/dobrezrodla.com\/index.php?rest_route=%2Fwp%2Fv2%2Fmedia&parent=11634"}],"wp:term":[{"taxonomy":"category","embeddable":true,"href":"https:\/\/dobrezrodla.com\/index.php?rest_route=%2Fwp%2Fv2%2Fcategories&post=11634"},{"taxonomy":"post_tag","embeddable":true,"href":"https:\/\/dobrezrodla.com\/index.php?rest_route=%2Fwp%2Fv2%2Ftags&post=11634"}],"curies":[{"name":"wp","href":"https:\/\/api.w.org\/{rel}","templated":true}]}}