{"id":11636,"date":"2025-12-11T17:16:57","date_gmt":"2025-12-11T17:16:57","guid":{"rendered":"https:\/\/dobrezrodla.com\/?p=11636"},"modified":"2025-12-11T17:16:57","modified_gmt":"2025-12-11T17:16:57","slug":"jest-oficjalny-komunikat-o-pogrzebie-agnieszki-maciag-maz-pisarki-ma-szczegolna-prosbe","status":"publish","type":"post","link":"https:\/\/dobrezrodla.com\/?p=11636","title":{"rendered":"Jest oficjalny komunikat o pogrzebie Agnieszki Maci\u0105g. M\u0105\u017c pisarki ma szczeg\u00f3ln\u0105 pro\u015bb\u0119"},"content":{"rendered":"\n<p>Pod koniec listopada media obieg\u0142a wiadomo\u015b\u0107 o \u015bmierci Agnieszki Maci\u0105g. Niespe\u0142na dwa tygodnie po odej\u015bciu gwiazdy jej m\u0105\u017c, Robert Wola\u0144ski, poinformowa\u0142 o dacie ostatniego po\u017cegnania kobiety. Przy okazji zwr\u00f3ci\u0142 si\u0119 do jej bran\u017cowych koleg\u00f3w i kole\u017canek oraz fan\u00f3w z konkretn\u0105 pro\u015bb\u0105.<\/p>\n\n\n\n<p>Nie \u017cyje Agnieszka Maci\u0105g. Mia\u0142a 56 lat<\/p>\n\n\n\n<p>Wiadomo\u015b\u0107 o \u015bmierci Agnieszki Maci\u0105g nap\u0142yn\u0119\u0142a do medi\u00f3w we \u015brod\u0119, 27 listopada. Smutne wie\u015bci przekaza\u0142 jej wieloletni m\u0105\u017c, Robert Wola\u0144ski.<\/p>\n\n\n\n<p>\u201cDzisiaj zgas\u0142o moje S\u0142o\u0144ce. \u015awiat\u0142o, kt\u00f3re zmieni\u0142o moje \u017cycie. Da\u0142o mi Mi\u0142o\u015b\u0107. Si\u0142\u0119. Wiar\u0119 i Zaufanie. \u015awiat\u0142o, kt\u00f3re rzuca\u0142o jasno\u015b\u0107 na nasz\u0105 wsp\u00f3ln\u0105 drog\u0119. Nasz sens \u017cycia. Nasz dom i miejsce na ziemi. (\u2026) Teraz \u015awiat\u0142o\u015bci\u0105 jeste\u015b Ty. B\u0105d\u017a wolna, bo zawsze kocha\u0142a\u015b Wolno\u015b\u0107. B\u0119d\u0119 zawsze widzie\u0107 Twoje oczy pe\u0142ne Mi\u0142o\u015bci (\u2026)\u201d \u2013 napisa\u0142 w\u00f3wczas w sieci fotograf.<\/p>\n\n\n\n<p>Informacja ta wywo\u0142a\u0142a ogromne poruszenie w bran\u017cy. Wyrazy wsp\u00f3\u0142czucia z\u0142o\u017cy\u0142o rodzinie pisarki mn\u00f3stwo znanych os\u00f3b, m.in. Anna Lewandowska, Joanna Racewicz, Katarzyna Nosowska, Joanna Jab\u0142czy\u0144ska, Edyta Herbu\u015b czy Magda Steczkowska. Tydzie\u0144 p\u00f3\u017aniej uczczono jej pami\u0119\u0107 na gali magazynu, z kt\u00f3rym by\u0142a ona przez wiele lat zwi\u0105zana.<\/p>\n\n\n\n<p>Kilkana\u015bcie dni po \u015bmierci 56-latki, kt\u00f3ra od pewnego czasu zmaga\u0142a si\u0119 z powa\u017cn\u0105 chorob\u0105, pojawi\u0142y si\u0119 szczeg\u00f3\u0142y dotycz\u0105ce jej pogrzebu.<\/p>\n\n\n\n<p>Jest oficjalny komunikat o pogrzebie Agnieszki Maci\u0105g. M\u0105\u017c pisarki ma szczeg\u00f3ln\u0105 pro\u015bb\u0119<br>W poniedzia\u0142ek p\u00f3\u017anym popo\u0142udniem na profilu autorki na Instagramie pojawi\u0142 si\u0119 nowy post. Czarno-bia\u0142emu zdj\u0119ciu u\u015bmiechni\u0119tej Agnieszki towarzyszy zawiadomienie o jej pogrzebie.<\/p>\n\n\n\n<p>\u201cOstanie po\u017cegnanie z Agnieszk\u0105 odb\u0119dzie si\u0119 w poniedzia\u0142ek, 15 grudnia, o godzinie 11:00 w Warszawie, na (\u2026) Pow\u0105zkach (\u2026). B\u0119dziemy wdzi\u0119czni za odprowadzenie jej w duchu spokoju, mi\u0142o\u015bci i szacunku dla Agnieszki oraz jej bliskich. Niech (\u2026) wejdzie do \u015awiat\u0142a w Pe\u0142ni Szcz\u0119\u015bcia\u201d \u2013 brzmi komunikat wystosowany przez Roberta Wola\u0144skiego i rodzin\u0119 gwiazdy.<\/p>\n\n\n\n<p>Najbli\u017csi Maci\u0105g zwr\u00f3cili si\u0119 do odbiorc\u00f3w ze szczeg\u00f3ln\u0105 pro\u015bb\u0105.<\/p>\n\n\n\n<p>\u201cZamiast kwiat\u00f3w zach\u0119camy wszystkich, aby z wdzi\u0119czno\u015bci za niezwyk\u0142e wsparcie Agnieszki w leczeniu przeznaczy\u0107 \u015brodki na Fundacj\u0119 (\u2026), kt\u00f3ra nadal wspiera wiele wspania\u0142ych os\u00f3b (\u2026)\u201d \u2013 czytamy.<\/p>\n\n\n\n<p>W o\u015bwiadczeniu do\u0142\u0105czono numer konta, na kt\u00f3ry mo\u017cna przekazywa\u0107 wp\u0142aty, najlepiej ze wzruszaj\u0105cym dopiskiem \u201cpe\u0142nia \u017cycia\u201d, kt\u00f3ry pochodzi od tytu\u0142u jednej z ksi\u0105\u017cek Maci\u0105g.<\/p>\n\n\n\n<p>M\u0105\u017c Agnieszki Maci\u0105g odpowiedzia\u0142 na pytanie fan\u00f3w. Pad\u0142a deklaracja: \u201cPostaram si\u0119\u201d<br>Dzie\u0144 wcze\u015bniej na tym samym profilu opublikowano wiersz poetki, pochodz\u0105cy z tomiku \u201cZielone Pantofle\u201d. Wpis zebra\u0142 kilkana\u015bcie tysi\u0119cy \u201cserduszek\u201d i ponad 700 komentarzy.<\/p>\n\n\n\n<p>W\u015br\u00f3d g\u0142os\u00f3w obserwator\u00f3w powraca\u0142o pytanie, co teraz stanie si\u0119 z obserwowanym przez niemal 200 tys. os\u00f3b kontem, o kt\u00f3re tak dba\u0142a Maci\u0105g. Jej m\u0105\u017c nie m\u00f3g\u0142 przemilcze\u0107 tego w\u0105tku.<\/p>\n\n\n\n<p>\u201cPostaram si\u0119, aby to miejsce dalej \u017cy\u0142o. Z szacunkiem<\/p>\n","protected":false},"excerpt":{"rendered":"<p>Pod koniec listopada media obieg\u0142a wiadomo\u015b\u0107 o \u015bmierci Agnieszki Maci\u0105g. Niespe\u0142na dwa tygodnie po odej\u015bciu gwiazdy jej m\u0105\u017c, Robert Wola\u0144ski, poinformowa\u0142 o dacie ostatniego po\u017cegnania kobiety. Przy okazji zwr\u00f3ci\u0142 si\u0119 do jej bran\u017cowych koleg\u00f3w i kole\u017canek oraz fan\u00f3w z konkretn\u0105 pro\u015bb\u0105. Nie \u017cyje Agnieszka Maci\u0105g. Mia\u0142a 56 lat Wiadomo\u015b\u0107 o \u015bmierci Agnieszki Maci\u0105g nap\u0142yn\u0119\u0142a do &#8230; <a title=\"Jest oficjalny komunikat o pogrzebie Agnieszki Maci\u0105g. M\u0105\u017c pisarki ma szczeg\u00f3ln\u0105 pro\u015bb\u0119\" class=\"read-more\" href=\"https:\/\/dobrezrodla.com\/?p=11636\" aria-label=\"Read more about Jest oficjalny komunikat o pogrzebie Agnieszki Maci\u0105g. M\u0105\u017c pisarki ma szczeg\u00f3ln\u0105 pro\u015bb\u0119\">Read more<\/a><\/p>\n","protected":false},"author":1,"featured_media":0,"comment_status":"open","ping_status":"open","sticky":false,"template":"","format":"standard","meta":{"footnotes":""},"categories":[1],"tags":[],"class_list":["post-11636","post","type-post","status-publish","format-standard","hentry","category-uncategorized"],"_links":{"self":[{"href":"https:\/\/dobrezrodla.com\/index.php?rest_route=\/wp\/v2\/posts\/11636","targetHints":{"allow":["GET"]}}],"collection":[{"href":"https:\/\/dobrezrodla.com\/index.php?rest_route=\/wp\/v2\/posts"}],"about":[{"href":"https:\/\/dobrezrodla.com\/index.php?rest_route=\/wp\/v2\/types\/post"}],"author":[{"embeddable":true,"href":"https:\/\/dobrezrodla.com\/index.php?rest_route=\/wp\/v2\/users\/1"}],"replies":[{"embeddable":true,"href":"https:\/\/dobrezrodla.com\/index.php?rest_route=%2Fwp%2Fv2%2Fcomments&post=11636"}],"version-history":[{"count":1,"href":"https:\/\/dobrezrodla.com\/index.php?rest_route=\/wp\/v2\/posts\/11636\/revisions"}],"predecessor-version":[{"id":11637,"href":"https:\/\/dobrezrodla.com\/index.php?rest_route=\/wp\/v2\/posts\/11636\/revisions\/11637"}],"wp:attachment":[{"href":"https:\/\/dobrezrodla.com\/index.php?rest_route=%2Fwp%2Fv2%2Fmedia&parent=11636"}],"wp:term":[{"taxonomy":"category","embeddable":true,"href":"https:\/\/dobrezrodla.com\/index.php?rest_route=%2Fwp%2Fv2%2Fcategories&post=11636"},{"taxonomy":"post_tag","embeddable":true,"href":"https:\/\/dobrezrodla.com\/index.php?rest_route=%2Fwp%2Fv2%2Ftags&post=11636"}],"curies":[{"name":"wp","href":"https:\/\/api.w.org\/{rel}","templated":true}]}}