{"id":11640,"date":"2025-12-11T17:18:02","date_gmt":"2025-12-11T17:18:02","guid":{"rendered":"https:\/\/dobrezrodla.com\/?p=11640"},"modified":"2025-12-11T17:18:02","modified_gmt":"2025-12-11T17:18:02","slug":"nawrocka-ruszyla-w-tany-ale-cale-show-skradla-jej-corka-kasia-nagle-zrobila-cos-takiego","status":"publish","type":"post","link":"https:\/\/dobrezrodla.com\/?p=11640","title":{"rendered":"Nawrocka ruszy\u0142a w tany, ale ca\u0142e show skrad\u0142a jej c\u00f3rka. Kasia nagle zrobi\u0142a co\u015b takiego \u2013"},"content":{"rendered":"\n<p>1\/8 Marta Nawrocka na \u015bwi\u0105tecznym wydarzeniu<\/p>\n\n\n\n<p>fot. Instagram<\/p>\n\n\n\n<p>Marta Nawrocka spe\u0142nia si\u0119 w roli Pierwszej Damy. Od czasu wybor\u00f3w jej m\u0119\u017ca mocno anga\u017cuje si\u0119 w sytuacj\u0119 Polak\u00f3w, a tak\u017ce je\u017adzi po ca\u0142ym kraju, by spotka\u0107 si\u0119 z wyborcami.<\/p>\n\n\n\n<p>Tym razem zaprosi\u0142a go\u015bci do Pa\u0142acu Prezydenckiego. Wydarzenie pe\u0142ne ta\u0144c\u00f3w i przebieranek przyku\u0142o uwag\u0119 wszystkich. Pierwsze skrzypce po raz kolejny gra\u0142a Kasia. C\u00f3rka pary prezydenckiej bez w\u0105tpienia ma gust!<\/p>\n\n\n\n<p>2\/8 Marta Nawrocka jako Pierwsza Dama<\/p>\n\n\n\n<p>fot. Instagram<\/p>\n\n\n\n<p>Marta Nawrocka od kilku miesi\u0119cy sprawuje jedn\u0105 z najwa\u017cniejszych r\u00f3l w Polsce. U boku m\u0119\u017ca reprezentuje nasz kraj podczas zagranicznych podr\u00f3\u017cy, ale sama tak\u017ce anga\u017cuje si\u0119 w sprawy obywateli.<\/p>\n\n\n\n<p>Zbli\u017caj\u0105ce si\u0119 \u015bwi\u0119ta Bo\u017cego Narodzenia by\u0142y okazj\u0105 do pokazania troski o tradycj\u0119 i rodzinn\u0105 atmosfer\u0119. Marta Nawrocka wraz z c\u00f3reczk\u0105 zaprosi\u0142a go\u015bci do Pa\u0142acu prezydenckiego.<\/p>\n\n\n\n<p>3\/8 Go\u015bcie w Pa\u0142acu Prezydenckim<\/p>\n\n\n\n<p>fot. Instagram<\/p>\n\n\n\n<p>Wielka Sie\u0144 Pa\u0142acu Prezydenckiego w Warszawie sta\u0142a si\u0119 miejscem \u015bwi\u0105tecznego spotkania Pierwszej Damy z m\u0142odzie\u017c\u0105 i nauczycielami jednego z liceum w Zakopanem.<\/p>\n\n\n\n<p>W programie by\u0142o wiele atrakcji dla wszystkich m.in.: ubieranie choinki. Marta Nawrocka zadba\u0142a, by jej nowy dom mia\u0142 jak najbardziej \u015bwi\u0105teczn\u0105 atmosfer\u0119.<\/p>\n\n\n\n<p>4\/8 \u015awi\u0105teczne spotkanie u Marty Nawrockiej<\/p>\n\n\n\n<p>fot. Instagram<\/p>\n\n\n\n<p>Dzi\u015b w Pa\u0142acu Prezydenckim zapanowa\u0142 prawdziwie g\u00f3ralski klimat. Razem z uczniami i nauczycielami zakopia\u0144skiego liceum ubierali\u015bmy choink\u0119 w Sieni Wielkiej Pa\u0142acu Prezydenckiego. M\u0142odzie\u017c przygotowa\u0142a wyj\u0105tkowe ozdoby z papieru, drewna i kolorowych w\u0142\u00f3czek, nawi\u0105zuj\u0105ce do tradycji Podhala. To pi\u0119kne widzie\u0107, jak z dum\u0105 m\u0142odzi piel\u0119gnuj\u0105 kultur\u0119 swojego regionu \u2013 zw\u0142aszcza teraz, gdy szko\u0142a zbli\u017ca si\u0119 do 150-lecia swojej dzia\u0142alno\u015bci \u2013 przekaza\u0142a Pierwsza Dama w mediach spo\u0142eczno\u015bciowych.<\/p>\n\n\n\n<p>5\/8 \u015awi\u0105teczne spotkanie u Marty Nawrockiej<\/p>\n\n\n\n<p>fot. Instagram<\/p>\n\n\n\n<p>Pierwsza Dama otrzyma\u0142a r\u00f3wnie\u017c drobne upominki od przyby\u0142ych go\u015bci. W ko\u0144cu okres bo\u017conarodzeniowy zobowi\u0105zuje do okazywania sobie sympatii przez drobne gesty.<\/p>\n\n\n\n<p>By\u0142 to jednak dopiero pocz\u0105tek \u015bwi\u0105tecznej zabawy.<\/p>\n\n\n\n<p>6\/8 \u015awi\u0105teczne spotkanie u Marty Nawrockiej<\/p>\n\n\n\n<p>fot. Instagram<\/p>\n\n\n\n<p>Pierwsza Dama mia\u0142a nawet okazj\u0119 do zabawy w i\u015bcie g\u00f3ralskim klimacie. W mediach spo\u0142eczno\u015bciowych pokaza\u0142a, jak wraz z Kasi\u0105 rusza w tan wraz z przyby\u0142ymi go\u015b\u0107mi.<\/p>\n\n\n\n<p>To w\u0142a\u015bnie najm\u0142odsza pociecha pary prezydenckiej towarzyszy\u0142a mamie w oficjalnym wydarzeniu. Dziewczynka czu\u0142a si\u0119 jak ryba w wodzie przy muzyce i m\u0142odzie\u017cy.<\/p>\n\n\n\n<p>7\/8 \u015awi\u0105teczne spotkanie u Marty Nawrockiej<\/p>\n\n\n\n<p>fot. Instagram<\/p>\n\n\n\n<p>Kasia Nawrocka wyr\u00f3\u017cnia\u0142a si\u0119 na tle wszystkich z powodu swojej stylizacji. C\u00f3rka pary prezydenckiej w\u0142o\u017cy\u0142a eleganck\u0105 br\u0105zow\u0105 sukienk\u0119, ale najwi\u0119cej uwagi przyci\u0105ga\u0142a jej opaska z poro\u017cem renifera.<\/p>\n\n\n\n<p>Ozdoba doskonale oddawa\u0142a beztrosk\u0119 i m\u0142odo\u015b\u0107 Kasi. Wida\u0107, \u017ce ju\u017c nie mo\u017ce doczeka\u0107 si\u0119 bo\u017conarodzeniowego \u015bwi\u0119towania.<\/p>\n\n\n\n<p>8\/8 \u015awi\u0105teczne spotkanie u Marty Nawrockiej<\/p>\n\n\n\n<p>fot. Instagram<\/p>\n\n\n\n<p>\u015awi\u0105teczne spotkanie u Marty Nawrockiej by\u0142o okazj\u0105 do zawarcia nowych znajomo\u015bci i celebrowania najwa\u017cniejszych warto\u015bci Bo\u017cego Narodzenia. Kasia Nawrocka z przyjemno\u015bci\u0105 nawet przytuli\u0142a tancerki, kt\u00f3re przygotowa\u0142y dla niej pokaz.<\/p>\n\n\n\n<p>Pierwsza Dama zapewni\u0142a uczestnikom rodzinn\u0105 atmosfer\u0119 w Pa\u0142acu Prezydenckim. To kolejny sukces, kt\u00f3ry zosta\u0142 pochwalony przez internaut\u00f3w.<\/p>\n","protected":false},"excerpt":{"rendered":"<p>1\/8 Marta Nawrocka na \u015bwi\u0105tecznym wydarzeniu fot. Instagram Marta Nawrocka spe\u0142nia si\u0119 w roli Pierwszej Damy. Od czasu wybor\u00f3w jej m\u0119\u017ca mocno anga\u017cuje si\u0119 w sytuacj\u0119 Polak\u00f3w, a tak\u017ce je\u017adzi po ca\u0142ym kraju, by spotka\u0107 si\u0119 z wyborcami. Tym razem zaprosi\u0142a go\u015bci do Pa\u0142acu Prezydenckiego. Wydarzenie pe\u0142ne ta\u0144c\u00f3w i przebieranek przyku\u0142o uwag\u0119 wszystkich. Pierwsze skrzypce &#8230; <a title=\"Nawrocka ruszy\u0142a w tany, ale ca\u0142e show skrad\u0142a jej c\u00f3rka. Kasia nagle zrobi\u0142a co\u015b takiego \u2013\" class=\"read-more\" href=\"https:\/\/dobrezrodla.com\/?p=11640\" aria-label=\"Read more about Nawrocka ruszy\u0142a w tany, ale ca\u0142e show skrad\u0142a jej c\u00f3rka. Kasia nagle zrobi\u0142a co\u015b takiego \u2013\">Read more<\/a><\/p>\n","protected":false},"author":1,"featured_media":0,"comment_status":"open","ping_status":"open","sticky":false,"template":"","format":"standard","meta":{"footnotes":""},"categories":[1],"tags":[],"class_list":["post-11640","post","type-post","status-publish","format-standard","hentry","category-uncategorized"],"_links":{"self":[{"href":"https:\/\/dobrezrodla.com\/index.php?rest_route=\/wp\/v2\/posts\/11640","targetHints":{"allow":["GET"]}}],"collection":[{"href":"https:\/\/dobrezrodla.com\/index.php?rest_route=\/wp\/v2\/posts"}],"about":[{"href":"https:\/\/dobrezrodla.com\/index.php?rest_route=\/wp\/v2\/types\/post"}],"author":[{"embeddable":true,"href":"https:\/\/dobrezrodla.com\/index.php?rest_route=\/wp\/v2\/users\/1"}],"replies":[{"embeddable":true,"href":"https:\/\/dobrezrodla.com\/index.php?rest_route=%2Fwp%2Fv2%2Fcomments&post=11640"}],"version-history":[{"count":1,"href":"https:\/\/dobrezrodla.com\/index.php?rest_route=\/wp\/v2\/posts\/11640\/revisions"}],"predecessor-version":[{"id":11641,"href":"https:\/\/dobrezrodla.com\/index.php?rest_route=\/wp\/v2\/posts\/11640\/revisions\/11641"}],"wp:attachment":[{"href":"https:\/\/dobrezrodla.com\/index.php?rest_route=%2Fwp%2Fv2%2Fmedia&parent=11640"}],"wp:term":[{"taxonomy":"category","embeddable":true,"href":"https:\/\/dobrezrodla.com\/index.php?rest_route=%2Fwp%2Fv2%2Fcategories&post=11640"},{"taxonomy":"post_tag","embeddable":true,"href":"https:\/\/dobrezrodla.com\/index.php?rest_route=%2Fwp%2Fv2%2Ftags&post=11640"}],"curies":[{"name":"wp","href":"https:\/\/api.w.org\/{rel}","templated":true}]}}