{"id":11644,"date":"2025-12-11T17:19:03","date_gmt":"2025-12-11T17:19:03","guid":{"rendered":"https:\/\/dobrezrodla.com\/?p=11644"},"modified":"2025-12-11T17:19:04","modified_gmt":"2025-12-11T17:19:04","slug":"karol-nawrocki-uderzyl-w-lecha-walese-tak-mu-dosolil-ze-az-poszlo-w-piety","status":"publish","type":"post","link":"https:\/\/dobrezrodla.com\/?p=11644","title":{"rendered":"Karol Nawrocki uderzy\u0142 w Lecha Wa\u0142\u0119s\u0119. Tak mu dosoli\u0142, \u017ce a\u017c posz\u0142o w pi\u0119ty"},"content":{"rendered":"\n<p>Drodzy widzowie, dzi\u015b dotkniemy tematu, kt\u00f3ry od lat dzieli Polak\u00f3w, wzbudza skrajne emocje i wci\u0105\u017c powraca jak bumerang. Podczas obchod\u00f3w **45. rocznicy Porozumie\u0144 Sierpniowych** \u2013 momentu, kt\u00f3ry mia\u0142 by\u0107 \u015bwi\u0119tem jedno\u015bci, wolno\u015bci i pami\u0119ci \u2013 dosz\u0142o do wydarzenia, kt\u00f3re wstrz\u0105sn\u0119\u0142o opini\u0105 publiczn\u0105.<\/p>\n\n\n\n<p>Karol Nawrocki, prezes Instytutu Pami\u0119ci Narodowej, postanowi\u0142 w swoim wyst\u0105pieniu nie tylko wspomnie\u0107 o bohaterach \u201eSolidarno\u015bci\u201d, ale tak\u017ce **bezlito\u015bnie uderzy\u0142 w Lecha Wa\u0142\u0119s\u0119**. Jego s\u0142owa by\u0142y jak policzek wymierzony w cz\u0142owieka, kt\u00f3rego wielu uwa\u017ca za najwi\u0119kszego symbolu walki z komunizmem.<\/p>\n\n\n\n<p>Czy Lech Wa\u0142\u0119sa by\u0142 rzeczywi\u015bcie niez\u0142omnym liderem, czy raczej cz\u0142owiekiem o dw\u00f3ch twarzach?<br>I dlaczego Nawrocki wybra\u0142 w\u0142a\u015bnie ten moment, aby tak mocno go zaatakowa\u0107?<\/p>\n\n\n\n<p>Lech Wa\u0142\u0119sa \u2013 dla jednych bohater narodowy, dla innych zdrajca. By\u0142y prezydent Polski, laureat Pokojowej Nagrody Nobla, cz\u0142owiek, kt\u00f3ry wsp\u00f3lnie z milionami Polak\u00f3w obali\u0142 komunizm\u2026 ale te\u017c posta\u0107 uwik\u0142ana w jeden z najwi\u0119kszych i najbardziej dramatycznych spor\u00f3w w naszej historii najnowszej<\/p>\n","protected":false},"excerpt":{"rendered":"<p>Drodzy widzowie, dzi\u015b dotkniemy tematu, kt\u00f3ry od lat dzieli Polak\u00f3w, wzbudza skrajne emocje i wci\u0105\u017c powraca jak bumerang. Podczas obchod\u00f3w **45. rocznicy Porozumie\u0144 Sierpniowych** \u2013 momentu, kt\u00f3ry mia\u0142 by\u0107 \u015bwi\u0119tem jedno\u015bci, wolno\u015bci i pami\u0119ci \u2013 dosz\u0142o do wydarzenia, kt\u00f3re wstrz\u0105sn\u0119\u0142o opini\u0105 publiczn\u0105. Karol Nawrocki, prezes Instytutu Pami\u0119ci Narodowej, postanowi\u0142 w swoim wyst\u0105pieniu nie tylko wspomnie\u0107 &#8230; <a title=\"Karol Nawrocki uderzy\u0142 w Lecha Wa\u0142\u0119s\u0119. Tak mu dosoli\u0142, \u017ce a\u017c posz\u0142o w pi\u0119ty\" class=\"read-more\" href=\"https:\/\/dobrezrodla.com\/?p=11644\" aria-label=\"Read more about Karol Nawrocki uderzy\u0142 w Lecha Wa\u0142\u0119s\u0119. Tak mu dosoli\u0142, \u017ce a\u017c posz\u0142o w pi\u0119ty\">Read more<\/a><\/p>\n","protected":false},"author":1,"featured_media":0,"comment_status":"open","ping_status":"open","sticky":false,"template":"","format":"standard","meta":{"footnotes":""},"categories":[1],"tags":[],"class_list":["post-11644","post","type-post","status-publish","format-standard","hentry","category-uncategorized"],"_links":{"self":[{"href":"https:\/\/dobrezrodla.com\/index.php?rest_route=\/wp\/v2\/posts\/11644","targetHints":{"allow":["GET"]}}],"collection":[{"href":"https:\/\/dobrezrodla.com\/index.php?rest_route=\/wp\/v2\/posts"}],"about":[{"href":"https:\/\/dobrezrodla.com\/index.php?rest_route=\/wp\/v2\/types\/post"}],"author":[{"embeddable":true,"href":"https:\/\/dobrezrodla.com\/index.php?rest_route=\/wp\/v2\/users\/1"}],"replies":[{"embeddable":true,"href":"https:\/\/dobrezrodla.com\/index.php?rest_route=%2Fwp%2Fv2%2Fcomments&post=11644"}],"version-history":[{"count":1,"href":"https:\/\/dobrezrodla.com\/index.php?rest_route=\/wp\/v2\/posts\/11644\/revisions"}],"predecessor-version":[{"id":11645,"href":"https:\/\/dobrezrodla.com\/index.php?rest_route=\/wp\/v2\/posts\/11644\/revisions\/11645"}],"wp:attachment":[{"href":"https:\/\/dobrezrodla.com\/index.php?rest_route=%2Fwp%2Fv2%2Fmedia&parent=11644"}],"wp:term":[{"taxonomy":"category","embeddable":true,"href":"https:\/\/dobrezrodla.com\/index.php?rest_route=%2Fwp%2Fv2%2Fcategories&post=11644"},{"taxonomy":"post_tag","embeddable":true,"href":"https:\/\/dobrezrodla.com\/index.php?rest_route=%2Fwp%2Fv2%2Ftags&post=11644"}],"curies":[{"name":"wp","href":"https:\/\/api.w.org\/{rel}","templated":true}]}}