{"id":11657,"date":"2025-12-11T19:59:22","date_gmt":"2025-12-11T19:59:22","guid":{"rendered":"https:\/\/dobrezrodla.com\/?p=11657"},"modified":"2025-12-11T19:59:22","modified_gmt":"2025-12-11T19:59:22","slug":"papiez-leon-xiv-zaproszony-do-polski-to-dobra-okazja-padly-pierwsze-slowa-watykanu","status":"publish","type":"post","link":"https:\/\/dobrezrodla.com\/?p=11657","title":{"rendered":"Papie\u017c Leon XIV zaproszony do Polski! \u201eTo dobra okazja\u201d \u2013 pad\u0142y pierwsze s\u0142owa Watykanu"},"content":{"rendered":"\n<p>Polski Episkopat z\u0142o\u017cy\u0142 oficjalne zaproszenie do papie\u017ca Leona XIV, by odwiedzi\u0142 nasz kraj. Jak ujawni\u0142 arcybiskup Tadeusz Wojda, list z zaproszeniem zosta\u0142 wr\u0119czony osobi\u015bcie podczas wizyty w Watykanie. <\/p>\n\n\n\n<p>Okazj\u0105 mia\u0142aby by\u0107 <strong>150. rocznica objawie\u0144 w Gietrzwa\u0142dzie w 2027 roku<\/strong> \u2013 wydarzenie o ogromnym znaczeniu duchowym i historycznym.<\/p>\n\n\n\n<p>Reakcja Ojca \u015awi\u0119tego? Jak relacjonuje abp Wojda \u2013 bardzo pozytywna. \u2013 <strong>Papie\u017c powiedzia\u0142, \u017ce to dobra okazja<\/strong> i \u017ce musz\u0105 jeszcze dok\u0142adnie przeanalizowa\u0107 terminy. <\/p>\n\n\n\n<p>Rok 2026 jest ju\u017c ca\u0142kowicie wype\u0142niony, ale kolejny \u2013 cho\u0107 wypada w roku wyborczym w Polsce \u2013 wci\u0105\u017c wchodzi w gr\u0119.<\/p>\n\n\n\n<p>Leon XIV zdradzi\u0142 r\u00f3wnie\u017c, \u017ce zna nieco Polsk\u0119 i dopytywa\u0142, kt\u00f3ry papie\u017c odwiedzi\u0142 nas jako ostatni. Po przypomnieniu, \u017ce by\u0142 to Franciszek w czasie \u015awiatowych Dni M\u0142odzie\u017cy, mia\u0142 odpowiedzie\u0107: \u201eTo rzeczywi\u015bcie dobrze by by\u0142o odwiedzi\u0107\u201d.<\/p>\n\n\n\n<p>Podczas spotkania z Prezydium Episkopatu \u2013 arcybiskupem Wojd\u0105, arcybiskupem Kupnym i biskupem Marczakiem \u2013 rozmawiano te\u017c o sytuacji Ko\u015bcio\u0142a w Polsce oraz o rocznicy s\u0142ynnego listu biskup\u00f3w polskich do niemieckich sprzed 60 lat.<\/p>\n\n\n\n<p>Cho\u0107 nie zapad\u0142a jeszcze oficjalna decyzja, wszystko wskazuje na to, \u017ce <strong>pielgrzymka Leona XIV do Polski jest realna jak nigdy wcze\u015bniej<\/strong>.<\/p>\n","protected":false},"excerpt":{"rendered":"<p>Polski Episkopat z\u0142o\u017cy\u0142 oficjalne zaproszenie do papie\u017ca Leona XIV, by odwiedzi\u0142 nasz kraj. Jak ujawni\u0142 arcybiskup Tadeusz Wojda, list z zaproszeniem zosta\u0142 wr\u0119czony osobi\u015bcie podczas wizyty w Watykanie. Okazj\u0105 mia\u0142aby by\u0107 150. rocznica objawie\u0144 w Gietrzwa\u0142dzie w 2027 roku \u2013 wydarzenie o ogromnym znaczeniu duchowym i historycznym. Reakcja Ojca \u015awi\u0119tego? Jak relacjonuje abp Wojda \u2013 &#8230; <a title=\"Papie\u017c Leon XIV zaproszony do Polski! \u201eTo dobra okazja\u201d \u2013 pad\u0142y pierwsze s\u0142owa Watykanu\" class=\"read-more\" href=\"https:\/\/dobrezrodla.com\/?p=11657\" aria-label=\"Read more about Papie\u017c Leon XIV zaproszony do Polski! \u201eTo dobra okazja\u201d \u2013 pad\u0142y pierwsze s\u0142owa Watykanu\">Read more<\/a><\/p>\n","protected":false},"author":1,"featured_media":0,"comment_status":"open","ping_status":"open","sticky":false,"template":"","format":"standard","meta":{"footnotes":""},"categories":[1],"tags":[],"class_list":["post-11657","post","type-post","status-publish","format-standard","hentry","category-uncategorized"],"_links":{"self":[{"href":"https:\/\/dobrezrodla.com\/index.php?rest_route=\/wp\/v2\/posts\/11657","targetHints":{"allow":["GET"]}}],"collection":[{"href":"https:\/\/dobrezrodla.com\/index.php?rest_route=\/wp\/v2\/posts"}],"about":[{"href":"https:\/\/dobrezrodla.com\/index.php?rest_route=\/wp\/v2\/types\/post"}],"author":[{"embeddable":true,"href":"https:\/\/dobrezrodla.com\/index.php?rest_route=\/wp\/v2\/users\/1"}],"replies":[{"embeddable":true,"href":"https:\/\/dobrezrodla.com\/index.php?rest_route=%2Fwp%2Fv2%2Fcomments&post=11657"}],"version-history":[{"count":1,"href":"https:\/\/dobrezrodla.com\/index.php?rest_route=\/wp\/v2\/posts\/11657\/revisions"}],"predecessor-version":[{"id":11658,"href":"https:\/\/dobrezrodla.com\/index.php?rest_route=\/wp\/v2\/posts\/11657\/revisions\/11658"}],"wp:attachment":[{"href":"https:\/\/dobrezrodla.com\/index.php?rest_route=%2Fwp%2Fv2%2Fmedia&parent=11657"}],"wp:term":[{"taxonomy":"category","embeddable":true,"href":"https:\/\/dobrezrodla.com\/index.php?rest_route=%2Fwp%2Fv2%2Fcategories&post=11657"},{"taxonomy":"post_tag","embeddable":true,"href":"https:\/\/dobrezrodla.com\/index.php?rest_route=%2Fwp%2Fv2%2Ftags&post=11657"}],"curies":[{"name":"wp","href":"https:\/\/api.w.org\/{rel}","templated":true}]}}