{"id":11663,"date":"2025-12-11T20:03:01","date_gmt":"2025-12-11T20:03:01","guid":{"rendered":"https:\/\/dobrezrodla.com\/?p=11663"},"modified":"2025-12-11T20:03:01","modified_gmt":"2025-12-11T20:03:01","slug":"skladka-zdrowotna-nie-spadnie-minister-nie-zostawia-zludzen-nie-ma-przestrzeni","status":"publish","type":"post","link":"https:\/\/dobrezrodla.com\/?p=11663","title":{"rendered":"Sk\u0142adka zdrowotna nie spadnie. Minister nie zostawia z\u0142udze\u0144: \u201eNie ma przestrzeni\u201d"},"content":{"rendered":"\n<p>Przedsi\u0119biorcy liczyli na ulg\u0119, ale minister finans\u00f3w i gospodarki Andrzej Doma\u0144ski rozwiewa nadzieje \u2013 <strong>sk\u0142adka zdrowotna nie zostanie obni\u017cona w 2026 roku<\/strong>. Pow\u00f3d? Bud\u017cet Narodowego Funduszu Zdrowia jest na kraw\u0119dzi, a potrzeby rosn\u0105 szybciej ni\u017c wp\u0142ywy.<\/p>\n\n\n\n<p>\u2013 W tej chwili po prostu nie ma na to przestrzeni \u2013 stwierdzi\u0142 Doma\u0144ski w rozmowie z Radiem Zet. Przypomnia\u0142 te\u017c, \u017ce wcze\u015bniejszy projekt obni\u017cki zosta\u0142 zawetowany przez prezydenta, a obecnie sytuacja finansowa NFZ nie pozwala na takie ci\u0119cia.<\/p>\n\n\n\n<p><strong>Dlaczego nie ma miejsca na ulg\u0119?<\/strong><br>&#x1f449; Koszty leczenia i wynagrodze\u0144 szpitali rosn\u0105<br>&#x1f449; NFZ zmaga si\u0119 z deficytem si\u0119gaj\u0105cym dziesi\u0105tek miliard\u00f3w z\u0142<br>&#x1f449; Obni\u017cka oznacza\u0142aby mniej pieni\u0119dzy na leczenie lub\u2026 wy\u017csze inne podatki<\/p>\n\n\n\n<p>Doma\u0144ski podkre\u015bli\u0142, \u017ce ju\u017c w przysz\u0142ym roku rz\u0105d dorzuci <strong>ponad 25 mld z\u0142 wi\u0119cej na ochron\u0119 zdrowia<\/strong>, ale to wci\u0105\u017c nie pokrywa wszystkich potrzeb.<\/p>\n\n\n\n<p>Odni\u00f3s\u0142 si\u0119 te\u017c do pomys\u0142u Lewicy, by sk\u0142adk\u0119 zdrowotn\u0105 zast\u0105pi\u0107 jedn\u0105, r\u00f3wn\u0105 dla wszystkich op\u0142at\u0105. Jego odpowied\u017a? \u2013 <strong>Nie popr\u0119 projektu, kt\u00f3ry uderzy w najmniej zarabiaj\u0105cych<\/strong> \u2013 skwitowa\u0142.<\/p>\n\n\n\n<p>Na pocieszenie: rz\u0105d <strong>nie planuje podnoszenia sk\u0142adki<\/strong>, ale te\u017c <strong>nie wprowadzi nowych podatk\u00f3w<\/strong>, w tym katastralnego, kt\u00f3ry od lat budzi spo\u0142eczne kontrowersje.<\/p>\n","protected":false},"excerpt":{"rendered":"<p>Przedsi\u0119biorcy liczyli na ulg\u0119, ale minister finans\u00f3w i gospodarki Andrzej Doma\u0144ski rozwiewa nadzieje \u2013 sk\u0142adka zdrowotna nie zostanie obni\u017cona w 2026 roku. Pow\u00f3d? Bud\u017cet Narodowego Funduszu Zdrowia jest na kraw\u0119dzi, a potrzeby rosn\u0105 szybciej ni\u017c wp\u0142ywy. \u2013 W tej chwili po prostu nie ma na to przestrzeni \u2013 stwierdzi\u0142 Doma\u0144ski w rozmowie z Radiem Zet. &#8230; <a title=\"Sk\u0142adka zdrowotna nie spadnie. Minister nie zostawia z\u0142udze\u0144: \u201eNie ma przestrzeni\u201d\" class=\"read-more\" href=\"https:\/\/dobrezrodla.com\/?p=11663\" aria-label=\"Read more about Sk\u0142adka zdrowotna nie spadnie. Minister nie zostawia z\u0142udze\u0144: \u201eNie ma przestrzeni\u201d\">Read more<\/a><\/p>\n","protected":false},"author":1,"featured_media":0,"comment_status":"open","ping_status":"open","sticky":false,"template":"","format":"standard","meta":{"footnotes":""},"categories":[1],"tags":[],"class_list":["post-11663","post","type-post","status-publish","format-standard","hentry","category-uncategorized"],"_links":{"self":[{"href":"https:\/\/dobrezrodla.com\/index.php?rest_route=\/wp\/v2\/posts\/11663","targetHints":{"allow":["GET"]}}],"collection":[{"href":"https:\/\/dobrezrodla.com\/index.php?rest_route=\/wp\/v2\/posts"}],"about":[{"href":"https:\/\/dobrezrodla.com\/index.php?rest_route=\/wp\/v2\/types\/post"}],"author":[{"embeddable":true,"href":"https:\/\/dobrezrodla.com\/index.php?rest_route=\/wp\/v2\/users\/1"}],"replies":[{"embeddable":true,"href":"https:\/\/dobrezrodla.com\/index.php?rest_route=%2Fwp%2Fv2%2Fcomments&post=11663"}],"version-history":[{"count":1,"href":"https:\/\/dobrezrodla.com\/index.php?rest_route=\/wp\/v2\/posts\/11663\/revisions"}],"predecessor-version":[{"id":11664,"href":"https:\/\/dobrezrodla.com\/index.php?rest_route=\/wp\/v2\/posts\/11663\/revisions\/11664"}],"wp:attachment":[{"href":"https:\/\/dobrezrodla.com\/index.php?rest_route=%2Fwp%2Fv2%2Fmedia&parent=11663"}],"wp:term":[{"taxonomy":"category","embeddable":true,"href":"https:\/\/dobrezrodla.com\/index.php?rest_route=%2Fwp%2Fv2%2Fcategories&post=11663"},{"taxonomy":"post_tag","embeddable":true,"href":"https:\/\/dobrezrodla.com\/index.php?rest_route=%2Fwp%2Fv2%2Ftags&post=11663"}],"curies":[{"name":"wp","href":"https:\/\/api.w.org\/{rel}","templated":true}]}}