{"id":11672,"date":"2025-12-12T09:33:52","date_gmt":"2025-12-12T09:33:52","guid":{"rendered":"https:\/\/dobrezrodla.com\/?p=11672"},"modified":"2025-12-12T09:33:53","modified_gmt":"2025-12-12T09:33:53","slug":"nawrocki-u-boku-lotewskiego-prezydenta-mowi-o-ukrainie-nato-i-polskim-radiu-na-lotwie-kulisy-wizyty-o-ktorych-nie-przeczytasz-wszedzie-link-w-komentarzu","status":"publish","type":"post","link":"https:\/\/dobrezrodla.com\/?p=11672","title":{"rendered":"Nawrocki u boku \u0142otewskiego prezydenta m\u00f3wi o Ukrainie, NATO i\u2026 polskim radiu na \u0141otwie?! Kulisy wizyty, o kt\u00f3rych nie przeczytasz wsz\u0119dzie \u2013 link w komentarzu"},"content":{"rendered":"\n<p>Podczas wizyty roboczej w Rydze prezydent Karol Nawrocki i jego \u0142otewski odpowiednik Edgars Rinkeviczs pokazali wsp\u00f3lny front w najwa\u017cniejszych sprawach regionu <\/p>\n\n\n\n<p>\u2013 od bezpiecze\u0144stwa przez energetyk\u0119 a\u017c po trosk\u0119 o mniejszo\u015bci narodowe. Polska i \u0141otwa m\u00f3wi\u0105 jednym g\u0142osem \u2013 to przekaz, kt\u00f3ry wybrzmia\u0142 mocno i wyra\u017anie.<\/p>\n\n\n\n<p>Tematem numer jeden by\u0142a oczywi\u015bcie kwestia bezpiecze\u0144stwa \u2013 zar\u00f3wno na wschodniej flance NATO, jak i w kontek\u015bcie Ukrainy. Prezydenci zgodzili si\u0119, \u017ce <\/p>\n\n\n\n<p>kluczem do stabilizacji regionu s\u0105: obecno\u015b\u0107 si\u0142 ameryka\u0144skich, silne NATO oraz strategiczne partnerstwo Unii Europejskiej z USA.<\/p>\n\n\n\n<p>Karol Nawrocki podkre\u015bli\u0142, \u017ce Polska i pa\u0144stwa ba\u0142tyckie nie ogl\u0105daj\u0105 si\u0119 na innych \u2013 inwestuj\u0105 w obronno\u015b\u0107 i bior\u0105 odpowiedzialno\u015b\u0107 za wsp\u00f3lne bezpiecze\u0144stwo. Z kolei Rinkeviczs nie owija\u0142 w bawe\u0142n\u0119: \u201epok\u00f3j i przysz\u0142o\u015b\u0107 Ukrainy s\u0105 tylko w naszych r\u0119kach \u2013 Rosja nie chce porozumienia\u201d.<\/p>\n\n\n\n<p>W\u015br\u00f3d poruszanych temat\u00f3w znalaz\u0142y si\u0119 r\u00f3wnie\u017c relacje gospodarcze, wsp\u00f3lne projekty w ramach Inicjatywy Tr\u00f3jmorza oraz kwestie dotycz\u0105ce Polak\u00f3w mieszkaj\u0105cych na \u0141otwie <\/p>\n\n\n\n<p>\u2013 w tym edukacja i media. Nawrocki zapowiedzia\u0142 organizacj\u0119 specjalnego szczytu po\u015bwi\u0119conego bezpiecze\u0144stwu Morza Ba\u0142tyckiego, na kt\u00f3ry zaprosi\u0142 \u0142otewskiego prezydenta.<\/p>\n\n\n\n<p>Nie zabrak\u0142o te\u017c mocnych akcent\u00f3w wojskowych \u2013 prezydent odwiedzi\u0142 baz\u0119 Adazi, gdzie stacjonuje Polski Kontyngent Wojskowy. Dzi\u0119kowa\u0142 \u017co\u0142nierzom za ich s\u0142u\u017cb\u0119 i podkre\u015bli\u0142, \u017ce to dzi\u0119ki nim \u201ePolska jest silna i szanowana na arenie mi\u0119dzynarodowej\u201d.<\/p>\n","protected":false},"excerpt":{"rendered":"<p>Podczas wizyty roboczej w Rydze prezydent Karol Nawrocki i jego \u0142otewski odpowiednik Edgars Rinkeviczs pokazali wsp\u00f3lny front w najwa\u017cniejszych sprawach regionu \u2013 od bezpiecze\u0144stwa przez energetyk\u0119 a\u017c po trosk\u0119 o mniejszo\u015bci narodowe. Polska i \u0141otwa m\u00f3wi\u0105 jednym g\u0142osem \u2013 to przekaz, kt\u00f3ry wybrzmia\u0142 mocno i wyra\u017anie. Tematem numer jeden by\u0142a oczywi\u015bcie kwestia bezpiecze\u0144stwa \u2013 zar\u00f3wno &#8230; <a title=\"Nawrocki u boku \u0142otewskiego prezydenta m\u00f3wi o Ukrainie, NATO i\u2026 polskim radiu na \u0141otwie?! Kulisy wizyty, o kt\u00f3rych nie przeczytasz wsz\u0119dzie \u2013 link w komentarzu\" class=\"read-more\" href=\"https:\/\/dobrezrodla.com\/?p=11672\" aria-label=\"Read more about Nawrocki u boku \u0142otewskiego prezydenta m\u00f3wi o Ukrainie, NATO i\u2026 polskim radiu na \u0141otwie?! Kulisy wizyty, o kt\u00f3rych nie przeczytasz wsz\u0119dzie \u2013 link w komentarzu\">Read more<\/a><\/p>\n","protected":false},"author":1,"featured_media":0,"comment_status":"open","ping_status":"open","sticky":false,"template":"","format":"standard","meta":{"footnotes":""},"categories":[1],"tags":[],"class_list":["post-11672","post","type-post","status-publish","format-standard","hentry","category-uncategorized"],"_links":{"self":[{"href":"https:\/\/dobrezrodla.com\/index.php?rest_route=\/wp\/v2\/posts\/11672","targetHints":{"allow":["GET"]}}],"collection":[{"href":"https:\/\/dobrezrodla.com\/index.php?rest_route=\/wp\/v2\/posts"}],"about":[{"href":"https:\/\/dobrezrodla.com\/index.php?rest_route=\/wp\/v2\/types\/post"}],"author":[{"embeddable":true,"href":"https:\/\/dobrezrodla.com\/index.php?rest_route=\/wp\/v2\/users\/1"}],"replies":[{"embeddable":true,"href":"https:\/\/dobrezrodla.com\/index.php?rest_route=%2Fwp%2Fv2%2Fcomments&post=11672"}],"version-history":[{"count":1,"href":"https:\/\/dobrezrodla.com\/index.php?rest_route=\/wp\/v2\/posts\/11672\/revisions"}],"predecessor-version":[{"id":11673,"href":"https:\/\/dobrezrodla.com\/index.php?rest_route=\/wp\/v2\/posts\/11672\/revisions\/11673"}],"wp:attachment":[{"href":"https:\/\/dobrezrodla.com\/index.php?rest_route=%2Fwp%2Fv2%2Fmedia&parent=11672"}],"wp:term":[{"taxonomy":"category","embeddable":true,"href":"https:\/\/dobrezrodla.com\/index.php?rest_route=%2Fwp%2Fv2%2Fcategories&post=11672"},{"taxonomy":"post_tag","embeddable":true,"href":"https:\/\/dobrezrodla.com\/index.php?rest_route=%2Fwp%2Fv2%2Ftags&post=11672"}],"curies":[{"name":"wp","href":"https:\/\/api.w.org\/{rel}","templated":true}]}}