{"id":11674,"date":"2025-12-12T09:34:50","date_gmt":"2025-12-12T09:34:50","guid":{"rendered":"https:\/\/dobrezrodla.com\/?p=11674"},"modified":"2025-12-12T09:34:51","modified_gmt":"2025-12-12T09:34:51","slug":"mig-i-dla-ukrainy-wybuchla-polityczna-bomba-kto-klamie-a-kto-milczy-rzad-i-palac-prezydencki-przerzucaja-sie-oskarzeniami-link-w-komentarzu","status":"publish","type":"post","link":"https:\/\/dobrezrodla.com\/?p=11674","title":{"rendered":"MiG-i dla Ukrainy? Wybuch\u0142a polityczna bomba! Kto k\u0142amie, a kto milczy? Rz\u0105d i Pa\u0142ac Prezydencki przerzucaj\u0105 si\u0119 oskar\u017ceniami\u2026 link w komentarzu"},"content":{"rendered":"\n<p>Wojna na s\u0142owa mi\u0119dzy rz\u0105dem a Pa\u0142acem Prezydenckim rozgorza\u0142a na dobre. Posz\u0142o o MiG-i dla Ukrainy \u2013 a konkretnie o to, czy prezydent Karol Nawrocki wiedzia\u0142 o planach ich przekazania. <\/p>\n\n\n\n<p>Minister obrony W\u0142adys\u0142aw Kosiniak-Kamysz nie przebiera\u0142 w s\u0142owach: \u201eS\u0105 granice wprowadzania opinii publicznej w b\u0142\u0105d\u201d \u2013 grzmia\u0142 w Sejmie.<\/p>\n\n\n\n<p>Kancelaria prezydenta twierdzi, \u017ce nie otrzyma\u0142a \u017cadnej oficjalnej informacji o transferze samolot\u00f3w. Rz\u0105d kontruje \u2013 wszystko by\u0142o omawiane na Komitecie <\/p>\n\n\n\n<p>Bezpiecze\u0144stwa Narodowego, w obecno\u015bci przedstawiciela prezydenta. Protoko\u0142y, daty, nazwiska \u2013 wszystko jest udokumentowane. Sprawa nabiera tempa i\u2026 powagi.<\/p>\n\n\n\n<p>Marcin Przydacz, prezydencki minister, zarzuci\u0142 Kosiniakowi-Kamyszowi brak konsultacji i&#8230; brak klasy. W odpowiedzi \u2013 fala komentarzy. Tomasz Siemoniak m\u00f3wi o kompromitacji, Rados\u0142aw Sikorski przypomina o protoko\u0142ach z udzia\u0142em Kancelarii, a Cezary Tomczyk dodaje: albo prezydenccy urz\u0119dnicy s\u0105 nieudolni, albo ukrywaj\u0105 informacje przed g\u0142ow\u0105 pa\u0144stwa.<\/p>\n\n\n\n<p>Na to wszystko odpowiada Biuro Bezpiecze\u0144stwa Narodowego: to nie by\u0142a rzetelna informacja \u2013 zabrak\u0142o konkret\u00f3w i bezpo\u015brednich konsultacji z prezydentem. Na domiar z\u0142ego, ca\u0142\u0105 sytuacj\u0119 por\u00f3wnuje si\u0119 do wcze\u015bniejszego incydentu w Wyrykach, gdzie Nawrocki r\u00f3wnie\u017c \u2013 rzekomo \u2013 mia\u0142 nie wiedzie\u0107 o rakiecie sojuszniczej.<\/p>\n\n\n\n<p>Wojna o MiG-i sta\u0142a si\u0119 symbolem wi\u0119kszego problemu: chaosu komunikacyjnego na najwy\u017cszych szczeblach w\u0142adzy. A Polska patrzy i czeka \u2013 czy kto\u015b wreszcie przejmie odpowiedzialno\u015b\u0107?<\/p>\n","protected":false},"excerpt":{"rendered":"<p>Wojna na s\u0142owa mi\u0119dzy rz\u0105dem a Pa\u0142acem Prezydenckim rozgorza\u0142a na dobre. Posz\u0142o o MiG-i dla Ukrainy \u2013 a konkretnie o to, czy prezydent Karol Nawrocki wiedzia\u0142 o planach ich przekazania. Minister obrony W\u0142adys\u0142aw Kosiniak-Kamysz nie przebiera\u0142 w s\u0142owach: \u201eS\u0105 granice wprowadzania opinii publicznej w b\u0142\u0105d\u201d \u2013 grzmia\u0142 w Sejmie. Kancelaria prezydenta twierdzi, \u017ce nie otrzyma\u0142a &#8230; <a title=\"MiG-i dla Ukrainy? Wybuch\u0142a polityczna bomba! Kto k\u0142amie, a kto milczy? Rz\u0105d i Pa\u0142ac Prezydencki przerzucaj\u0105 si\u0119 oskar\u017ceniami\u2026 link w komentarzu\" class=\"read-more\" href=\"https:\/\/dobrezrodla.com\/?p=11674\" aria-label=\"Read more about MiG-i dla Ukrainy? Wybuch\u0142a polityczna bomba! Kto k\u0142amie, a kto milczy? Rz\u0105d i Pa\u0142ac Prezydencki przerzucaj\u0105 si\u0119 oskar\u017ceniami\u2026 link w komentarzu\">Read more<\/a><\/p>\n","protected":false},"author":1,"featured_media":0,"comment_status":"open","ping_status":"open","sticky":false,"template":"","format":"standard","meta":{"footnotes":""},"categories":[1],"tags":[],"class_list":["post-11674","post","type-post","status-publish","format-standard","hentry","category-uncategorized"],"_links":{"self":[{"href":"https:\/\/dobrezrodla.com\/index.php?rest_route=\/wp\/v2\/posts\/11674","targetHints":{"allow":["GET"]}}],"collection":[{"href":"https:\/\/dobrezrodla.com\/index.php?rest_route=\/wp\/v2\/posts"}],"about":[{"href":"https:\/\/dobrezrodla.com\/index.php?rest_route=\/wp\/v2\/types\/post"}],"author":[{"embeddable":true,"href":"https:\/\/dobrezrodla.com\/index.php?rest_route=\/wp\/v2\/users\/1"}],"replies":[{"embeddable":true,"href":"https:\/\/dobrezrodla.com\/index.php?rest_route=%2Fwp%2Fv2%2Fcomments&post=11674"}],"version-history":[{"count":1,"href":"https:\/\/dobrezrodla.com\/index.php?rest_route=\/wp\/v2\/posts\/11674\/revisions"}],"predecessor-version":[{"id":11675,"href":"https:\/\/dobrezrodla.com\/index.php?rest_route=\/wp\/v2\/posts\/11674\/revisions\/11675"}],"wp:attachment":[{"href":"https:\/\/dobrezrodla.com\/index.php?rest_route=%2Fwp%2Fv2%2Fmedia&parent=11674"}],"wp:term":[{"taxonomy":"category","embeddable":true,"href":"https:\/\/dobrezrodla.com\/index.php?rest_route=%2Fwp%2Fv2%2Fcategories&post=11674"},{"taxonomy":"post_tag","embeddable":true,"href":"https:\/\/dobrezrodla.com\/index.php?rest_route=%2Fwp%2Fv2%2Ftags&post=11674"}],"curies":[{"name":"wp","href":"https:\/\/api.w.org\/{rel}","templated":true}]}}