{"id":11690,"date":"2025-12-12T10:22:41","date_gmt":"2025-12-12T10:22:41","guid":{"rendered":"https:\/\/dobrezrodla.com\/?p=11690"},"modified":"2025-12-12T10:22:42","modified_gmt":"2025-12-12T10:22:42","slug":"nie-czerni-nie-wiencow-nie-lez-ostrowska-pozegnala-meza-w-sposob-ktory-poruszyl-wszystkich-zdjecia-mowia-wiecej-niz-slowa-link-w-komentarzu","status":"publish","type":"post","link":"https:\/\/dobrezrodla.com\/?p=11690","title":{"rendered":"Nie czerni, nie wie\u0144c\u00f3w, nie \u0142ez\u2026 Ostrowska po\u017cegna\u0142a m\u0119\u017ca w spos\u00f3b, kt\u00f3ry poruszy\u0142 wszystkich. Zdj\u0119cia m\u00f3wi\u0105 wi\u0119cej ni\u017c s\u0142owa \u2013 link w komentarzu"},"content":{"rendered":"\n<p>To by\u0142 jeden z tych dni, kt\u00f3rych nie da si\u0119 zapomnie\u0107. W Lesie Pami\u0119ci na pozna\u0144skim Cmentarzu Junikowo po\u017cegnano Jacka Gulczy\u0144skiego \u2013 wybitnego artyst\u0119, grafika i fotografa. <\/p>\n\n\n\n<p>W\u015br\u00f3d \u017ca\u0142obnik\u00f3w by\u0142a Ma\u0142gorzata Ostrowska, jego \u017cona, kt\u00f3ra przez \u0142zy \u017cegna\u0142a cz\u0142owieka, kt\u00f3ry by\u0142 nie tylko jej mi\u0142o\u015bci\u0105, ale i inspiracj\u0105 artystyczn\u0105 przez dziesi\u0119ciolecia.<\/p>\n\n\n\n<p>To on stworzy\u0142 najs\u0142ynniejsze portrety Ostrowskiej. To on latami fotografowa\u0142 natur\u0119 z zachwytem, kt\u00f3ry przela\u0142 na ostatni cykl \u201eRogalin\u201d <\/p>\n\n\n\n<p>\u2013 wystawiony dos\u0142ownie na kilka dni przed \u015bmierci\u0105 artysty w Hospicjum Palium. Tam te\u017c, wieczorem 5 grudnia, zako\u0144czy\u0142a si\u0119 jego cicha walka z ch\u0142oniakiem.<\/p>\n\n\n\n<p>\u2013 Jacek bardzo ceni\u0142 przyrod\u0119 \u2013 napisa\u0142a Ostrowska, prosz\u0105c o brak wie\u0144c\u00f3w i bukiet\u00f3w. Ten gest m\u00f3wi\u0142 wszystko \u2013 ten pogrzeb by\u0142 celebracj\u0105 \u017cycia, nie \u015bmierci.<\/p>\n\n\n\n<p>Na zdj\u0119ciach z uroczysto\u015bci widzimy Ma\u0142gorzat\u0119 Ostrowsk\u0105, z trudem powstrzymuj\u0105c\u0105 emocje. Obok niej \u2013 Piotr Gulczy\u0144ski, brat zmar\u0142ego, znany z pierwszej edycji \u201eBig Brothera\u201d, <\/p>\n\n\n\n<p>kt\u00f3ry ca\u0142y czas wspiera\u0142 artystk\u0119. Oboje ubrani nie na czarno, nie w \u017ca\u0142obie \u2013 ale w kolorach \u017cycia. Bo w\u0142a\u015bnie tak chcieli zapami\u0119ta\u0107 Jacka \u2013 nie w ciszy grobu, lecz w \u015bwietle jego sztuki i mi\u0142o\u015bci do \u015bwiata.<\/p>\n","protected":false},"excerpt":{"rendered":"<p>To by\u0142 jeden z tych dni, kt\u00f3rych nie da si\u0119 zapomnie\u0107. W Lesie Pami\u0119ci na pozna\u0144skim Cmentarzu Junikowo po\u017cegnano Jacka Gulczy\u0144skiego \u2013 wybitnego artyst\u0119, grafika i fotografa. W\u015br\u00f3d \u017ca\u0142obnik\u00f3w by\u0142a Ma\u0142gorzata Ostrowska, jego \u017cona, kt\u00f3ra przez \u0142zy \u017cegna\u0142a cz\u0142owieka, kt\u00f3ry by\u0142 nie tylko jej mi\u0142o\u015bci\u0105, ale i inspiracj\u0105 artystyczn\u0105 przez dziesi\u0119ciolecia. To on stworzy\u0142 najs\u0142ynniejsze &#8230; <a title=\"Nie czerni, nie wie\u0144c\u00f3w, nie \u0142ez\u2026 Ostrowska po\u017cegna\u0142a m\u0119\u017ca w spos\u00f3b, kt\u00f3ry poruszy\u0142 wszystkich. Zdj\u0119cia m\u00f3wi\u0105 wi\u0119cej ni\u017c s\u0142owa \u2013 link w komentarzu\" class=\"read-more\" href=\"https:\/\/dobrezrodla.com\/?p=11690\" aria-label=\"Read more about Nie czerni, nie wie\u0144c\u00f3w, nie \u0142ez\u2026 Ostrowska po\u017cegna\u0142a m\u0119\u017ca w spos\u00f3b, kt\u00f3ry poruszy\u0142 wszystkich. Zdj\u0119cia m\u00f3wi\u0105 wi\u0119cej ni\u017c s\u0142owa \u2013 link w komentarzu\">Read more<\/a><\/p>\n","protected":false},"author":1,"featured_media":0,"comment_status":"open","ping_status":"open","sticky":false,"template":"","format":"standard","meta":{"footnotes":""},"categories":[1],"tags":[],"class_list":["post-11690","post","type-post","status-publish","format-standard","hentry","category-uncategorized"],"_links":{"self":[{"href":"https:\/\/dobrezrodla.com\/index.php?rest_route=\/wp\/v2\/posts\/11690","targetHints":{"allow":["GET"]}}],"collection":[{"href":"https:\/\/dobrezrodla.com\/index.php?rest_route=\/wp\/v2\/posts"}],"about":[{"href":"https:\/\/dobrezrodla.com\/index.php?rest_route=\/wp\/v2\/types\/post"}],"author":[{"embeddable":true,"href":"https:\/\/dobrezrodla.com\/index.php?rest_route=\/wp\/v2\/users\/1"}],"replies":[{"embeddable":true,"href":"https:\/\/dobrezrodla.com\/index.php?rest_route=%2Fwp%2Fv2%2Fcomments&post=11690"}],"version-history":[{"count":1,"href":"https:\/\/dobrezrodla.com\/index.php?rest_route=\/wp\/v2\/posts\/11690\/revisions"}],"predecessor-version":[{"id":11691,"href":"https:\/\/dobrezrodla.com\/index.php?rest_route=\/wp\/v2\/posts\/11690\/revisions\/11691"}],"wp:attachment":[{"href":"https:\/\/dobrezrodla.com\/index.php?rest_route=%2Fwp%2Fv2%2Fmedia&parent=11690"}],"wp:term":[{"taxonomy":"category","embeddable":true,"href":"https:\/\/dobrezrodla.com\/index.php?rest_route=%2Fwp%2Fv2%2Fcategories&post=11690"},{"taxonomy":"post_tag","embeddable":true,"href":"https:\/\/dobrezrodla.com\/index.php?rest_route=%2Fwp%2Fv2%2Ftags&post=11690"}],"curies":[{"name":"wp","href":"https:\/\/api.w.org\/{rel}","templated":true}]}}