{"id":11723,"date":"2025-12-12T17:25:45","date_gmt":"2025-12-12T17:25:45","guid":{"rendered":"https:\/\/dobrezrodla.com\/?p=11723"},"modified":"2025-12-12T17:25:45","modified_gmt":"2025-12-12T17:25:45","slug":"jej-ostatni-wpis-na-facebooku-rozdziera-serce-fani-przecieraja-oczy-ze-wzruszenia-link-w-komentarzu","status":"publish","type":"post","link":"https:\/\/dobrezrodla.com\/?p=11723","title":{"rendered":"Jej ostatni wpis na Facebooku rozdziera serce. Fani przecieraj\u0105 oczy ze wzruszenia\u2026 link w komentarzu"},"content":{"rendered":"\n<p>Magda Umer \u2013 legenda polskiej piosenki poetyckiej \u2013 odesz\u0142a w wieku 76 lat. Informacj\u0119 o jej \u015bmierci przekazali synowie, Mateusz i Franciszek, za po\u015brednictwem Facebooka. W poruszaj\u0105cym wpisie napisali: \u201eDzisiaj po po\u0142udniu odesz\u0142a nasza ukochana Mama i Babcia. Uwielbia\u0142a tu zagl\u0105da\u0107 i pisa\u0107\u201d.<\/p>\n\n\n\n<p>Jej kariera rozpocz\u0119\u0142a si\u0119 w kabarecie studenckim &#8220;Abakus&#8221;, a ju\u017c w 1969 roku da\u0142a si\u0119 pozna\u0107 szerszej publiczno\u015bci podczas Zimowej Gie\u0142dy Piosenki Studenckiej oraz festiwalu w Opolu. Od tamtej pory sta\u0142a si\u0119 jedn\u0105 z najwa\u017cniejszych postaci polskiej sceny muzycznej.<\/p>\n\n\n\n<p>Umer zas\u0142yn\u0119\u0142a jako niepowtarzalna interpretatorka poezji \u2013 w jej repertuarze pojawia\u0142y si\u0119 teksty Le\u015bmiana, Baczy\u0144skiego, Ga\u0142czy\u0144skiego, Gajcego. Jej debiutancki album z 1972 roku zawiera\u0142 m.in. kultowy utw\u00f3r \u201eKoncert jesienny na dwa \u015bwierszcze i wiatr w kominie\u201d. Wsp\u00f3\u0142tworzy\u0142a teksty znanych przeboj\u00f3w, takich jak \u201e\u0141za na rz\u0119sie\u201d czy \u201eJest cudnie\u201d Maryli Rodowicz.<\/p>\n\n\n\n<p>Swoj\u0105 pasj\u0119 do poezji i muzyki przekuwa\u0142a r\u00f3wnie\u017c w teatrze i telewizji. Re\u017cyserowa\u0142a spektakle, tworzy\u0142a recitale i programy po\u015bwi\u0119cone tw\u00f3rcom, kt\u00f3rych podziwia\u0142a \u2013 Osieckiej, Przyborze, Grechucie. Jej sceniczna dzia\u0142alno\u015b\u0107 by\u0142a wielokrotnie doceniana \u2013 m.in. Grand Prix KFPP w Opolu, \u201eIkona festiwalu\u201d, Gloria Artis, Krzy\u017c Kawalerski.<\/p>\n\n\n\n<p>W ostatnich latach ograniczy\u0142a dzia\u0142alno\u015b\u0107 artystyczn\u0105, po\u015bwi\u0119caj\u0105c wi\u0119cej czasu przyrodzie i obserwacjom \u015bwiata. \u201eJak jestem na scenie i kto\u015b chce mnie s\u0142ucha\u0107, to moje wielkie szcz\u0119\u015bcie\u201d \u2013 m\u00f3wi\u0142a w 2022 roku.<\/p>\n\n\n\n<p>Pod koniec sierpnia odwo\u0142a\u0142a dwa koncerty z powodu nag\u0142ej choroby. Ostatni wpis w mediach spo\u0142eczno\u015bciowych \u2013 zaledwie trzy tygodnie przed \u015bmierci\u0105 \u2013 zako\u0144czy\u0142a s\u0142owami: \u201eTrzymajmy si\u0119 na lito\u015b\u0107 bosk\u0105, jak mawia\u0142 wiadomo kto &#x2764;\u201d.<\/p>\n\n\n\n<p>Tomasz Raczek napisa\u0142 o niej: \u201ePrzeszepta\u0142a ca\u0142e swoje \u017cycie. Intymnie, odwa\u017cnie, niepodleg\u0142e. Zawsze intensywnie by\u0142a sob\u0105\u201d.<\/p>\n\n\n\n<p>Odesz\u0142a artystka, kt\u00f3ra zostawi\u0142a po sobie cisz\u0119 pe\u0142n\u0105 tre\u015bci.<\/p>\n","protected":false},"excerpt":{"rendered":"<p>Magda Umer \u2013 legenda polskiej piosenki poetyckiej \u2013 odesz\u0142a w wieku 76 lat. Informacj\u0119 o jej \u015bmierci przekazali synowie, Mateusz i Franciszek, za po\u015brednictwem Facebooka. W poruszaj\u0105cym wpisie napisali: \u201eDzisiaj po po\u0142udniu odesz\u0142a nasza ukochana Mama i Babcia. Uwielbia\u0142a tu zagl\u0105da\u0107 i pisa\u0107\u201d. Jej kariera rozpocz\u0119\u0142a si\u0119 w kabarecie studenckim &#8220;Abakus&#8221;, a ju\u017c w 1969 &#8230; <a title=\"Jej ostatni wpis na Facebooku rozdziera serce. Fani przecieraj\u0105 oczy ze wzruszenia\u2026 link w komentarzu\" class=\"read-more\" href=\"https:\/\/dobrezrodla.com\/?p=11723\" aria-label=\"Read more about Jej ostatni wpis na Facebooku rozdziera serce. Fani przecieraj\u0105 oczy ze wzruszenia\u2026 link w komentarzu\">Read more<\/a><\/p>\n","protected":false},"author":1,"featured_media":0,"comment_status":"open","ping_status":"open","sticky":false,"template":"","format":"standard","meta":{"footnotes":""},"categories":[1],"tags":[],"class_list":["post-11723","post","type-post","status-publish","format-standard","hentry","category-uncategorized"],"_links":{"self":[{"href":"https:\/\/dobrezrodla.com\/index.php?rest_route=\/wp\/v2\/posts\/11723","targetHints":{"allow":["GET"]}}],"collection":[{"href":"https:\/\/dobrezrodla.com\/index.php?rest_route=\/wp\/v2\/posts"}],"about":[{"href":"https:\/\/dobrezrodla.com\/index.php?rest_route=\/wp\/v2\/types\/post"}],"author":[{"embeddable":true,"href":"https:\/\/dobrezrodla.com\/index.php?rest_route=\/wp\/v2\/users\/1"}],"replies":[{"embeddable":true,"href":"https:\/\/dobrezrodla.com\/index.php?rest_route=%2Fwp%2Fv2%2Fcomments&post=11723"}],"version-history":[{"count":1,"href":"https:\/\/dobrezrodla.com\/index.php?rest_route=\/wp\/v2\/posts\/11723\/revisions"}],"predecessor-version":[{"id":11724,"href":"https:\/\/dobrezrodla.com\/index.php?rest_route=\/wp\/v2\/posts\/11723\/revisions\/11724"}],"wp:attachment":[{"href":"https:\/\/dobrezrodla.com\/index.php?rest_route=%2Fwp%2Fv2%2Fmedia&parent=11723"}],"wp:term":[{"taxonomy":"category","embeddable":true,"href":"https:\/\/dobrezrodla.com\/index.php?rest_route=%2Fwp%2Fv2%2Fcategories&post=11723"},{"taxonomy":"post_tag","embeddable":true,"href":"https:\/\/dobrezrodla.com\/index.php?rest_route=%2Fwp%2Fv2%2Ftags&post=11723"}],"curies":[{"name":"wp","href":"https:\/\/api.w.org\/{rel}","templated":true}]}}