{"id":11725,"date":"2025-12-12T17:27:01","date_gmt":"2025-12-12T17:27:01","guid":{"rendered":"https:\/\/dobrezrodla.com\/?p=11725"},"modified":"2025-12-12T17:27:02","modified_gmt":"2025-12-12T17:27:02","slug":"polacy-ocenili-dwa-lata-rzadow-tuska-wyniki-sondazu-zaskoczyly-wszystkich-zwlaszcza-jeden-elektorat-link-w-komentarzu","status":"publish","type":"post","link":"https:\/\/dobrezrodla.com\/?p=11725","title":{"rendered":"Polacy ocenili dwa lata rz\u0105d\u00f3w Tuska. Wyniki sonda\u017cu zaskoczy\u0142y wszystkich \u2013 zw\u0142aszcza jeden elektorat\u2026 link w komentarzu"},"content":{"rendered":"\n<p>Po dw\u00f3ch latach rz\u0105d\u00f3w Donalda Tuska opinie Polak\u00f3w na temat jego pracy jako premiera s\u0105 w wi\u0119kszo\u015bci krytyczne \u2013 wynika z najnowszego sonda\u017cu IBRiS dla \u201eRzeczpospolitej\u201d. <\/p>\n\n\n\n<p>Z badania przeprowadzonego na pocz\u0105tku grudnia wynika, \u017ce 44,1 proc. ankietowanych ocenia dzia\u0142ania szefa rz\u0105du jako gorsze, ni\u017c si\u0119 spodziewali. Z tej grupy a\u017c 30,9 proc. twierdzi, \u017ce rz\u0105dzi \u201ezdecydowanie gorzej\u201d.<\/p>\n\n\n\n<p>Tylko 29,5 proc. badanych uzna\u0142o, \u017ce premier spe\u0142nia ich oczekiwania, a 25,2 proc. stwierdzi\u0142o, \u017ce sprawuje urz\u0105d lepiej, ni\u017c si\u0119 spodziewali \u2013 w tym 6,3 proc. oceni\u0142o go \u201ezdecydowanie lepiej\u201d.<\/p>\n\n\n\n<p>Socjolog prof. Jaros\u0142aw Flis zauwa\u017ca, \u017ce obecny rz\u0105d mia\u0142 wyj\u0105tkowo trudny start \u2013 trzy kampanie wyborcze, wielopartyjna koalicja, kt\u00f3rej jeden z element\u00f3w ju\u017c si\u0119 rozpad\u0142, oraz niesprzyjaj\u0105ce otoczenie mi\u0119dzynarodowe. <\/p>\n\n\n\n<p>Mimo to, jak podkre\u015bla ekspert, \u201enawet zwolennicy rz\u0105du uwa\u017caj\u0105, \u017ce mo\u017cna by\u0142o dzia\u0142a\u0107 skuteczniej\u201d.<\/p>\n\n\n\n<p>Najbardziej zaskakuj\u0105ce s\u0105 jednak szczeg\u00f3\u0142y. Co pi\u0105ty wyborca Koalicji Obywatelskiej ma dzi\u015b negatywn\u0105 opini\u0119 o premierze, podobnie co czwarty zwolennik Trzeciej Drogi i a\u017c 39 proc. <\/p>\n\n\n\n<p>elektoratu Lewicy. Nawet 12 proc. wyborc\u00f3w PiS ocenia Tuska lepiej, ni\u017c si\u0119 spodziewali \u2013 cho\u0107 w\u015br\u00f3d sympatyk\u00f3w Konfederacji nie znalaz\u0142a si\u0119 ani jedna taka osoba.<\/p>\n\n\n\n<p>Eksperci uspokajaj\u0105, \u017ce \u201edo\u0142ki sonda\u017cowe\u201d w po\u0142owie kadencji to zjawisko powszechne. Prof. Flis przypomina, \u017ce podobna sytuacja dotkn\u0119\u0142a PiS w 2017 roku \u2013 a dwa lata p\u00f3\u017aniej partia wygra\u0142a wybory. Kluczowa oka\u017ce si\u0119 ostateczna si\u0142a ugrupowa\u0144 w 2027 roku \u2013 i to, kto utrzyma si\u0119 nad progiem wyborczym.<\/p>\n","protected":false},"excerpt":{"rendered":"<p>Po dw\u00f3ch latach rz\u0105d\u00f3w Donalda Tuska opinie Polak\u00f3w na temat jego pracy jako premiera s\u0105 w wi\u0119kszo\u015bci krytyczne \u2013 wynika z najnowszego sonda\u017cu IBRiS dla \u201eRzeczpospolitej\u201d. Z badania przeprowadzonego na pocz\u0105tku grudnia wynika, \u017ce 44,1 proc. ankietowanych ocenia dzia\u0142ania szefa rz\u0105du jako gorsze, ni\u017c si\u0119 spodziewali. Z tej grupy a\u017c 30,9 proc. twierdzi, \u017ce rz\u0105dzi &#8230; <a title=\"Polacy ocenili dwa lata rz\u0105d\u00f3w Tuska. Wyniki sonda\u017cu zaskoczy\u0142y wszystkich \u2013 zw\u0142aszcza jeden elektorat\u2026 link w komentarzu\" class=\"read-more\" href=\"https:\/\/dobrezrodla.com\/?p=11725\" aria-label=\"Read more about Polacy ocenili dwa lata rz\u0105d\u00f3w Tuska. Wyniki sonda\u017cu zaskoczy\u0142y wszystkich \u2013 zw\u0142aszcza jeden elektorat\u2026 link w komentarzu\">Read more<\/a><\/p>\n","protected":false},"author":1,"featured_media":0,"comment_status":"open","ping_status":"open","sticky":false,"template":"","format":"standard","meta":{"footnotes":""},"categories":[1],"tags":[],"class_list":["post-11725","post","type-post","status-publish","format-standard","hentry","category-uncategorized"],"_links":{"self":[{"href":"https:\/\/dobrezrodla.com\/index.php?rest_route=\/wp\/v2\/posts\/11725","targetHints":{"allow":["GET"]}}],"collection":[{"href":"https:\/\/dobrezrodla.com\/index.php?rest_route=\/wp\/v2\/posts"}],"about":[{"href":"https:\/\/dobrezrodla.com\/index.php?rest_route=\/wp\/v2\/types\/post"}],"author":[{"embeddable":true,"href":"https:\/\/dobrezrodla.com\/index.php?rest_route=\/wp\/v2\/users\/1"}],"replies":[{"embeddable":true,"href":"https:\/\/dobrezrodla.com\/index.php?rest_route=%2Fwp%2Fv2%2Fcomments&post=11725"}],"version-history":[{"count":1,"href":"https:\/\/dobrezrodla.com\/index.php?rest_route=\/wp\/v2\/posts\/11725\/revisions"}],"predecessor-version":[{"id":11726,"href":"https:\/\/dobrezrodla.com\/index.php?rest_route=\/wp\/v2\/posts\/11725\/revisions\/11726"}],"wp:attachment":[{"href":"https:\/\/dobrezrodla.com\/index.php?rest_route=%2Fwp%2Fv2%2Fmedia&parent=11725"}],"wp:term":[{"taxonomy":"category","embeddable":true,"href":"https:\/\/dobrezrodla.com\/index.php?rest_route=%2Fwp%2Fv2%2Fcategories&post=11725"},{"taxonomy":"post_tag","embeddable":true,"href":"https:\/\/dobrezrodla.com\/index.php?rest_route=%2Fwp%2Fv2%2Ftags&post=11725"}],"curies":[{"name":"wp","href":"https:\/\/api.w.org\/{rel}","templated":true}]}}