{"id":11729,"date":"2025-12-12T17:30:29","date_gmt":"2025-12-12T17:30:29","guid":{"rendered":"https:\/\/dobrezrodla.com\/?p=11729"},"modified":"2025-12-12T17:30:29","modified_gmt":"2025-12-12T17:30:29","slug":"mial-tylko-46-lat","status":"publish","type":"post","link":"https:\/\/dobrezrodla.com\/?p=11729","title":{"rendered":"mia\u0142 tylko 46 lat"},"content":{"rendered":"\n<p>Niezwykle smutne wie\u015bci przekaza\u0142o Starostwo Powiatu Warszawskiego Zachodniego. W wieku zaledwie 46 lat zmar\u0142 Dariusz Stepczy\u0144ski \u2013 g\u0142\u00f3wny specjalista w Zespole ds. Zarz\u0105dzania Ruchem Drogowym. Wcze\u015bniej przez 25 lat dba\u0142 o bezpiecze\u0144stwo pe\u0142ni\u0105c s\u0142u\u017cb\u0119 w policji.<\/p>\n\n\n\n<p>Nie \u017cyje Dariusz Stepczy\u0144ski<br>\u201eZ g\u0142\u0119bokim \u017calem zawiadamiamy, \u017ce w dniu 9 grudnia 2025 roku zmar\u0142 nasz Kolega Dariusz Stepczy\u0144ski, g\u0142\u00f3wny specjalista w Zespole ds. Zarz\u0105dzania Ruchem Drogowym\u201d\u2013 poinformowa\u0142o Starostwo Powiatu Warszawskiego Zachodniego. \u201eJego odej\u015bcie jest dla nas ogromn\u0105 strat\u0105 \u2013 by\u0142 cenionym pracownikiem, oddanym swojej pracy i darzonym szacunkiem przez wsp\u00f3\u0142pracownik\u00f3w\u201d \u2013 czytamy w oficjalnym komunikacie urz\u0119du.<\/p>\n\n\n\n<p>Chocia\u017c zmar\u0142y 46-latek mieszka\u0142 w Warszawie, pogrzeb odb\u0119dzie si\u0119 w pi\u0105tek (12 grudnia) w Zambrowie na Podlasiu. O godz. 11:15 w ko\u015bciele pw. Ducha \u015awi\u0119tego przy ul. Jana Paw\u0142a II 1A w Zambrowie rozpocznie si\u0119 msza \u015bwi\u0119ta. Tu\u017c po jej zako\u0144czeniu nast\u0105pi odprowadzenie zmar\u0142ego na cmentarz parafialny przy ul. Ostrowskiej 27.<\/p>\n","protected":false},"excerpt":{"rendered":"<p>Niezwykle smutne wie\u015bci przekaza\u0142o Starostwo Powiatu Warszawskiego Zachodniego. W wieku zaledwie 46 lat zmar\u0142 Dariusz Stepczy\u0144ski \u2013 g\u0142\u00f3wny specjalista w Zespole ds. Zarz\u0105dzania Ruchem Drogowym. Wcze\u015bniej przez 25 lat dba\u0142 o bezpiecze\u0144stwo pe\u0142ni\u0105c s\u0142u\u017cb\u0119 w policji. Nie \u017cyje Dariusz Stepczy\u0144ski\u201eZ g\u0142\u0119bokim \u017calem zawiadamiamy, \u017ce w dniu 9 grudnia 2025 roku zmar\u0142 nasz Kolega Dariusz Stepczy\u0144ski, &#8230; <a title=\"mia\u0142 tylko 46 lat\" class=\"read-more\" href=\"https:\/\/dobrezrodla.com\/?p=11729\" aria-label=\"Read more about mia\u0142 tylko 46 lat\">Read more<\/a><\/p>\n","protected":false},"author":1,"featured_media":0,"comment_status":"open","ping_status":"open","sticky":false,"template":"","format":"standard","meta":{"footnotes":""},"categories":[1],"tags":[],"class_list":["post-11729","post","type-post","status-publish","format-standard","hentry","category-uncategorized"],"_links":{"self":[{"href":"https:\/\/dobrezrodla.com\/index.php?rest_route=\/wp\/v2\/posts\/11729","targetHints":{"allow":["GET"]}}],"collection":[{"href":"https:\/\/dobrezrodla.com\/index.php?rest_route=\/wp\/v2\/posts"}],"about":[{"href":"https:\/\/dobrezrodla.com\/index.php?rest_route=\/wp\/v2\/types\/post"}],"author":[{"embeddable":true,"href":"https:\/\/dobrezrodla.com\/index.php?rest_route=\/wp\/v2\/users\/1"}],"replies":[{"embeddable":true,"href":"https:\/\/dobrezrodla.com\/index.php?rest_route=%2Fwp%2Fv2%2Fcomments&post=11729"}],"version-history":[{"count":1,"href":"https:\/\/dobrezrodla.com\/index.php?rest_route=\/wp\/v2\/posts\/11729\/revisions"}],"predecessor-version":[{"id":11730,"href":"https:\/\/dobrezrodla.com\/index.php?rest_route=\/wp\/v2\/posts\/11729\/revisions\/11730"}],"wp:attachment":[{"href":"https:\/\/dobrezrodla.com\/index.php?rest_route=%2Fwp%2Fv2%2Fmedia&parent=11729"}],"wp:term":[{"taxonomy":"category","embeddable":true,"href":"https:\/\/dobrezrodla.com\/index.php?rest_route=%2Fwp%2Fv2%2Fcategories&post=11729"},{"taxonomy":"post_tag","embeddable":true,"href":"https:\/\/dobrezrodla.com\/index.php?rest_route=%2Fwp%2Fv2%2Ftags&post=11729"}],"curies":[{"name":"wp","href":"https:\/\/api.w.org\/{rel}","templated":true}]}}