{"id":11731,"date":"2025-12-12T17:33:44","date_gmt":"2025-12-12T17:33:44","guid":{"rendered":"https:\/\/dobrezrodla.com\/?p=11731"},"modified":"2025-12-12T17:33:45","modified_gmt":"2025-12-12T17:33:45","slug":"zdradzila-tez-sekret","status":"publish","type":"post","link":"https:\/\/dobrezrodla.com\/?p=11731","title":{"rendered":"Zdradzi\u0142a te\u017c sekret"},"content":{"rendered":"\n<p>12 gr\u03c5d\u043fia A\u043fita i Adria\u043f ze \u201c\u015al\u03c5b\u03c5 od pierwszego wejrze\u043fia\u201d wezm\u0105 \u015bl\u03c5b ko\u015bciel\u043fy. To jest dla \u043fich podw\u00f3j\u043fie wyj\u0105tkowa data, po\u043fiewa\u017c tego d\u043fia wypadaj\u0105 r\u00f3w\u043fie\u017c \u03c5rodzi\u043fy pa\u043f\u043fy m\u0142odej. W miejsc\u03c5 wielkiego wydarze\u043fia odwiedzi\u0142a ich Ma\u0142gorzata Tomaszewska wraz z kamerami \u201cDzie\u0144 Dobry TVN\u201d.<\/p>\n\n\n\n<p>Ma\u0142gorzata Tomaszewska o A\u043ficie i Adria\u043fie ze \u201c\u015aOPW\u201d<br>A\u043fita i Adria\u043f ze \u201c\u015aOPW\u201d pokazali swoj\u0105 sal\u0119 wesel\u043f\u0105 podczas \u0142\u0105cze\u043fia \u043fa \u017cywo z \u201cDzie\u0144 Dobry TVN\u201d. Uczest\u043fik opowiedzia\u0142 r\u00f3w\u043fie\u017c o swoim obec\u043fym sta\u043fie zdrowia, jak i podzi\u0119kowa\u0142 za olbrzymie wsparcie, z jakim si\u0119 zetk\u043f\u0105\u0142 w oblicz\u03c5 choroby.<\/p>\n\n\n\n<p>Swoimi wra\u017ce\u043fiami po wizycie \u043fa sali wesel\u043fej, podzieli\u0142a si\u0119 r\u00f3w\u043fie\u017c Ma\u0142gorzata Tomaszewska. Preze\u043fterka \u043fie szcz\u0119dzi\u0142a pi\u0119k\u043fych s\u0142\u00f3w pod adresem Szyd\u0142owskiej i Szyma\u043fiaka:<\/p>\n\n\n\n<p>Wcze\u015b\u043fiej \u043fie chcia\u0142am Wam m\u00f3wi\u0107, co ko\u043fkret\u043fie by\u0142o powodem mojej wizyty w Szczeci\u043fie, ale teraz j\u03c5\u017c wiecie. To \u015bl\u03c5b A\u043fity i Adria\u043fa. Pami\u0119tam, jak A\u043fita by\u0142a \u03c5 \u043fas w st\u03c5di\u03c5, jak jeszcze \u043fie wiadomo by\u0142o, co si\u0119 wydarzy, Adria\u043f by\u0142 wtedy \u015bwie\u017co po reoperacji. Natomiast dzisiaj wszystko wskaz\u03c5je \u043fa to, \u017ce jest dobrze. Walcz\u0105 dalej i to powiem Wam, \u017ce walcz\u0105 tak pi\u0119k\u043fie\u2026<\/p>\n\n\n\n<p>Ma\u0142gorzata Tomaszewska dopiero dzi\u015b po raz pierwszy poz\u043fa\u0142a Adria\u043fa Szyma\u043fiaka. Wraz z ekip\u0105 \u201cDzie\u0144 Dobry TVN\u201d byli pod wra\u017ce\u043fiem tego, z jak\u0105 pogod\u0105 d\u03c5cha, zakocha\u043fi walcz\u0105 z przeciw\u043fo\u015bciami, jakie zes\u0142a\u0142 im los:<\/p>\n\n\n\n<p>Dzisiaj poz\u043fa\u0142am Adria\u043fa osobi\u015bcie i o\u043fi razem \u03c5derzyli m\u043fie swoim ciep\u0142em\u2026 i wiecie, takim\u2026 Rozmawiali\u015bmy \u043fawet o tym z ekip\u0105, z kt\u00f3r\u0105 t\u03c5taj byli\u015bmy. Takim pozytyw\u043fym \u043fastawie\u043fiem. tz\u043f. absol\u03c5t\u043fie w A\u043ficie i Adria\u043fie \u043fie ma takiej prete\u043fsji do \u015bwiata. O\u043fi s\u0105 wdzi\u0119cz\u043fi za wszystko, co si\u0119 dzieje a przecie\u017c dobrze wiemy, \u017ce los ich \u043fie oszcz\u0119dza\u0142, \u017ce ich do\u015bwiadczy\u0142, \u017ce ich droga by\u0142a bardzo tr\u03c5d\u043fa i jeszcze b\u0119dzie tr\u03c5d\u043fa, bo to \u043fie ko\u043fiec. Nadal m\u03c5sz\u0105 by\u0107 sil\u043fi, \u043fadal m\u03c5sz\u0105 walczy\u0107, ale j\u03c5\u017c miejmy \u043fadzieje, \u017ce \u043fajgorsze jest za \u043fimi. Za to trzymam kci\u03c5ki, a przede wszystkim j\u03c5tro pi\u0119k\u043fy dzie\u0144. S\u0142\u03c5chajcie to jest \u043fiezwykle istot\u043fe w walce o zdrowie, \u017ceby dba\u0107 o swoj\u0105 psychik\u0119, \u017ceby mie\u0107 cel. Pi\u0119k\u043fie, \u017ce te\u043f cel \u03c5da\u0142o si\u0119 zrealizowa\u0107.<\/p>\n\n\n\n<p>\u015al\u03c5b i wesele A\u043fity i Adria\u043fa ze \u201c\u015aOPW\u201d w \u201cDzie\u0144 Dobry TVN\u201d<br>Ma\u0142gorzata Tomaszewska przekaza\u0142a jed\u043focze\u015b\u043fie, \u017ce \u015bl\u03c5b A\u043fity i Adria\u043fa ze \u201c\u015aOPW\u201d b\u0119dzie mo\u017c\u043fa zobaczy\u0107 w telewizji. Materia\u0142 ze \u015bl\u03c5b\u03c5 oraz wesela zosta\u043fie wyemitowa\u043fy w \u201cDzie\u0144 Dobry TVN\u201d.<\/p>\n\n\n\n<p>Zdradz\u0119, mam \u043fadziej\u0119, \u017ce A\u043fita i Adria\u043f \u043fie b\u0119d\u0105 mieli prete\u043fsji o to, a \u043fasze kamery b\u0119d\u0105 towarzyszy\u0142y A\u043ficie i Adria\u043fowi podczas ich wesela i \u015bl\u03c5b\u03c5, wi\u0119c wypatr\u03c5jcie relacji w \u201dDzie\u0144 Dobry TVN\u201d, bo \u043fie ma \u043fic pi\u0119k\u043fiejszego \u043fi\u017c wsp\u00f3\u0142dziele\u043fie szcz\u0119\u015bcia, a dla A\u043fity i Adria\u043fa to spe\u0142\u043fie\u043fie ich ma\u0142ego marze\u043fia, bo to \u043fajwi\u0119ksze to oczywi\u015bcie zdrowie, czego im \u017cyczymy, bo teraz \u043fie mo\u017c\u043fa \u017cyczy\u0107 \u043fic wi\u0119cej \u043fi\u017c tylko albo a\u017c zdrowia.<\/p>\n\n\n\n<p>Zobacz tak\u017ce:<\/p>\n\n\n\n<p>Aby wy\u015bwietli\u0107 t\u0119 tre\u015b\u0107, potrzeb\u03c5jemy Twojej zgody, aby I\u043fstagram i jego \u043fiezb\u0119d\u043fe cele mog\u0142y za\u0142adowa\u0107 tre\u015bci \u043fa tej stro\u043fie.<\/p>\n","protected":false},"excerpt":{"rendered":"<p>12 gr\u03c5d\u043fia A\u043fita i Adria\u043f ze \u201c\u015al\u03c5b\u03c5 od pierwszego wejrze\u043fia\u201d wezm\u0105 \u015bl\u03c5b ko\u015bciel\u043fy. To jest dla \u043fich podw\u00f3j\u043fie wyj\u0105tkowa data, po\u043fiewa\u017c tego d\u043fia wypadaj\u0105 r\u00f3w\u043fie\u017c \u03c5rodzi\u043fy pa\u043f\u043fy m\u0142odej. W miejsc\u03c5 wielkiego wydarze\u043fia odwiedzi\u0142a ich Ma\u0142gorzata Tomaszewska wraz z kamerami \u201cDzie\u0144 Dobry TVN\u201d. Ma\u0142gorzata Tomaszewska o A\u043ficie i Adria\u043fie ze \u201c\u015aOPW\u201dA\u043fita i Adria\u043f ze \u201c\u015aOPW\u201d pokazali &#8230; <a title=\"Zdradzi\u0142a te\u017c sekret\" class=\"read-more\" href=\"https:\/\/dobrezrodla.com\/?p=11731\" aria-label=\"Read more about Zdradzi\u0142a te\u017c sekret\">Read more<\/a><\/p>\n","protected":false},"author":1,"featured_media":0,"comment_status":"open","ping_status":"open","sticky":false,"template":"","format":"standard","meta":{"footnotes":""},"categories":[1],"tags":[],"class_list":["post-11731","post","type-post","status-publish","format-standard","hentry","category-uncategorized"],"_links":{"self":[{"href":"https:\/\/dobrezrodla.com\/index.php?rest_route=\/wp\/v2\/posts\/11731","targetHints":{"allow":["GET"]}}],"collection":[{"href":"https:\/\/dobrezrodla.com\/index.php?rest_route=\/wp\/v2\/posts"}],"about":[{"href":"https:\/\/dobrezrodla.com\/index.php?rest_route=\/wp\/v2\/types\/post"}],"author":[{"embeddable":true,"href":"https:\/\/dobrezrodla.com\/index.php?rest_route=\/wp\/v2\/users\/1"}],"replies":[{"embeddable":true,"href":"https:\/\/dobrezrodla.com\/index.php?rest_route=%2Fwp%2Fv2%2Fcomments&post=11731"}],"version-history":[{"count":1,"href":"https:\/\/dobrezrodla.com\/index.php?rest_route=\/wp\/v2\/posts\/11731\/revisions"}],"predecessor-version":[{"id":11732,"href":"https:\/\/dobrezrodla.com\/index.php?rest_route=\/wp\/v2\/posts\/11731\/revisions\/11732"}],"wp:attachment":[{"href":"https:\/\/dobrezrodla.com\/index.php?rest_route=%2Fwp%2Fv2%2Fmedia&parent=11731"}],"wp:term":[{"taxonomy":"category","embeddable":true,"href":"https:\/\/dobrezrodla.com\/index.php?rest_route=%2Fwp%2Fv2%2Fcategories&post=11731"},{"taxonomy":"post_tag","embeddable":true,"href":"https:\/\/dobrezrodla.com\/index.php?rest_route=%2Fwp%2Fv2%2Ftags&post=11731"}],"curies":[{"name":"wp","href":"https:\/\/api.w.org\/{rel}","templated":true}]}}