{"id":11733,"date":"2025-12-12T17:35:09","date_gmt":"2025-12-12T17:35:09","guid":{"rendered":"https:\/\/dobrezrodla.com\/?p=11733"},"modified":"2025-12-12T17:35:10","modified_gmt":"2025-12-12T17:35:10","slug":"karol-nawrocki-uderzyl-w-lecha-walese-tak-mu-dosolil-ze-az-poszlo-w-piety-2","status":"publish","type":"post","link":"https:\/\/dobrezrodla.com\/?p=11733","title":{"rendered":"Karol Nawrocki uderzy\u0142 w Lecha Wa\u0142\u0119s\u0119. Tak mu dosoli\u0142, \u017ce a\u017c posz\u0142o w pi\u0119ty"},"content":{"rendered":"\n<p>Drodzy widzowie, dzi\u015b dotkniemy tematu, kt\u00f3ry od lat dzieli Polak\u00f3w, wzbudza skrajne emocje i wci\u0105\u017c powraca jak bumerang. Podczas obchod\u00f3w <strong>45. rocznicy Porozumie\u0144 Sierpniowych<\/strong> \u2013 momentu, kt\u00f3ry mia\u0142 by\u0107 \u015bwi\u0119tem jedno\u015bci, wolno\u015bci i pami\u0119ci \u2013 dosz\u0142o do wydarzenia, kt\u00f3re wstrz\u0105sn\u0119\u0142o opini\u0105 publiczn\u0105.<\/p>\n\n\n\n<p>Karol Nawrocki, prezes Instytutu Pami\u0119ci Narodowej, postanowi\u0142 w swoim wyst\u0105pieniu nie tylko wspomnie\u0107 o bohaterach \u201eSolidarno\u015bci\u201d, ale tak\u017ce <strong>bezlito\u015bnie uderzy\u0142 w Lecha Wa\u0142\u0119s\u0119<\/strong>. Jego s\u0142owa by\u0142y jak policzek wymierzony w cz\u0142owieka, kt\u00f3rego wielu uwa\u017ca za najwi\u0119kszego symbolu walki z komunizmem.<\/p>\n\n\n\n<p>Czy Lech Wa\u0142\u0119sa by\u0142 rzeczywi\u015bcie niez\u0142omnym liderem, czy raczej cz\u0142owiekiem o dw\u00f3ch twarzach?<br>I dlaczego Nawrocki wybra\u0142 w\u0142a\u015bnie ten moment, aby tak mocno go zaatakowa\u0107?<\/p>\n\n\n\n<p>Lech Wa\u0142\u0119sa \u2013 dla jednych bohater narodowy, dla innych zdrajca. By\u0142y prezydent Polski, laureat Pokojowej Nagrody Nobla, cz\u0142owiek, kt\u00f3ry wsp\u00f3lnie z milionami Polak\u00f3w obali\u0142 komunizm\u2026 ale te\u017c posta\u0107 uwik\u0142ana w jeden z najwi\u0119kszych i najbardziej dramatycznych spor\u00f3w w naszej historii najnowszej.<\/p>\n\n\n\n<p>Od lat toczy si\u0119 dyskusja o tym, czy Wa\u0142\u0119sa \u2013 zanim sta\u0142 si\u0119 ikon\u0105 \u201eSolidarno\u015bci\u201d \u2013 nie wsp\u00f3\u0142pracowa\u0142 z komunistyczn\u0105 <strong>S\u0142u\u017cb\u0105 Bezpiecze\u0144stwa<\/strong> jako tajny wsp\u00f3\u0142pracownik o pseudonimie \u201eBolek\u201d.<\/p>\n\n\n\n<p>&#x1f4c2; W archiwach znajduj\u0105 si\u0119 dokumenty: zobowi\u0105zania do wsp\u00f3\u0142pracy, pokwitowania odbioru pieni\u0119dzy, raporty.<br>&#x1f4d6; Ju\u017c w 2008 roku historyk <strong>S\u0142awomir Cenckiewicz<\/strong> opisa\u0142 t\u0119 spraw\u0119 w swojej ksi\u0105\u017cce \u201eSB a Lech Wa\u0142\u0119sa. Przyczynek do biografii\u201d.<br>&#x2696;&#xfe0f; W 2017 roku IPN zaprezentowa\u0142 wyniki bada\u0144 grafologicznych, kt\u00f3re wed\u0142ug ekspert\u00f3w dowodz\u0105, \u017ce to w\u0142a\u015bnie Wa\u0142\u0119sa w\u0142asnor\u0119cznie podpisa\u0142 dokumenty wsp\u00f3\u0142pracy.<\/p>\n\n\n\n<p>Dla wielu te dowody by\u0142y szokuj\u0105ce. Ale sam Wa\u0142\u0119sa zawsze wszystkiemu zaprzecza\u0142. M\u00f3wi\u0142, \u017ce to <strong>k\u0142amstwa, manipulacje i pr\u00f3by zniszczenia jego legendy<\/strong>. W jego opinii \u2013 ca\u0142y sp\u00f3r o \u201eBolka\u201d to polityczna zemsta i zamach na jego dobre imi\u0119.<\/p>\n\n\n\n<p>I w\u0142a\u015bnie tutaj, podczas jubileuszu \u201eSolidarno\u015bci\u201d, do gry wkroczy\u0142 Karol Nawrocki.<br>W czasie, gdy wielu spodziewa\u0142o si\u0119 podnios\u0142ych s\u0142\u00f3w i oddania ho\u0142du bohaterom, Nawrocki postanowi\u0142 <strong>rozliczy\u0107 legend\u0119<\/strong>.<\/p>\n\n\n\n<p>Powiedzia\u0142 jasno i bez ogr\u00f3dek:<br>&#x1f449; \u201eNie mo\u017cemy zapomina\u0107, \u017ce Lech Wa\u0142\u0119sa by\u0142 przewodnicz\u0105cym Solidarno\u015bci. Ale nikt nie zabroni nam opisywa\u0107 rzetelnie i m\u00f3wi\u0107 prawdy o tym, kim naprawd\u0119 by\u0142 Lech Wa\u0142\u0119sa. Za to dzi\u0119kuj\u0119 S\u0142awomirowi Cenckiewiczowi.\u201d<\/p>\n\n\n\n<p>Te s\u0142owa by\u0142y jak bomba. Na sali zapad\u0142a cisza, a wielu go\u015bci nie kry\u0142o szoku. Bo oto na oficjalnych uroczysto\u015bciach, wprost przed kamerami, prezes IPN <strong>oskar\u017cy\u0142 Lecha Wa\u0142\u0119s\u0119 o bycie zdrajc\u0105<\/strong>.<\/p>\n\n\n\n<p>Warto doda\u0107, \u017ce to nie pierwszy raz, gdy Wa\u0142\u0119sa i Nawrocki wymieniaj\u0105 ciosy. By\u0142y prezydent wielokrotnie atakowa\u0142 prezesa IPN, a nawet twierdzi\u0142, \u017ce wybory prezydenckie w Polsce zosta\u0142y sfa\u0142szowane, a prawdziwym zwyci\u0119zc\u0105 mia\u0142 by\u0107 Rafa\u0142 Trzaskowski.<\/p>\n\n\n\n<p>Ale teraz \u2013 to Nawrocki uderzy\u0142 najmocniej. Tak, \u017ce \u2013 jak komentowali niekt\u00f3rzy \u2013 <strong>Wa\u0142\u0119sie \u201eposz\u0142o w pi\u0119ty\u201d<\/strong>.<\/p>\n\n\n\n<p>-Wyst\u0105pienie Nawrockiego natychmiast obieg\u0142o media. Jedni komentatorzy m\u00f3wili o odwadze i \u201em\u00f3wieniu prawdy wprost\u201d. Inni \u2013 o skandalu i braku szacunku wobec cz\u0142owieka, kt\u00f3ry mimo wszystko odegra\u0142 historyczn\u0105 rol\u0119.<\/p>\n\n\n\n<p>Na Twitterze i Facebooku zawrza\u0142o:<\/p>\n\n\n\n<ul class=\"wp-block-list\">\n<li>\u201eNawrocki odar\u0142 Wa\u0142\u0119s\u0119 z mitu!\u201d \u2013 pisali jedni.<\/li>\n\n\n\n<li>\u201eTo atak polityczny, nic wi\u0119cej\u201d \u2013 ripostowali drudzy.<\/li>\n<\/ul>\n\n\n\n<p>Spo\u0142ecze\u0144stwo podzieli\u0142o si\u0119 jak nigdy. A sam Wa\u0142\u0119sa \u2013 cho\u0107 tym razem jeszcze nie odpowiedzia\u0142 \u2013 zapewne nie zostawi tego bez reakcji.<\/p>\n\n\n\n<p>Historia Lecha Wa\u0142\u0119sy to historia pe\u0142na sprzeczno\u015bci. Dla jednych \u2013 symbol odwagi i walki o wolno\u015b\u0107. Dla innych \u2013 cz\u0142owiek, kt\u00f3ry zbyt wiele ukrywa\u0142 i kt\u00f3ry w najmroczniejszych latach PRL mia\u0142 wsp\u00f3\u0142pracowa\u0107 z re\u017cimem.<\/p>\n\n\n\n<p>S\u0142owa Karola Nawrockiego s\u0105 kolejnym aktem tego wielkiego dramatu, kt\u00f3ry rozgrywa si\u0119 od dekad w polskiej polityce i historiografii. Jedno jest pewne: <strong>sp\u00f3r o Wa\u0142\u0119s\u0119 nigdy nie ucichnie<\/strong>.<\/p>\n\n\n\n<p>I pytanie do Was \u2013 widzowie:<br>&#x1f449; Czy Karol Nawrocki mia\u0142 racj\u0119, publicznie \u201erozliczaj\u0105c\u201d Lecha Wa\u0142\u0119s\u0119?<br>&#x1f449; A mo\u017ce takie ataki to przekroczenie granicy i deptanie pami\u0119ci o cz\u0142owieku, kt\u00f3ry doprowadzi\u0142 Polsk\u0119 do wolno\u015bci?<\/p>\n","protected":false},"excerpt":{"rendered":"<p>Drodzy widzowie, dzi\u015b dotkniemy tematu, kt\u00f3ry od lat dzieli Polak\u00f3w, wzbudza skrajne emocje i wci\u0105\u017c powraca jak bumerang. Podczas obchod\u00f3w 45. rocznicy Porozumie\u0144 Sierpniowych \u2013 momentu, kt\u00f3ry mia\u0142 by\u0107 \u015bwi\u0119tem jedno\u015bci, wolno\u015bci i pami\u0119ci \u2013 dosz\u0142o do wydarzenia, kt\u00f3re wstrz\u0105sn\u0119\u0142o opini\u0105 publiczn\u0105. Karol Nawrocki, prezes Instytutu Pami\u0119ci Narodowej, postanowi\u0142 w swoim wyst\u0105pieniu nie tylko wspomnie\u0107 &#8230; <a title=\"Karol Nawrocki uderzy\u0142 w Lecha Wa\u0142\u0119s\u0119. Tak mu dosoli\u0142, \u017ce a\u017c posz\u0142o w pi\u0119ty\" class=\"read-more\" href=\"https:\/\/dobrezrodla.com\/?p=11733\" aria-label=\"Read more about Karol Nawrocki uderzy\u0142 w Lecha Wa\u0142\u0119s\u0119. Tak mu dosoli\u0142, \u017ce a\u017c posz\u0142o w pi\u0119ty\">Read more<\/a><\/p>\n","protected":false},"author":1,"featured_media":0,"comment_status":"open","ping_status":"open","sticky":false,"template":"","format":"standard","meta":{"footnotes":""},"categories":[1],"tags":[],"class_list":["post-11733","post","type-post","status-publish","format-standard","hentry","category-uncategorized"],"_links":{"self":[{"href":"https:\/\/dobrezrodla.com\/index.php?rest_route=\/wp\/v2\/posts\/11733","targetHints":{"allow":["GET"]}}],"collection":[{"href":"https:\/\/dobrezrodla.com\/index.php?rest_route=\/wp\/v2\/posts"}],"about":[{"href":"https:\/\/dobrezrodla.com\/index.php?rest_route=\/wp\/v2\/types\/post"}],"author":[{"embeddable":true,"href":"https:\/\/dobrezrodla.com\/index.php?rest_route=\/wp\/v2\/users\/1"}],"replies":[{"embeddable":true,"href":"https:\/\/dobrezrodla.com\/index.php?rest_route=%2Fwp%2Fv2%2Fcomments&post=11733"}],"version-history":[{"count":1,"href":"https:\/\/dobrezrodla.com\/index.php?rest_route=\/wp\/v2\/posts\/11733\/revisions"}],"predecessor-version":[{"id":11734,"href":"https:\/\/dobrezrodla.com\/index.php?rest_route=\/wp\/v2\/posts\/11733\/revisions\/11734"}],"wp:attachment":[{"href":"https:\/\/dobrezrodla.com\/index.php?rest_route=%2Fwp%2Fv2%2Fmedia&parent=11733"}],"wp:term":[{"taxonomy":"category","embeddable":true,"href":"https:\/\/dobrezrodla.com\/index.php?rest_route=%2Fwp%2Fv2%2Fcategories&post=11733"},{"taxonomy":"post_tag","embeddable":true,"href":"https:\/\/dobrezrodla.com\/index.php?rest_route=%2Fwp%2Fv2%2Ftags&post=11733"}],"curies":[{"name":"wp","href":"https:\/\/api.w.org\/{rel}","templated":true}]}}