{"id":11735,"date":"2025-12-12T17:39:47","date_gmt":"2025-12-12T17:39:47","guid":{"rendered":"https:\/\/dobrezrodla.com\/?p=11735"},"modified":"2025-12-12T17:39:48","modified_gmt":"2025-12-12T17:39:48","slug":"koniec-prezydentury-dudy-szokujace-kulisy-agata-duda-nie-wytrzymuje-presji","status":"publish","type":"post","link":"https:\/\/dobrezrodla.com\/?p=11735","title":{"rendered":"Koniec prezydentury Dudy. Szokuj\u0105ce kulisy! Agata Duda nie wytrzymuje presji\u2026"},"content":{"rendered":"\n<p>To koniec pewnej epoki\u2026<\/p>\n\n\n\n<p>Andrzej Duda \u017cegna si\u0119 z urz\u0119dem prezydenta Rzeczypospolitej Polskiej. Ale to nie on jest dzi\u015b w centrum uwagi. Wszystkie spojrzenia kieruj\u0105 si\u0119 na jego \u017con\u0119 \u2013 Agat\u0119 Kornhauser-Dud\u0119.<br>Przez lata by\u0142a symbolem klasy, spokoju i perfekcyjnego wizerunku. Dzi\u015b staje twarz\u0105 w twarz z czym\u015b, do czego nie przygotowa\u0142y j\u0105 \u017cadne oficjalne wyst\u0105pienia.<br>Za kulisami trwa dramat. Stres, napi\u0119cie, po\u017cegnania i polityczne obowi\u0105zki. Co naprawd\u0119 dzieje si\u0119 za drzwiami Pa\u0142acu Prezydenckiego?<\/p>\n\n\n\n<p>Zdradzamy kulisy ostatnich miesi\u0119cy prezydentury\u2026 To nie tylko koniec kadencji. To <strong>koniec \u017cycia, jakie znali.<\/strong><\/p>\n\n\n\n<p>Wszystko wskazuje na to, \u017ce maj 2025 b\u0119dzie jednym z najbardziej historycznych moment\u00f3w w najnowszych dziejach Polski. 18 maja \u2013 pierwsza tura wybor\u00f3w prezydenckich. To w\u0142a\u015bnie tego dnia Polacy zdecyduj\u0105, kto przez kolejne pi\u0119\u0107 lat b\u0119dzie reprezentowa\u0142 ich na arenie mi\u0119dzynarodowej.<\/p>\n\n\n\n<p>Andrzej Duda, po dw\u00f3ch kadencjach, nie mo\u017ce ubiega\u0107 si\u0119 o reelekcj\u0119. Jego misja dobiega ko\u0144ca. Ale czy by\u0142 gotowy na to, co nadejdzie p\u00f3\u017aniej? Czy Agata Duda by\u0142a gotowa po\u017cegna\u0107 si\u0119 z \u017cyciem, kt\u00f3re przez dekad\u0119 by\u0142o jej codzienno\u015bci\u0105?<\/p>\n\n\n\n<p>&#x1f3db;&#xfe0f; Pa\u0142ac Prezydencki to nie tylko reprezentacyjna rezydencja. To miejsce, gdzie narastaj\u0105 emocje, napi\u0119cie, poczucie obowi\u0105zku. Agata Duda, mimo swojej rezerwy, przez lata trzyma\u0142a wszystko w ryzach. Ale zbli\u017caj\u0105cy si\u0119 koniec wszystko zmienia.<\/p>\n\n\n\n<p>&#x1f399;&#xfe0f; Projektantka mody i stylistka Pierwszej Damy \u2013 Dorota Goldpoint \u2013 uchyla r\u0105bka tajemnicy. I to, co m\u00f3wi, naprawd\u0119 szokuje.<\/p>\n\n\n\n<p>\u201eMamy przed sob\u0105 ogrom wyjazd\u00f3w. Trwaj\u0105 przygotowania do tzw. po\u017cegnalnych spotka\u0144 z g\u0142owami innych pa\u0144stw. To dyplomatyczna tradycja. Ale w przypadku Agaty Dudy, to r\u00f3wnie\u017c emocjonalny cios\u2026\u201d<\/p>\n\n\n\n<p>&#x1f457; Podczas jednej zagranicznej wizyty \u017cona prezydenta musi mie\u0107 przygotowane nawet 6 do 8 r\u00f3\u017cnych kreacji. Od \u015bniadania z ambasadorami, przez oficjalne wizyty w ambasadach, po wieczorne kolacje dyplomatyczne. Ka\u017cda chwila pod lup\u0105, ka\u017cdy gest oceniany, ka\u017cdy u\u015bmiech \u2013 analizowany.<\/p>\n\n\n\n<p>Ale za fasad\u0105 elegancji \u2013 kryje si\u0119 zm\u0119czenie. I \u0142zy.<\/p>\n\n\n\n<p>Nieoficjalnie m\u00f3wi si\u0119, \u017ce Agata Duda bardzo \u017ale znosi ten czas. Pojawi\u0142y si\u0119 informacje, \u017ce jest przem\u0119czona, zestresowana i\u2026 emocjonalnie wypalona. Niekt\u00f3re osoby z otoczenia pary prezydenckiej twierdz\u0105 wr\u0119cz, \u017ce pierwsza dama \u201emarzy tylko o jednym \u2013 o tym, by znikn\u0105\u0107 z \u017cycia publicznego\u201d.<\/p>\n\n\n\n<p>&#x1f3f4;&#x200d;&#x2620;&#xfe0f; Ostatnie wyst\u0105pienia, ostatnie uroczysto\u015bci. Dzie\u0144 Flagi, \u015awi\u0119to 3 Maja, wybory \u2013 to wszystko zbiega si\u0119 w czasie. Kulminacja napi\u0119cia, kt\u00f3re narasta\u0142o przez miesi\u0105ce.<\/p>\n\n\n\n<p>A potem? Potem nadejdzie cisza.<\/p>\n\n\n\n<p>Ale ta cisza mo\u017ce by\u0107 bardziej bolesna ni\u017c tysi\u0105ce fleszy aparat\u00f3w. Bo po\u017cegnanie z funkcj\u0105 to nie tylko oddanie w\u0142adzy. To tak\u017ce utrata to\u017csamo\u015bci. Kim b\u0119dzie Agata Duda po odej\u015bciu z Pa\u0142acu?<\/p>\n\n\n\n<p>&#x1f4ac; Cz\u0119\u015b\u0107 komentator\u00f3w twierdzi, \u017ce para prezydencka nie planuje powrotu do \u017cycia medialnego. Inni \u2013 \u017ce Agata mo\u017ce zupe\u0142nie znikn\u0105\u0107 z przestrzeni publicznej i zaj\u0105\u0107 si\u0119 dzia\u0142alno\u015bci\u0105 spo\u0142eczn\u0105 lub naukow\u0105. Ale s\u0105 te\u017c tacy, kt\u00f3rzy m\u00f3wi\u0105 wprost \u2013 mi\u0119dzy Andrzejem a Agat\u0105 wcale nie jest tak dobrze, jak si\u0119 wydaje.<\/p>\n\n\n\n<p>To nie tylko polityczny koniec.<br>To <strong>emocjonalne rozliczenie z 10 latami w cieniu Pa\u0142acu Prezydenckiego.<\/strong><br>Agata Duda przez lata sta\u0142a za m\u0119\u017cem \u2013 cicha, elegancka, opanowana. Ale nikt nie wie, co naprawd\u0119 prze\u017cywa\u0142a za kulisami.<br>Dzi\u015b czas po\u017cegna\u0144, pakowania, rozlicze\u0144. Czas, kt\u00f3ry mo\u017ce zostawi\u0107 <strong>blizn\u0119 na ca\u0142e \u017cycie<\/strong>.<\/p>\n\n\n\n<p>Co dalej? Czy Agata Duda zniknie z \u017cycia publicznego na zawsze? Czy uda jej si\u0119 odnale\u017a\u0107 w nowej rzeczywisto\u015bci?<\/p>\n\n\n\n<p><\/p>\n","protected":false},"excerpt":{"rendered":"<p>To koniec pewnej epoki\u2026 Andrzej Duda \u017cegna si\u0119 z urz\u0119dem prezydenta Rzeczypospolitej Polskiej. Ale to nie on jest dzi\u015b w centrum uwagi. Wszystkie spojrzenia kieruj\u0105 si\u0119 na jego \u017con\u0119 \u2013 Agat\u0119 Kornhauser-Dud\u0119.Przez lata by\u0142a symbolem klasy, spokoju i perfekcyjnego wizerunku. Dzi\u015b staje twarz\u0105 w twarz z czym\u015b, do czego nie przygotowa\u0142y j\u0105 \u017cadne oficjalne wyst\u0105pienia.Za &#8230; <a title=\"Koniec prezydentury Dudy. Szokuj\u0105ce kulisy! Agata Duda nie wytrzymuje presji\u2026\" class=\"read-more\" href=\"https:\/\/dobrezrodla.com\/?p=11735\" aria-label=\"Read more about Koniec prezydentury Dudy. Szokuj\u0105ce kulisy! Agata Duda nie wytrzymuje presji\u2026\">Read more<\/a><\/p>\n","protected":false},"author":1,"featured_media":0,"comment_status":"open","ping_status":"open","sticky":false,"template":"","format":"standard","meta":{"footnotes":""},"categories":[1],"tags":[],"class_list":["post-11735","post","type-post","status-publish","format-standard","hentry","category-uncategorized"],"_links":{"self":[{"href":"https:\/\/dobrezrodla.com\/index.php?rest_route=\/wp\/v2\/posts\/11735","targetHints":{"allow":["GET"]}}],"collection":[{"href":"https:\/\/dobrezrodla.com\/index.php?rest_route=\/wp\/v2\/posts"}],"about":[{"href":"https:\/\/dobrezrodla.com\/index.php?rest_route=\/wp\/v2\/types\/post"}],"author":[{"embeddable":true,"href":"https:\/\/dobrezrodla.com\/index.php?rest_route=\/wp\/v2\/users\/1"}],"replies":[{"embeddable":true,"href":"https:\/\/dobrezrodla.com\/index.php?rest_route=%2Fwp%2Fv2%2Fcomments&post=11735"}],"version-history":[{"count":1,"href":"https:\/\/dobrezrodla.com\/index.php?rest_route=\/wp\/v2\/posts\/11735\/revisions"}],"predecessor-version":[{"id":11736,"href":"https:\/\/dobrezrodla.com\/index.php?rest_route=\/wp\/v2\/posts\/11735\/revisions\/11736"}],"wp:attachment":[{"href":"https:\/\/dobrezrodla.com\/index.php?rest_route=%2Fwp%2Fv2%2Fmedia&parent=11735"}],"wp:term":[{"taxonomy":"category","embeddable":true,"href":"https:\/\/dobrezrodla.com\/index.php?rest_route=%2Fwp%2Fv2%2Fcategories&post=11735"},{"taxonomy":"post_tag","embeddable":true,"href":"https:\/\/dobrezrodla.com\/index.php?rest_route=%2Fwp%2Fv2%2Ftags&post=11735"}],"curies":[{"name":"wp","href":"https:\/\/api.w.org\/{rel}","templated":true}]}}