{"id":11737,"date":"2025-12-12T17:40:24","date_gmt":"2025-12-12T17:40:24","guid":{"rendered":"https:\/\/dobrezrodla.com\/?p=11737"},"modified":"2025-12-12T17:40:25","modified_gmt":"2025-12-12T17:40:25","slug":"sedzia-wesolowska-nie-wytrzymala-miazdzace-slowa-o-nawrockim-przed-druga-tura-wyborow","status":"publish","type":"post","link":"https:\/\/dobrezrodla.com\/?p=11737","title":{"rendered":"S\u0119dzia Weso\u0142owska nie wytrzyma\u0142a! Mia\u017cd\u017c\u0105ce s\u0142owa o Nawrockim przed drug\u0105 tur\u0105 wybor\u00f3w"},"content":{"rendered":"\n<p>Polska stoi dzi\u015b na rozdro\u017cu. Ju\u017c w t\u0119 niedziel\u0119 odb\u0119dzie si\u0119 druga tura najwa\u017cniejszych wybor\u00f3w prezydenckich od lat.<br>Ale na kilka dni przed decyduj\u0105cym g\u0142osowaniem, kraj obieg\u0142y szokuj\u0105ce informacje, kt\u00f3re mog\u0105 zmieni\u0107 wszystko.<br>&#x1f4a5; Kandydat popierany przez Prawo i Sprawiedliwo\u015b\u0107, Karol Nawrocki, znalaz\u0142 si\u0119 w centrum wielu afer, kt\u00f3re podwa\u017caj\u0105 jego wiarygodno\u015b\u0107, moralno\u015b\u0107 i gotowo\u015b\u0107 do obj\u0119cia najwy\u017cszego urz\u0119du w pa\u0144stwie.<\/p>\n\n\n\n<p>I w\u0142a\u015bnie teraz \u2013 w najwa\u017cniejszym mo\u017cliwym momencie \u2013 g\u0142os zabiera s\u0119dzia Anna Maria Weso\u0142owska, znana i szanowana nie tylko z telewizji, ale tak\u017ce z d\u0142ugoletniej pracy w polskim wymiarze sprawiedliwo\u015bci.<br>To nie jest polityczny manifest. To krzyk sumienia kobiety, kt\u00f3ra przez 30 lat walczy\u0142a z przest\u0119pczo\u015bci\u0105 i wie, kiedy pa\u0144stwo staje na kraw\u0119dzi moralnej katastrofy.<\/p>\n\n\n\n<p>&#x1f4e3; W tym filmie przedstawimy Wam krok po kroku:<br>\u2013 jakie afery obci\u0105\u017caj\u0105 Karola Nawrockiego,<br>\u2013 co dok\u0142adnie powiedzia\u0142a Anna Maria Weso\u0142owska,<br>\u2013 oraz dlaczego jej s\u0142owa mog\u0105 by\u0107 ostatnim ostrze\u017ceniem przed katastrof\u0105 demokratyczn\u0105.<\/p>\n\n\n\n<p>&#x1f50d; Karol Nawrocki \u2013 cz\u0142owiek z problemami<br>Od kilku tygodni media niemal codziennie donosz\u0105 o nowych, kompromituj\u0105cych szczeg\u00f3\u0142ach dotycz\u0105cych \u017cycia i dzia\u0142alno\u015bci Karola Nawrockiego. Zacz\u0119\u0142o si\u0119 od sprawy mieszkania starszego s\u0105siada, kt\u00f3ry \u2013 wed\u0142ug ustale\u0144 \u2013 mia\u0142 by\u0107 obj\u0119ty opiek\u0105 przez ma\u0142\u017ce\u0144stwo Nawrockich. Tymczasem w niejasnych okoliczno\u015bciach trafi\u0142 do domu opieki, a opinia publiczna zacz\u0119\u0142a m\u00f3wi\u0107 o \u201eprzej\u0119ciu maj\u0105tku przez wp\u0142ywow\u0105 rodzin\u0119\u201d.<\/p>\n\n\n\n<p>Potem by\u0142o ju\u017c tylko gorzej.<br>&#x1f4f0; Dziennikarze Onetu ujawnili relacje dw\u00f3ch ochroniarzy z Grand Hotelu, kt\u00f3rzy twierdzili, \u017ce byli \u015bwiadkami skandalicznych sytuacji z udzia\u0142em Nawrockiego \u2013 w tym organizowania kobiet do towarzystwa i wej\u015bcia z nieznajom\u0105 kobiet\u0105 oraz jej \u201copiekunem\u201d do hotelu.<br>&#x1f465; W mediach spo\u0142eczno\u015bciowych zawrza\u0142o, a internauci zacz\u0119li zadawa\u0107 pytanie: czy to jest cz\u0142owiek, kt\u00f3ry ma reprezentowa\u0107 nasz kraj?<\/p>\n\n\n\n<p>I wtedy pojawi\u0142a si\u0119 kolejna bomba: raport Najwy\u017cszej Izby Kontroli.<br>&#x1f4ca; Wed\u0142ug ustale\u0144, a\u017c 40% wydatk\u00f3w Instytutu Pami\u0119ci Narodowej \u2013 kt\u00f3rym kieruje Nawrocki \u2013 by\u0142o obci\u0105\u017conych nieprawid\u0142owo\u015bciami. To oznacza miliony z\u0142otych publicznych pieni\u0119dzy, kt\u00f3re mog\u0142y by\u0107 \u017ale zarz\u0105dzane lub nawet zmarnowane.<\/p>\n\n\n\n<p>W\u0142a\u015bnie w tym momencie g\u0142os zabra\u0142a Anna Maria Weso\u0142owska.<\/p>\n\n\n\n<p>&#x1f5e3;&#xfe0f; Weso\u0142owska m\u00f3wi \u201edo\u015b\u0107\u201d<\/p>\n\n\n\n<p>W swoim emocjonalnym i poruszaj\u0105cym wpisie s\u0119dzia nie tylko krytykuje samego Nawrockiego, ale odnosi si\u0119 do ca\u0142ej atmosfery k\u0142amstwa i manipulacji, kt\u00f3ra \u2013 jej zdaniem \u2013 opanowa\u0142a debat\u0119 publiczn\u0105.<\/p>\n\n\n\n<p>\u201ePrzez 25 lat rozmawia\u0142am z tysi\u0105cami Polak\u00f3w. To ludzie o pi\u0119knych sercach, g\u0142\u0119boko przywi\u0105zani do warto\u015bci i tradycji. Ale zostali zmanipulowani. Straszeni ideologiami, kt\u00f3re nie istniej\u0105, odci\u0105gani od prawdy\u201d \u2013 pisze Weso\u0142owska.<\/p>\n\n\n\n<p>Szczeg\u00f3lnie uderzy\u0142 j\u0105 moment, w kt\u00f3rym us\u0142ysza\u0142a kobiet\u0119 m\u00f3wi\u0105c\u0105 w obronie Nawrockiego:<br>\u201eSkoro potrafi si\u0119 bi\u0107, to nas obroni, jak przyjdzie wojna\u201d.<\/p>\n\n\n\n<p>Na to s\u0119dzia odpowiada stanowczo:<br>&#x2696;&#xfe0f; \u201eOrzeka\u0142am w sprawach ustawek. Tam nie chodzi\u0142o o patriotyzm czy trening walki. Tam chodzi\u0142o o przemoc, o krzywdzenie, o \u015bmier\u0107. To by\u0142a czysta przest\u0119pczo\u015b\u0107.\u201d<\/p>\n\n\n\n<p>Ale prawdziwe oburzenie wzbudzi\u0142a u niej wypowied\u017a prezydenta Andrzeja Dudy, kt\u00f3ry zbagatelizowa\u0142 temat b\u00f3jek, por\u00f3wnuj\u0105c je do zabaw \u201ema\u0142ych nied\u017awiadk\u00f3w\u201d.<\/p>\n\n\n\n<p>&#x1f7e5; \u201eNie, Panie Prezydencie! Ka\u017cda b\u00f3jka to przest\u0119pstwo. Udzielanie przyzwolenia na takie zachowania to nie tylko ha\u0144ba moralna \u2013 to zaproszenie dla przemocy na najwy\u017csze szczeble w\u0142adzy.\u201d<\/p>\n\n\n\n<p>&#x1f6ac; Snus i k\u0142amstwo<\/p>\n\n\n\n<p>Podczas debaty telewizyjnej miliony widz\u00f3w zobaczy\u0142y, jak Karol Nawrocki wk\u0142ada co\u015b do ust. P\u00f3\u017aniej t\u0142umaczy\u0142, \u017ce to guma do \u017cucia. Jednak wielu widz\u00f3w \u2013 w tym s\u0119dzia Weso\u0142owska \u2013 nie mia\u0142o w\u0105tpliwo\u015bci: to by\u0142 snus, u\u017cywka nikotynowa zakazana w wielu krajach.<br>&#x1f4a5; \u201ePrzez 30 lat walczy\u0142am z uzale\u017cnieniami m\u0142odzie\u017cy. A kandydat na prezydenta pokazuje na \u017cywo, \u017ce to nic takiego?\u201d \u2013 pyta z b\u00f3lem.<\/p>\n\n\n\n<p>Dla Weso\u0142owskiej to nie tylko brak szacunku, ale \u015bwiadome k\u0142amstwo w oczach ca\u0142ego narodu.<\/p>\n\n\n\n<p>&#x1f512; \u201eZa fa\u0142szywe zeznania przed s\u0105dem grozi do 8 lat wi\u0119zienia. A on k\u0142amie publicznie, bez \u017cadnych konsekwencji?\u201d<\/p>\n\n\n\n<p>Anna Maria Weso\u0142owska nie wymienia \u017cadnego nazwiska. Ale kontekst jest jasny. To ostrze\u017cenie.<\/p>\n\n\n\n<p>&#x1f4e2; \u201eJe\u015bli przest\u0119pcze struktury wejd\u0105 do Pa\u0142acu Prezydenckiego \u2013 nic nas ju\u017c nie uratuje. To b\u0119dzie piek\u0142o, kt\u00f3re sami zgotujemy naszym dzieciom.\u201d<\/p>\n\n\n\n<p>Na koniec zwraca si\u0119 do nas wszystkich \u2013 obywateli, rodzic\u00f3w, dziadk\u00f3w.<\/p>\n\n\n\n<p>&#x1f54a;&#xfe0f; \u201eProsz\u0119, nie niszczmy kraju, kt\u00f3ry tak bardzo kochamy. G\u0142osujmy z rozs\u0105dkiem, nie ze strachu. Nie dajmy si\u0119 oszuka\u0107 propagandzie. A je\u015bli b\u0119dzie trzeba \u2013 ja stan\u0119 pod Pa\u0142acem Prezydenckim i b\u0119d\u0119 m\u00f3wi\u0107 w Waszym imieniu. Ale teraz \u2013 teraz dajmy szans\u0119 demokracji.\u201d<\/p>\n\n\n\n<p>&#x1f4cc; To nie jest zwyk\u0142a historia. To by\u0107 mo\u017ce najwa\u017cniejsze przes\u0142anie tej kampanii.<\/p>\n\n\n\n<p>&#x1f5f3;&#xfe0f; Obejrzyj do ko\u0144ca. Przeka\u017c dalej. I w niedziel\u0119 \u2013 podejmij decyzj\u0119 z otwartym sercem.<\/p>\n","protected":false},"excerpt":{"rendered":"<p>Polska stoi dzi\u015b na rozdro\u017cu. Ju\u017c w t\u0119 niedziel\u0119 odb\u0119dzie si\u0119 druga tura najwa\u017cniejszych wybor\u00f3w prezydenckich od lat.Ale na kilka dni przed decyduj\u0105cym g\u0142osowaniem, kraj obieg\u0142y szokuj\u0105ce informacje, kt\u00f3re mog\u0105 zmieni\u0107 wszystko.&#x1f4a5; Kandydat popierany przez Prawo i Sprawiedliwo\u015b\u0107, Karol Nawrocki, znalaz\u0142 si\u0119 w centrum wielu afer, kt\u00f3re podwa\u017caj\u0105 jego wiarygodno\u015b\u0107, moralno\u015b\u0107 i gotowo\u015b\u0107 do obj\u0119cia &#8230; <a title=\"S\u0119dzia Weso\u0142owska nie wytrzyma\u0142a! Mia\u017cd\u017c\u0105ce s\u0142owa o Nawrockim przed drug\u0105 tur\u0105 wybor\u00f3w\" class=\"read-more\" href=\"https:\/\/dobrezrodla.com\/?p=11737\" aria-label=\"Read more about S\u0119dzia Weso\u0142owska nie wytrzyma\u0142a! Mia\u017cd\u017c\u0105ce s\u0142owa o Nawrockim przed drug\u0105 tur\u0105 wybor\u00f3w\">Read more<\/a><\/p>\n","protected":false},"author":1,"featured_media":0,"comment_status":"open","ping_status":"open","sticky":false,"template":"","format":"standard","meta":{"footnotes":""},"categories":[1],"tags":[],"class_list":["post-11737","post","type-post","status-publish","format-standard","hentry","category-uncategorized"],"_links":{"self":[{"href":"https:\/\/dobrezrodla.com\/index.php?rest_route=\/wp\/v2\/posts\/11737","targetHints":{"allow":["GET"]}}],"collection":[{"href":"https:\/\/dobrezrodla.com\/index.php?rest_route=\/wp\/v2\/posts"}],"about":[{"href":"https:\/\/dobrezrodla.com\/index.php?rest_route=\/wp\/v2\/types\/post"}],"author":[{"embeddable":true,"href":"https:\/\/dobrezrodla.com\/index.php?rest_route=\/wp\/v2\/users\/1"}],"replies":[{"embeddable":true,"href":"https:\/\/dobrezrodla.com\/index.php?rest_route=%2Fwp%2Fv2%2Fcomments&post=11737"}],"version-history":[{"count":1,"href":"https:\/\/dobrezrodla.com\/index.php?rest_route=\/wp\/v2\/posts\/11737\/revisions"}],"predecessor-version":[{"id":11738,"href":"https:\/\/dobrezrodla.com\/index.php?rest_route=\/wp\/v2\/posts\/11737\/revisions\/11738"}],"wp:attachment":[{"href":"https:\/\/dobrezrodla.com\/index.php?rest_route=%2Fwp%2Fv2%2Fmedia&parent=11737"}],"wp:term":[{"taxonomy":"category","embeddable":true,"href":"https:\/\/dobrezrodla.com\/index.php?rest_route=%2Fwp%2Fv2%2Fcategories&post=11737"},{"taxonomy":"post_tag","embeddable":true,"href":"https:\/\/dobrezrodla.com\/index.php?rest_route=%2Fwp%2Fv2%2Ftags&post=11737"}],"curies":[{"name":"wp","href":"https:\/\/api.w.org\/{rel}","templated":true}]}}