{"id":11739,"date":"2025-12-12T17:40:52","date_gmt":"2025-12-12T17:40:52","guid":{"rendered":"https:\/\/dobrezrodla.com\/?p=11739"},"modified":"2025-12-12T17:40:52","modified_gmt":"2025-12-12T17:40:52","slug":"slubne-zdjecia-karola-nawrockiego-poruszyly-cala-polske-nikt-nie-wiedzial-jak-sie-poznali","status":"publish","type":"post","link":"https:\/\/dobrezrodla.com\/?p=11739","title":{"rendered":"\u015alubne zdj\u0119cia Karola Nawrockiego poruszy\u0142y ca\u0142\u0105 Polsk\u0119! Nikt nie wiedzia\u0142, jak si\u0119 poznali\u2026"},"content":{"rendered":"\n<p>Mi\u0142o\u015b\u0107, kt\u00f3ra przetrwa\u0142a czas. Zwi\u0105zek, kt\u00f3ry rozpocz\u0105\u0142 si\u0119 od przypadkowego spojrzenia na klatce schodowej. I dzi\u015b \u2013 po 15 latach wsp\u00f3lnego \u017cycia \u2013 wraca do nas z niezwyk\u0142\u0105 si\u0142\u0105, poruszaj\u0105c tysi\u0105ce ludzi w ca\u0142ej Polsce. W samym \u015brodku gor\u0105cej kampanii prezydenckiej, Karol Nawrocki \u2013 kandydat na najwy\u017cszy urz\u0105d w pa\u0144stwie \u2013 \u015bwi\u0119tuje z \u017con\u0105 Mart\u0105 pi\u0119tnast\u0105 rocznic\u0119 \u015blubu. To w\u0142a\u015bnie teraz w mediach pojawi\u0142y si\u0119 ich \u015blubne zdj\u0119cia sprzed lat. Zdj\u0119cia pe\u0142ne mi\u0142o\u015bci, u\u015bmiechu i nadziei.<\/p>\n\n\n\n<p>Kim tak naprawd\u0119 jest kobieta, kt\u00f3ra przez p\u00f3\u0142torej dekady sta\u0142a u jego boku? Jak wygl\u0105da\u0142o ich pierwsze spotkanie? I dlaczego ta rocznica ma dla nich tak niezwyk\u0142e znaczenie w\u0142a\u015bnie teraz, gdy oczy ca\u0142ego kraju s\u0105 zwr\u00f3cone w ich stron\u0119?<\/p>\n\n\n\n<p>Zapraszamy Ci\u0119 na wyj\u0105tkow\u0105 podr\u00f3\u017c przez histori\u0119 mi\u0142o\u015bci Marty i Karola Nawrockich \u2013 histori\u0119 pe\u0142n\u0105 emocji, determinacji i rodzinnego ciep\u0142a. Zosta\u0144 z nami do ko\u0144ca \u2013 bo ta opowie\u015b\u0107 zas\u0142uguje na to, by j\u0105 pozna\u0107 do ostatniego zdania.<\/p>\n\n\n\n<p>&#x1f5f3; Wybory, napi\u0119cie i\u2026 rocznica pe\u0142na wspomnie\u0144<br>24 maja \u2013 to data, kt\u00f3ra w tym roku ma dla Karola Nawrockiego podw\u00f3jne znaczenie. Z jednej strony prowadzi niezwykle intensywn\u0105 kampani\u0119 prezydenck\u0105 \u2013 odwiedza miasta, przemawia do tysi\u0119cy ludzi, bierze udzia\u0142 w debatach, nieustannie odpowiada na pytania dziennikarzy. Ale z drugiej \u2013 to w\u0142a\u015bnie tego dnia, dok\u0142adnie 15 lat temu, po\u015blubi\u0142 Mart\u0119.<\/p>\n\n\n\n<p>Cho\u0107 \u015bwi\u0119towanie musieli prze\u0142o\u017cy\u0107 na czas po wyborach, symboliczny wymiar tej rocznicy jest dla nich ogromny. To nie tylko kolejne wsp\u00f3lne lata \u2013 to potwierdzenie, \u017ce w \u015bwiecie pe\u0142nym zmian, jedna rzecz pozosta\u0142a niezmienna: ich mi\u0142o\u015b\u0107.<\/p>\n\n\n\n<p>Jak m\u00f3wi sama Marta:<\/p>\n\n\n\n<p>\u201e\u015awi\u0119towanie rocznicy przek\u0142adamy na czas ciszy wyborczej. Ale to b\u0119dzie rocznica inna ni\u017c wszystkie.\u201d<\/p>\n\n\n\n<p>&#x2764;&#xfe0f; Jak si\u0119 poznali? Historia jak z romantycznego filmu<br>Ich pierwsze spotkanie by\u0142o zupe\u0142nie przypadkowe \u2013 a mo\u017ce to w\u0142a\u015bnie by\u0142o przeznaczenie? Marta wspomina je z ogromnym wzruszeniem:<\/p>\n\n\n\n<p>\u201eMia\u0142am przyjaci\u00f3\u0142k\u0119, kt\u00f3r\u0105 odwiedza\u0142am na gda\u0144skich Siedlcach. I tam, na klatce schodowej, min\u0119\u0142am ch\u0142opaka z psem. Spojrzeli\u015bmy na siebie. To by\u0142o dziwne, jakby przeszy\u0142 mnie wzrokiem. Poczu\u0142am co\u015b wyj\u0105tkowego.\u201d<\/p>\n\n\n\n<p>Zaraz po tym spotkaniu zacz\u0119\u0142a o nim m\u00f3wi\u0107 swojej kole\u017cance \u2013 opisa\u0142a jego str\u00f3j, psa, spos\u00f3b chodzenia. Jak si\u0119 okaza\u0142o, to by\u0142 Karol \u2013 ch\u0142opak z osiedla, bokser, znajomy ch\u0142opaka jej przyjaci\u00f3\u0142ki. Niewiele p\u00f3\u017aniej \u2013 spotkali si\u0119 ponownie. I tak zacz\u0119\u0142a si\u0119 historia, kt\u00f3ra trwa do dzi\u015b.<\/p>\n\n\n\n<p>&#x1f46a; Rodzina, dzieci i wsp\u00f3lna codzienno\u015b\u0107<br>Od samego pocz\u0105tku Karol zaakceptowa\u0142 fakt, \u017ce Marta mia\u0142a ju\u017c syna z poprzedniego zwi\u0105zku \u2013 Daniela. To w\u0142a\u015bnie ta dojrza\u0142o\u015b\u0107 i empatia urzek\u0142y Mart\u0119 najbardziej. Po \u015blubie wsp\u00f3lnie wychowywali Daniela, a p\u00f3\u017aniej urodzi\u0142y si\u0119 ich wsp\u00f3lne dzieci \u2013 syn Antoni i c\u00f3rka Katarzyna.<\/p>\n\n\n\n<p>To rodzina, w kt\u00f3rej najwa\u017cniejsze s\u0105 warto\u015bci \u2013 zaufanie, szacunek i wsparcie. Karol Nawrocki wielokrotnie powtarza\u0142 w wywiadach, \u017ce nie by\u0142by tu, gdzie jest dzi\u015b, gdyby nie jego \u017cona. \u017be to dzi\u0119ki niej mia\u0142 si\u0142\u0119, by si\u0119 rozwija\u0107, podejmowa\u0107 trudne decyzje i stawia\u0107 czo\u0142a \u017cyciowym zakr\u0119tom.<\/p>\n\n\n\n<p>&#x1f393; Kim jest Marta Nawrocka?<br>Dzi\u015b Marta Nawrocka ma 38 lat. Jest absolwentk\u0105 prawa i administracji na Uniwersytecie Gda\u0144skim. Od wielu lat pracuje w Krajowej Administracji Skarbowej, gdzie zajmuje si\u0119 kontrolami w sektorze paliwowym i spirytusowym oraz walk\u0105 z nielegalnym hazardem. Wcze\u015bniej pracowa\u0142a w S\u0142u\u017cbie Celnej \u2013 ma nawet uprawnienia do noszenia broni.<\/p>\n\n\n\n<p>To kobieta silna, ale ciep\u0142a. Konkretna, ale bardzo rodzinna. Idealnie odnajduj\u0105ca si\u0119 zar\u00f3wno w pracy biurowej, jak i w roli matki i \u017cony. Je\u015bli Karol Nawrocki zostanie prezydentem RP, to w\u0142a\u015bnie ona b\u0119dzie pierwsz\u0105 dam\u0105 \u2013 i to pierwsz\u0105 dam\u0105, kt\u00f3ra ma do zaoferowania o wiele wi\u0119cej ni\u017c tylko elegancj\u0119.<\/p>\n\n\n\n<p>&#x1f4f8; Zdj\u0119cia \u015blubne sprzed 15 lat \u2013 i jedno poruszaj\u0105ce wyznanie<br>Ich \u015blub odby\u0142 si\u0119 w 2010 roku. Zdj\u0119cia z tego dnia wracaj\u0105 dzi\u015b do przestrzeni publicznej \u2013 na fotografiach wida\u0107 dwoje m\u0142odych ludzi pe\u0142nych marze\u0144, plan\u00f3w i nadziei. \u015amiej\u0105 si\u0119, patrz\u0105 sobie w oczy, trzymaj\u0105 za r\u0119ce.<\/p>\n\n\n\n<p>Kilka lat temu, przy okazji innej rocznicy, Karol opublikowa\u0142 jedno z tych zdj\u0119\u0107 na Facebooku i napisa\u0142:<\/p>\n\n\n\n<p>\u201e&#x1f51f; lat. Wsp\u00f3lne rado\u015bci, smutki, zwyci\u0119stwa, pora\u017cki, wzloty, upadki. Jedno jest pewne \u2013 bez Marty Nawrockiej wiele rzeczy nie by\u0142oby mo\u017cliwych. Dzi\u0119kuj\u0119.\u201d<\/p>\n\n\n\n<p>Dzi\u015b, gdy staje przed szans\u0105 obj\u0119cia najwy\u017cszego urz\u0119du w pa\u0144stwie, te s\u0142owa wybrzmiewaj\u0105 jeszcze mocniej. To nie tylko polityk \u2013 to m\u0105\u017c i ojciec, kt\u00f3ry nie zapomina, co jest naprawd\u0119 wa\u017cne.<\/p>\n\n\n\n<p>W czasie, gdy ca\u0142a Polska \u015bledzi kampani\u0119 prezydenck\u0105, historia Karola i Marty Nawrockich przypomina nam o tym, co w \u017cyciu najwa\u017cniejsze. Mi\u0142o\u015b\u0107. Rodzina. Wierno\u015b\u0107. Uczciwo\u015b\u0107 wobec siebie i innych.<\/p>\n\n\n\n<p>Czy Marta Nawrocka zostanie pierwsz\u0105 dam\u0105? Tego jeszcze nie wiemy. Ale ju\u017c dzi\u015b wiemy jedno: jest kobiet\u0105, kt\u00f3ra uosabia wszystko to,<\/p>\n","protected":false},"excerpt":{"rendered":"<p>Mi\u0142o\u015b\u0107, kt\u00f3ra przetrwa\u0142a czas. Zwi\u0105zek, kt\u00f3ry rozpocz\u0105\u0142 si\u0119 od przypadkowego spojrzenia na klatce schodowej. I dzi\u015b \u2013 po 15 latach wsp\u00f3lnego \u017cycia \u2013 wraca do nas z niezwyk\u0142\u0105 si\u0142\u0105, poruszaj\u0105c tysi\u0105ce ludzi w ca\u0142ej Polsce. W samym \u015brodku gor\u0105cej kampanii prezydenckiej, Karol Nawrocki \u2013 kandydat na najwy\u017cszy urz\u0105d w pa\u0144stwie \u2013 \u015bwi\u0119tuje z \u017con\u0105 Mart\u0105 &#8230; <a title=\"\u015alubne zdj\u0119cia Karola Nawrockiego poruszy\u0142y ca\u0142\u0105 Polsk\u0119! Nikt nie wiedzia\u0142, jak si\u0119 poznali\u2026\" class=\"read-more\" href=\"https:\/\/dobrezrodla.com\/?p=11739\" aria-label=\"Read more about \u015alubne zdj\u0119cia Karola Nawrockiego poruszy\u0142y ca\u0142\u0105 Polsk\u0119! Nikt nie wiedzia\u0142, jak si\u0119 poznali\u2026\">Read more<\/a><\/p>\n","protected":false},"author":1,"featured_media":0,"comment_status":"open","ping_status":"open","sticky":false,"template":"","format":"standard","meta":{"footnotes":""},"categories":[1],"tags":[],"class_list":["post-11739","post","type-post","status-publish","format-standard","hentry","category-uncategorized"],"_links":{"self":[{"href":"https:\/\/dobrezrodla.com\/index.php?rest_route=\/wp\/v2\/posts\/11739","targetHints":{"allow":["GET"]}}],"collection":[{"href":"https:\/\/dobrezrodla.com\/index.php?rest_route=\/wp\/v2\/posts"}],"about":[{"href":"https:\/\/dobrezrodla.com\/index.php?rest_route=\/wp\/v2\/types\/post"}],"author":[{"embeddable":true,"href":"https:\/\/dobrezrodla.com\/index.php?rest_route=\/wp\/v2\/users\/1"}],"replies":[{"embeddable":true,"href":"https:\/\/dobrezrodla.com\/index.php?rest_route=%2Fwp%2Fv2%2Fcomments&post=11739"}],"version-history":[{"count":1,"href":"https:\/\/dobrezrodla.com\/index.php?rest_route=\/wp\/v2\/posts\/11739\/revisions"}],"predecessor-version":[{"id":11740,"href":"https:\/\/dobrezrodla.com\/index.php?rest_route=\/wp\/v2\/posts\/11739\/revisions\/11740"}],"wp:attachment":[{"href":"https:\/\/dobrezrodla.com\/index.php?rest_route=%2Fwp%2Fv2%2Fmedia&parent=11739"}],"wp:term":[{"taxonomy":"category","embeddable":true,"href":"https:\/\/dobrezrodla.com\/index.php?rest_route=%2Fwp%2Fv2%2Fcategories&post=11739"},{"taxonomy":"post_tag","embeddable":true,"href":"https:\/\/dobrezrodla.com\/index.php?rest_route=%2Fwp%2Fv2%2Ftags&post=11739"}],"curies":[{"name":"wp","href":"https:\/\/api.w.org\/{rel}","templated":true}]}}