{"id":11766,"date":"2025-12-12T18:07:35","date_gmt":"2025-12-12T18:07:35","guid":{"rendered":"https:\/\/dobrezrodla.com\/?p=11766"},"modified":"2025-12-12T18:07:35","modified_gmt":"2025-12-12T18:07:35","slug":"karol-nawrocki-wsiadl-do-czolgu-na-lotwie-siec-zalalo-nagranie-z-prezydentem-w-akcji","status":"publish","type":"post","link":"https:\/\/dobrezrodla.com\/?p=11766","title":{"rendered":"Karol Nawrocki wsiad\u0142 do czo\u0142gu na \u0141otwie. Sie\u0107 zala\u0142o nagranie z prezydentem w akcji"},"content":{"rendered":"\n<p>Podczas oficjalnej wizyty na \u0141otwie prezydent Karol Nawrocki spotka\u0142 si\u0119 z polskimi \u017co\u0142nierzami stacjonuj\u0105cymi w bazie NATO w Adazi. Cho\u0107 celem wizyty by\u0142y rozmowy o bezpiecze\u0144stwie i zobowi\u0105zaniach sojuszniczych, to jedno wydarzenie przyci\u0105gn\u0119\u0142o szczeg\u00f3ln\u0105 uwag\u0119 \u2013 prezydent\u2026 wsiad\u0142 do czo\u0142gu.<\/p>\n\n\n\n<p>Nagranie z tego przejazdu opublikowa\u0142a Kancelaria Prezydenta na platformie X (dawniej Twitter). Film momentalnie przyci\u0105gn\u0105\u0142 uwag\u0119 internaut\u00f3w i zosta\u0142 szeroko udost\u0119pniony w sieci. Wida\u0107 na nim, jak Nawrocki w towarzystwie \u017co\u0142nierzy bierze udzia\u0142 w prezentacji sprz\u0119tu pancernego, a potem odbywa kr\u00f3tki przejazd wojskowym pojazdem.<\/p>\n\n\n\n<p><strong>\u201ePolska gotowa do odpowiedzialno\u015bci\u201d \u2013 mocne s\u0142owa prezydenta<\/strong><\/p>\n\n\n\n<p>W swoim wyst\u0105pieniu prezydent podkre\u015bli\u0142, \u017ce obecno\u015b\u0107 polskiego kontyngentu na \u0141otwie to nie tylko dow\u00f3d zaanga\u017cowania w bezpiecze\u0144stwo narodowe, ale tak\u017ce w stabilno\u015b\u0107 ca\u0142ego regionu. \u2013 Polska to sojusznik, na kt\u00f3rego zawsze mo\u017cna liczy\u0107 \u2013 m\u00f3wi\u0142 Nawrocki. Doda\u0142, \u017ce Polska nie tylko chroni w\u0142asne granice, ale te\u017c wspiera wschodni\u0105 flank\u0119 NATO.<\/p>\n\n\n\n<p>Wyrazi\u0142 r\u00f3wnie\u017c wdzi\u0119czno\u015b\u0107 wobec polskich \u017co\u0142nierzy i przekaza\u0142 im podzi\u0119kowania od w\u0142adz \u0141otwy oraz \u017cyczenia \u015bwi\u0105teczne.<\/p>\n\n\n\n<p><strong>Polacy trzymaj\u0105 lini\u0119 frontu NATO<\/strong><\/p>\n\n\n\n<p>Polski kontyngent wojskowy na \u0141otwie to cz\u0119\u015b\u0107 wielonarodowej grupy bojowej NATO dowodzonej przez Kanad\u0119. Obecna, XVIII zmiana zosta\u0142a rozmieszczona w listopadzie i sk\u0142ada si\u0119 g\u0142\u00f3wnie z \u017co\u0142nierzy 10 Brygady Kawalerii Pancernej ze \u015awi\u0119toszowa.<\/p>\n\n\n\n<p>Stacjonuj\u0105ce tam si\u0142y sojuszu wzmacniaj\u0105 wschodni\u0105 flank\u0119 NATO od 2017 roku. Jesieni\u0105 2024 roku jednostka zosta\u0142a formalnie przekszta\u0142cona w pe\u0142noprawn\u0105 brygad\u0119 \u2013 pierwsz\u0105 tak\u0105 w regionie. Docelowo ma liczy\u0107 ponad 3,5 tysi\u0105ca \u017co\u0142nierzy i osi\u0105gn\u0105\u0107 pe\u0142n\u0105 gotowo\u015b\u0107 bojow\u0105 w 2026 roku.<\/p>\n","protected":false},"excerpt":{"rendered":"<p>Podczas oficjalnej wizyty na \u0141otwie prezydent Karol Nawrocki spotka\u0142 si\u0119 z polskimi \u017co\u0142nierzami stacjonuj\u0105cymi w bazie NATO w Adazi. Cho\u0107 celem wizyty by\u0142y rozmowy o bezpiecze\u0144stwie i zobowi\u0105zaniach sojuszniczych, to jedno wydarzenie przyci\u0105gn\u0119\u0142o szczeg\u00f3ln\u0105 uwag\u0119 \u2013 prezydent\u2026 wsiad\u0142 do czo\u0142gu. Nagranie z tego przejazdu opublikowa\u0142a Kancelaria Prezydenta na platformie X (dawniej Twitter). Film momentalnie przyci\u0105gn\u0105\u0142 &#8230; <a title=\"Karol Nawrocki wsiad\u0142 do czo\u0142gu na \u0141otwie. Sie\u0107 zala\u0142o nagranie z prezydentem w akcji\" class=\"read-more\" href=\"https:\/\/dobrezrodla.com\/?p=11766\" aria-label=\"Read more about Karol Nawrocki wsiad\u0142 do czo\u0142gu na \u0141otwie. Sie\u0107 zala\u0142o nagranie z prezydentem w akcji\">Read more<\/a><\/p>\n","protected":false},"author":1,"featured_media":0,"comment_status":"open","ping_status":"open","sticky":false,"template":"","format":"standard","meta":{"footnotes":""},"categories":[1],"tags":[],"class_list":["post-11766","post","type-post","status-publish","format-standard","hentry","category-uncategorized"],"_links":{"self":[{"href":"https:\/\/dobrezrodla.com\/index.php?rest_route=\/wp\/v2\/posts\/11766","targetHints":{"allow":["GET"]}}],"collection":[{"href":"https:\/\/dobrezrodla.com\/index.php?rest_route=\/wp\/v2\/posts"}],"about":[{"href":"https:\/\/dobrezrodla.com\/index.php?rest_route=\/wp\/v2\/types\/post"}],"author":[{"embeddable":true,"href":"https:\/\/dobrezrodla.com\/index.php?rest_route=\/wp\/v2\/users\/1"}],"replies":[{"embeddable":true,"href":"https:\/\/dobrezrodla.com\/index.php?rest_route=%2Fwp%2Fv2%2Fcomments&post=11766"}],"version-history":[{"count":1,"href":"https:\/\/dobrezrodla.com\/index.php?rest_route=\/wp\/v2\/posts\/11766\/revisions"}],"predecessor-version":[{"id":11767,"href":"https:\/\/dobrezrodla.com\/index.php?rest_route=\/wp\/v2\/posts\/11766\/revisions\/11767"}],"wp:attachment":[{"href":"https:\/\/dobrezrodla.com\/index.php?rest_route=%2Fwp%2Fv2%2Fmedia&parent=11766"}],"wp:term":[{"taxonomy":"category","embeddable":true,"href":"https:\/\/dobrezrodla.com\/index.php?rest_route=%2Fwp%2Fv2%2Fcategories&post=11766"},{"taxonomy":"post_tag","embeddable":true,"href":"https:\/\/dobrezrodla.com\/index.php?rest_route=%2Fwp%2Fv2%2Ftags&post=11766"}],"curies":[{"name":"wp","href":"https:\/\/api.w.org\/{rel}","templated":true}]}}