{"id":11812,"date":"2025-12-13T10:12:48","date_gmt":"2025-12-13T10:12:48","guid":{"rendered":"https:\/\/dobrezrodla.com\/?p=11812"},"modified":"2025-12-13T10:12:48","modified_gmt":"2025-12-13T10:12:48","slug":"ostatnie-zdjecia-magdy-umer-przed-smiercia","status":"publish","type":"post","link":"https:\/\/dobrezrodla.com\/?p=11812","title":{"rendered":"Ostatnie zdj\u0119cia Magdy Umer przed \u015bmierci\u0105"},"content":{"rendered":"\n<p>W pi\u0105tek 12 grudnia smutna wiadomo\u015b\u0107 wstrz\u0105sn\u0119\u0142a \u015bwiatem polskiej kultury. Odesz\u0142a artystka, kt\u00f3rej g\u0142os i obecno\u015b\u0107 na scenie towarzyszy\u0142y Polakom przez ponad pi\u0119\u0107 dekad. Jej synowie poinformowali o tym w kr\u00f3tkim, wzruszaj\u0105cym wpisie w mediach spo\u0142eczno\u015bciowych. Do samego ko\u0144ca \u0142\u0105czy\u0142a \u017cycie rodzinne z niegasn\u0105c\u0105 pasj\u0105 do wyst\u0119p\u00f3w, a jej ostatnie publikowane zdj\u0119cia pokazywa\u0142y u\u015bmiech i spok\u00f3j.<\/p>\n\n\n\n<h2 class=\"wp-block-heading\">Pi\u0119\u0107 dekad na scenie i wi\u0119\u017a z najwi\u0119kszymi artystami<\/h2>\n\n\n\n<p>Magda Umer na scenie sp\u0119dzi\u0142a ponad p\u00f3\u0142 wieku.&nbsp;Jej artystyczna droga&nbsp;rozpocz\u0119\u0142a si\u0119 pod koniec lat 60. w kabaretach studenckich, gdy by\u0142a jeszcze m\u0142od\u0105 studentk\u0105 Uniwersytetu Warszawskiego. Szybko zdoby\u0142a ogromn\u0105 popularno\u015b\u0107, wyda\u0142a pierwszy album na pocz\u0105tku lat 70., a jej charakterystyczny g\u0142os i interpretacje sta\u0142y si\u0119 rozpoznawalne dla milion\u00f3w Polak\u00f3w. \u015apiewa\u0142a na festiwalach w Opolu, a przez lata wsp\u00f3\u0142pracowa\u0142a z najwybitniejszymi postaciami polskiej kultury, takimi jak Agnieszka Osiecka, Jeremi Przybora czy Andrzej Poniedzielski. W 2009 roku uroczy\u015bcie obchodzi\u0142a 40-lecie pracy artystycznej, a w 2020 roku otrzyma\u0142a nagrod\u0119 100-lecia ZAiKS-u, co by\u0142o ukoronowaniem jej wybitnego dorobku.<\/p>\n\n\n\n<figure class=\"wp-block-image\"><img decoding=\"async\" src=\"https:\/\/images.iberion.media\/images\/origin\/KAPIF_oryginal_K543603_F_977b394191.jpg\" alt=\"Ostatnie zdj\u0119cia Magdy Umer przed \u015bmierci\u0105\"\/><figcaption class=\"wp-element-caption\">Magda Umer, fot. KAPiF<\/figcaption><\/figure>\n\n\n\n<h2 class=\"wp-block-heading\">Ostatnie miesi\u0105ce \u017cycia mi\u0119dzy wyst\u0119pami a chorob\u0105<\/h2>\n\n\n\n<p>Jeszcze w tym roku kalendarz artystki by\u0142&nbsp;wype\u0142niony planami. W czerwcu wyst\u0105pi\u0142a na IV Festiwalu im. Piotra Machalicy i 17. Festiwalu Zaczarowanej Piosenki, a na 6 sierpnia mia\u0142 miejsce jej wyst\u0119p podczas benefisu Janusza Strobla. Jej mi\u0142o\u015b\u0107 do sceny by\u0142a silniejsza ni\u017c up\u0142ywaj\u0105cy czas. Jednak sierpie\u0144 przyni\u00f3s\u0142 nag\u0142\u0105 zmian\u0119.<\/p>\n\n\n\n<p>Z powodu \u201cnag\u0142ej powa\u017cnej choroby\u201d musia\u0142a odwo\u0142a\u0107 zaplanowane koncerty w Teatrze Atelier w Sopocie. Teatr w swoim o\u015bwiadczeniu \u017cyczy\u0142 artystce szybkiego powrotu do zdrowia. Mimo tej przerwy, we wrze\u015bniu dzieli\u0142a si\u0119 z fanami optymistycznymi zdj\u0119ciami, co pokazywa\u0142o jej si\u0142\u0119 ducha. Niestety, choroba okaza\u0142a si\u0119 silniejsza.<\/p>\n\n\n\n<h2 class=\"wp-block-heading\">\u017bycie prywatne w cieniu sukces\u00f3w scenicznych<\/h2>\n\n\n\n<p>Dla Magdy Umer rola artystki by\u0142a&nbsp;tylko jedn\u0105 z wielu.&nbsp;W \u017cyciu prywatnym by\u0142a przede wszystkim ukochan\u0105 mam\u0105 dw\u00f3ch syn\u00f3w \u2013 Mateusza i Franka \u2013 oraz czu\u0142\u0105 babci\u0105 dla swoich wnuk\u00f3w. Te rodzinne role by\u0142y dla niej niezwykle wa\u017cne, o czym \u015bwiadcz\u0105 liczne, pe\u0142ne ciep\u0142a zdj\u0119cia z bliskimi, kt\u00f3re ch\u0119tnie publikowa\u0142a.<\/p>\n\n\n\n<p>Miesi\u0105c przed \u015bmierci\u0105 \u017cegna\u0142a na swoim profilu przyjaci\u00f3\u0142 ze \u015bwiata kultury, kt\u00f3rzy odeszli w tym roku: Kasi\u0119 Stoparczyk, Joann\u0119 Ko\u0142aczkowsk\u0105 i Stanis\u0142awa Sojk\u0119. Teraz to jej przyjaciele, fani i ca\u0142e \u015brodowisko artystyczne \u017cegnaj\u0105 J\u0105. Magda Umer pozostawi\u0142a po sobie nie tylko bogat\u0105 dyskografi\u0119 i niezapomniane kreacje sceniczne, ale przede wszystkim wspomnienie osoby pe\u0142nej pasji, ciep\u0142a i niegasn\u0105cej mi\u0142o\u015bci do sztuki i rodziny.<\/p>\n","protected":false},"excerpt":{"rendered":"<p>W pi\u0105tek 12 grudnia smutna wiadomo\u015b\u0107 wstrz\u0105sn\u0119\u0142a \u015bwiatem polskiej kultury. Odesz\u0142a artystka, kt\u00f3rej g\u0142os i obecno\u015b\u0107 na scenie towarzyszy\u0142y Polakom przez ponad pi\u0119\u0107 dekad. Jej synowie poinformowali o tym w kr\u00f3tkim, wzruszaj\u0105cym wpisie w mediach spo\u0142eczno\u015bciowych. Do samego ko\u0144ca \u0142\u0105czy\u0142a \u017cycie rodzinne z niegasn\u0105c\u0105 pasj\u0105 do wyst\u0119p\u00f3w, a jej ostatnie publikowane zdj\u0119cia pokazywa\u0142y u\u015bmiech i &#8230; <a title=\"Ostatnie zdj\u0119cia Magdy Umer przed \u015bmierci\u0105\" class=\"read-more\" href=\"https:\/\/dobrezrodla.com\/?p=11812\" aria-label=\"Read more about Ostatnie zdj\u0119cia Magdy Umer przed \u015bmierci\u0105\">Read more<\/a><\/p>\n","protected":false},"author":1,"featured_media":0,"comment_status":"open","ping_status":"open","sticky":false,"template":"","format":"standard","meta":{"footnotes":""},"categories":[1],"tags":[],"class_list":["post-11812","post","type-post","status-publish","format-standard","hentry","category-uncategorized"],"_links":{"self":[{"href":"https:\/\/dobrezrodla.com\/index.php?rest_route=\/wp\/v2\/posts\/11812","targetHints":{"allow":["GET"]}}],"collection":[{"href":"https:\/\/dobrezrodla.com\/index.php?rest_route=\/wp\/v2\/posts"}],"about":[{"href":"https:\/\/dobrezrodla.com\/index.php?rest_route=\/wp\/v2\/types\/post"}],"author":[{"embeddable":true,"href":"https:\/\/dobrezrodla.com\/index.php?rest_route=\/wp\/v2\/users\/1"}],"replies":[{"embeddable":true,"href":"https:\/\/dobrezrodla.com\/index.php?rest_route=%2Fwp%2Fv2%2Fcomments&post=11812"}],"version-history":[{"count":1,"href":"https:\/\/dobrezrodla.com\/index.php?rest_route=\/wp\/v2\/posts\/11812\/revisions"}],"predecessor-version":[{"id":11813,"href":"https:\/\/dobrezrodla.com\/index.php?rest_route=\/wp\/v2\/posts\/11812\/revisions\/11813"}],"wp:attachment":[{"href":"https:\/\/dobrezrodla.com\/index.php?rest_route=%2Fwp%2Fv2%2Fmedia&parent=11812"}],"wp:term":[{"taxonomy":"category","embeddable":true,"href":"https:\/\/dobrezrodla.com\/index.php?rest_route=%2Fwp%2Fv2%2Fcategories&post=11812"},{"taxonomy":"post_tag","embeddable":true,"href":"https:\/\/dobrezrodla.com\/index.php?rest_route=%2Fwp%2Fv2%2Ftags&post=11812"}],"curies":[{"name":"wp","href":"https:\/\/api.w.org\/{rel}","templated":true}]}}