{"id":11816,"date":"2025-12-13T10:15:04","date_gmt":"2025-12-13T10:15:04","guid":{"rendered":"https:\/\/dobrezrodla.com\/?p=11816"},"modified":"2025-12-13T10:15:05","modified_gmt":"2025-12-13T10:15:05","slug":"oredzie-karola-nawrockiego-po-kilku-sekundach-wszystko-stalo-sie-jasne","status":"publish","type":"post","link":"https:\/\/dobrezrodla.com\/?p=11816","title":{"rendered":"\u201cOr\u0119dzie\u201d Karola Nawrockiego. Po kilku sekundach wszystko sta\u0142o si\u0119 jasne"},"content":{"rendered":"\n<p>\u201eOr\u0119dzie\u201d Karola Nawrockiego w\u0142a\u015bnie obieg\u0142o ca\u0142\u0105 Polsk\u0119. W zaledwie kilka sekund po jego publikacji sta\u0142o si\u0119 jasne, \u017ce przes\u0142anie ma wyj\u0105tkowe znaczenie dla wszystkich, kt\u00f3rzy chc\u0105 aktywnie pomaga\u0107 w okresie \u015bwi\u0105tecznym. W kr\u00f3tkim filmiku zawarto co\u015b wi\u0119cej ni\u017c zwyk\u0142\u0105 zach\u0119t\u0119 \u2013 to apel o wsp\u00f3lnot\u0119 i wsparcie potrzebuj\u0105cych. Sprawdzamy, co dok\u0142adnie przekazali Karol i Marta Nawroccy i dlaczego ich s\u0142owa przyci\u0105gn\u0119\u0142y uwag\u0119 tysi\u0119cy odbiorc\u00f3w.<\/p>\n\n\n\n<h2 class=\"wp-block-heading\">Filmik Karola i Marty Nawrockich na profilu Kancelarii Prezydenta RP zdobywa popularno\u015b\u0107<\/h2>\n\n\n\n<p>Na portalu X, na profilu&nbsp;<strong>Kancelaria Prezydenta RP<\/strong>, pojawi\u0142 si\u0119 filmik, kt\u00f3ry b\u0142yskawicznie zacz\u0105\u0142 zdobywa\u0107 popularno\u015b\u0107. W opisie opublikowano s\u0142owa:<\/p>\n\n\n\n<blockquote class=\"wp-block-quote is-layout-flow wp-block-quote-is-layout-flow\">\n<p><strong>\u2013 Zach\u0119camy Pa\u0144stwa do wsparcia wielkiej akcji dobroczynnej \u2013 Wigilijnego Dzie\u0142a Pomocy Dzieciom. &#x1f56f;&#xfe0f; @CaritasPolska<\/strong><\/p>\n<\/blockquote>\n\n\n\n<p>Ju\u017c samo pojawienie si\u0119 materia\u0142u wywo\u0142a\u0142o zainteresowanie medi\u00f3w i internaut\u00f3w, a komentarze u\u017cytkownik\u00f3w wskazuj\u0105, \u017ce temat porusza szerokie grono odbiorc\u00f3w. Filmik przedstawia&nbsp;<strong>Karola i Mart\u0119 Nawrockich<\/strong>, kt\u00f3rzy zwracaj\u0105 si\u0119 bezpo\u015brednio do Polak\u00f3w, przekazuj\u0105c zar\u00f3wno informacje, jak i emocjonalny apel.&nbsp;<\/p>\n\n\n\n<p>Nagranie trwa kr\u00f3tko, jednak jego tre\u015b\u0107 jest przemy\u015blana i skoncentrowana na istocie&nbsp;<strong>akcji charytatywnej<\/strong>. Wida\u0107 w nim ch\u0119\u0107 budowania \u015bwiadomo\u015bci spo\u0142ecznej i wra\u017cliwo\u015bci na potrzeby najm\u0142odszych. To przyk\u0142ad, jak prosta forma komunikacji w mediach spo\u0142eczno\u015bciowych mo\u017ce wywo\u0142a\u0107 realny efekt i zach\u0119ci\u0107 do wsp\u00f3lnego dzia\u0142ania.<\/p>\n\n\n\n<figure class=\"wp-block-image\"><img decoding=\"async\" src=\"https:\/\/images.iberion.media\/images\/origin\/swiece_Caritas_cf80263f5c.png\" alt=\"&quot;Or\u0119dzie&quot; Karola Nawrockiego. Po kilku sekundach wszystko sta\u0142o si\u0119 jasne\"\/><figcaption class=\"wp-element-caption\">Fot. Kancelaria Prezydenta RP \/ X<\/figcaption><\/figure>\n\n\n\n<h2 class=\"wp-block-heading\">Wigilijne Dzie\u0142o Pomocy Dzieciom \u2013 znaczenie akcji w oczach Nawrockich<\/h2>\n\n\n\n<p>Prezydent Karol Nawrocki w filmiku m\u00f3wi:<\/p>\n\n\n\n<blockquote class=\"wp-block-quote is-layout-flow wp-block-quote-is-layout-flow\">\n<p><strong>\u2013 Drodzy Rodacy, zach\u0119camy pa\u0144stwa do wsparcia wielkiej akcji dobroczynnej Wigilijnego Dzie\u0142a Pomocy Dzieciom. Jest to ogromnie wa\u017cne i cenne przedsi\u0119wzi\u0119cie, a jednocze\u015bnie wspania\u0142e \u015bwiadectwo mi\u0142osierdzia oraz wsp\u00f3lnoty obywatelskiej i jedno\u015bci ducha chrze\u015bcija\u0144skiego, bo to Dzie\u0142o prowadz\u0105 razem polscy katolicy, ewangelicy i prawos\u0142awni.<\/strong><\/p>\n<\/blockquote>\n\n\n\n<p>Marta Nawrocka dodaje, \u017ce:<\/p>\n\n\n\n<blockquote class=\"wp-block-quote is-layout-flow wp-block-quote-is-layout-flow\">\n<p><strong>\u2013 \u015awiece Caritas s\u0105 obecne w polskich domach ju\u017c od trzydziestu pi\u0119ciu lat. Symbolizuj\u0105 ciep\u0142o, serdeczno\u015b\u0107, uroczysty i radosny charakter \u015bwi\u0105t Bo\u017cego Narodzenia. Przede wszystkim s\u0105 znakiem solidarno\u015bci z bli\u017animi.<\/strong><\/p>\n<\/blockquote>\n\n\n\n<p>Jej s\u0142owa pokazuj\u0105, \u017ce akcja nie jest tylko tradycj\u0105, lecz r\u00f3wnie\u017c wyrazem codziennej troski o innych. Filmik podkre\u015bla jednocze\u015bnie wielowiekow\u0105 tradycj\u0119 \u015bwi\u0105tecznej solidarno\u015bci i warto\u015bci, kt\u00f3re przy\u015bwiecaj\u0105 inicjatywie&nbsp;<strong>Caritas<\/strong>.<\/p>\n\n\n\n<figure class=\"wp-block-image\"><img decoding=\"async\" src=\"https:\/\/images.iberion.media\/images\/origin\/Nawrocki_swieta_5c7e99aa33.png\" alt=\"&quot;Or\u0119dzie&quot; Karola Nawrockiego. Po kilku sekundach wszystko sta\u0142o si\u0119 jasne\"\/><figcaption class=\"wp-element-caption\">Fot. Kancelaria Prezydenta RP \/ X<\/figcaption><\/figure>\n\n\n\n<h2 class=\"wp-block-heading\">Jak wspiera\u0107 Wigilijne Dzie\u0142o Pomocy Dzieciom i pomaga\u0107 potrzebuj\u0105cym w Polsce?<\/h2>\n\n\n\n<p>W dalszej cz\u0119\u015bci filmiku Prezydent Karol Nawrocki zach\u0119ca:<\/p>\n\n\n\n<blockquote class=\"wp-block-quote is-layout-flow wp-block-quote-is-layout-flow\">\n<p><strong>\u2013 Niech r\u00f3wnie\u017c w tym roku na naszych sto\u0142ach przy rodzinnej wieczerzy, zap\u0142onie to \u015bwiat\u0142o \u2013 pe\u0142ne pi\u0119kna i dobra. Zach\u0119camy wszystkich do wsparcia Wigilijnego Dzie\u0142a Pomocy Dzieciom! My, Polacy, mamy wielkie serca i szczodrze pomagamy potrzebuj\u0105cym. \u015awiadcz\u0105 o tym liczby. Dotychczas rozprowadzono ju\u017c ponad pi\u0119\u0107dziesi\u0105t milion\u00f3w \u015bwiec Caritasu. A zebrane \u015brodki co roku finansuj\u0105 pomoc dla ponad stu tysi\u0119cy dzieci.&nbsp;<\/strong><\/p>\n<\/blockquote>\n\n\n\n<p>Marta Nawrocka dodaje:<\/p>\n\n\n\n<blockquote class=\"wp-block-quote is-layout-flow wp-block-quote-is-layout-flow\">\n<p><strong>\u2013 B\u0105d\u017amy lepsi dla siebie. Nie\u015bmy nadziej\u0119.&nbsp;<\/strong><\/p>\n<\/blockquote>\n\n\n\n<p>Ca\u0142o\u015b\u0107 ko\u0144czy Prezydent:&nbsp;<\/p>\n\n\n\n<blockquote class=\"wp-block-quote is-layout-flow wp-block-quote-is-layout-flow\">\n<p><strong>\u2013 Weso\u0142ych \u015awi\u0105t przy \u015bwiecach Wigilijnego Dzie\u0142a Pomocy Dzieciom!<\/strong><\/p>\n<\/blockquote>\n\n\n\n<p>Filmik wyra\u017anie pokazuje, \u017ce inicjatywa nie ogranicza si\u0119 jedynie do symbolicznej czynno\u015bci, lecz ma&nbsp;<strong>realny wp\u0142yw na \u017cycie tysi\u0119cy dzieci w ca\u0142ym kraju<\/strong>. Przes\u0142anie Nawrockich \u0142\u0105czy warto\u015bci duchowe, spo\u0142eczne i rodzinne, jednocze\u015bnie mobilizuj\u0105c Polak\u00f3w do wsp\u00f3lnego dzia\u0142ania w okresie przed\u015bwi\u0105tecznym.<\/p>\n","protected":false},"excerpt":{"rendered":"<p>\u201eOr\u0119dzie\u201d Karola Nawrockiego w\u0142a\u015bnie obieg\u0142o ca\u0142\u0105 Polsk\u0119. W zaledwie kilka sekund po jego publikacji sta\u0142o si\u0119 jasne, \u017ce przes\u0142anie ma wyj\u0105tkowe znaczenie dla wszystkich, kt\u00f3rzy chc\u0105 aktywnie pomaga\u0107 w okresie \u015bwi\u0105tecznym. W kr\u00f3tkim filmiku zawarto co\u015b wi\u0119cej ni\u017c zwyk\u0142\u0105 zach\u0119t\u0119 \u2013 to apel o wsp\u00f3lnot\u0119 i wsparcie potrzebuj\u0105cych. Sprawdzamy, co dok\u0142adnie przekazali Karol i Marta &#8230; <a title=\"\u201cOr\u0119dzie\u201d Karola Nawrockiego. Po kilku sekundach wszystko sta\u0142o si\u0119 jasne\" class=\"read-more\" href=\"https:\/\/dobrezrodla.com\/?p=11816\" aria-label=\"Read more about \u201cOr\u0119dzie\u201d Karola Nawrockiego. Po kilku sekundach wszystko sta\u0142o si\u0119 jasne\">Read more<\/a><\/p>\n","protected":false},"author":1,"featured_media":0,"comment_status":"open","ping_status":"open","sticky":false,"template":"","format":"standard","meta":{"footnotes":""},"categories":[1],"tags":[],"class_list":["post-11816","post","type-post","status-publish","format-standard","hentry","category-uncategorized"],"_links":{"self":[{"href":"https:\/\/dobrezrodla.com\/index.php?rest_route=\/wp\/v2\/posts\/11816","targetHints":{"allow":["GET"]}}],"collection":[{"href":"https:\/\/dobrezrodla.com\/index.php?rest_route=\/wp\/v2\/posts"}],"about":[{"href":"https:\/\/dobrezrodla.com\/index.php?rest_route=\/wp\/v2\/types\/post"}],"author":[{"embeddable":true,"href":"https:\/\/dobrezrodla.com\/index.php?rest_route=\/wp\/v2\/users\/1"}],"replies":[{"embeddable":true,"href":"https:\/\/dobrezrodla.com\/index.php?rest_route=%2Fwp%2Fv2%2Fcomments&post=11816"}],"version-history":[{"count":1,"href":"https:\/\/dobrezrodla.com\/index.php?rest_route=\/wp\/v2\/posts\/11816\/revisions"}],"predecessor-version":[{"id":11817,"href":"https:\/\/dobrezrodla.com\/index.php?rest_route=\/wp\/v2\/posts\/11816\/revisions\/11817"}],"wp:attachment":[{"href":"https:\/\/dobrezrodla.com\/index.php?rest_route=%2Fwp%2Fv2%2Fmedia&parent=11816"}],"wp:term":[{"taxonomy":"category","embeddable":true,"href":"https:\/\/dobrezrodla.com\/index.php?rest_route=%2Fwp%2Fv2%2Fcategories&post=11816"},{"taxonomy":"post_tag","embeddable":true,"href":"https:\/\/dobrezrodla.com\/index.php?rest_route=%2Fwp%2Fv2%2Ftags&post=11816"}],"curies":[{"name":"wp","href":"https:\/\/api.w.org\/{rel}","templated":true}]}}