{"id":11818,"date":"2025-12-13T10:15:54","date_gmt":"2025-12-13T10:15:54","guid":{"rendered":"https:\/\/dobrezrodla.com\/?p=11818"},"modified":"2025-12-13T10:15:54","modified_gmt":"2025-12-13T10:15:54","slug":"poruszajace-co-janda-zrobila-po-smierci-magdy-umer","status":"publish","type":"post","link":"https:\/\/dobrezrodla.com\/?p=11818","title":{"rendered":"Poruszaj\u0105ce, co Janda zrobi\u0142a po \u015bmierci Magdy Umer"},"content":{"rendered":"\n<p>\u015amier\u0107 Magdy Umer g\u0142\u0119boko poruszy\u0142a \u015bwiat kultury. W\u015br\u00f3d wielu po\u017cegna\u0144, milcz\u0105cy gest Krystyny Jandy przem\u00f3wi\u0142 najmocniej.&nbsp;<\/p>\n\n\n\n<h2 class=\"wp-block-heading\">Symboliczny kwiat w czerni \u017ca\u0142oby<\/h2>\n\n\n\n<p>Na swoim profilu na Facebooku Janda opublikowa\u0142a post, kt\u00f3ry stanowi\u0142&nbsp;jedynie szereg&nbsp;emotikon\u00f3w: kilkana\u015bcie czarnych serc, a w\u015br\u00f3d nich \u2013 jeden, pojedynczy \u017c\u00f3\u0142ty tulipan. Ten pozornie cichy, pozbawiony s\u0142\u00f3w wpis sta\u0142 si\u0119 wstrz\u0105saj\u0105cym \u015bwiadectwem przyja\u017ani trwaj\u0105cej prawie p\u00f3\u0142 wieku, od czasu gdy po raz pierwszy spotka\u0142y si\u0119 na sylwestrowym przyj\u0119ciu pod koniec lat 70. w domu aktora Jerzego Zelnika. Z czasem ta znajomo\u015b\u0107 przerodzi\u0142a si\u0119 w g\u0142\u0119bok\u0105, siostrzan\u0105 relacj\u0119, ugruntowan\u0105 przez wsp\u00f3lne prze\u017cycia \u2013 strat\u0119 m\u0119\u017c\u00f3w, matek i bliskich przyjaci\u00f3\u0142. Jednak ich prawdziwe porozumienie budowa\u0142y zawsze sceny i koncerty. To tam, w magicznym \u015bwiecie sztuki, stworzy\u0142y trwa\u0142e dzie\u0142a, a teraz, w godzinie po\u017cegnania, Janda wybra\u0142a ich wsp\u00f3lny j\u0119zyk, aby wyrazi\u0107 niewyra\u017calne.<\/p>\n\n\n\n<p><br>Prostota gestu Krystyny Jandy jest zwodnicza. Czarne serca to uniwersalny znak \u017ca\u0142oby i smutku, jednak \u017c\u00f3\u0142ty tulipan by\u0142 kluczem osobistym, zrozumia\u0142ym dla tych, kt\u00f3rzy wiedzieli, jak\u0105 rol\u0119 kwiaty odgrywa\u0142y w \u017cyciu Magdy Umer. Dla artystki, kt\u00f3rej tw\u00f3rczo\u015b\u0107 by\u0142a nasycona poetyck\u0105 wra\u017cliwo\u015bci\u0105, natura i jej symbole cz\u0119sto stanowi\u0142y istotny punkt odniesienia. Umieszczenie tego konkretnego kwiatu w\u015br\u00f3d morza ciemno\u015bci by\u0142o intymnym, czu\u0142ym akcentem. To tak, jakby Janda powiedzia\u0142a: \u201c\u017begnam Ci\u0119, ale pami\u0119tam Twoje pi\u0119kno, Tw\u00f3j \u015bwiat, szczeg\u00f3\u0142y, kt\u00f3re Ci\u0119 okre\u015bla\u0142y\u201d. By\u0142o to po\u017cegnanie nie z gwiazd\u0105 czy ikon\u0105, ale z bliskim cz\u0142owiekiem, kt\u00f3rego wewn\u0119trzny \u015bwiat zna\u0142a jak nikt inny.<br>&nbsp;<\/p>\n\n\n\n<figure class=\"wp-block-image\"><img decoding=\"async\" src=\"https:\/\/images.iberion.media\/images\/origin\/Magda_Umer_i_Krystyna_Janda_09b7555e66.jpg\" alt=\"Poruszaj\u0105ce, co Janda zrobi\u0142a po \u015bmierci Magdy Umer\"\/><figcaption class=\"wp-element-caption\">Magda Umer i Krystyna Janda, fot. KAPiF<\/figcaption><\/figure>\n\n\n\n<h2 class=\"wp-block-heading\">Przyja\u017a\u0144 utkana ze scen i wsp\u00f3lnych strat<\/h2>\n\n\n\n<p>Historia relacji Jandy i Umer to opowie\u015b\u0107 o wyj\u0105tkowym pokrewie\u0144stwie&nbsp;dusz, kt\u00f3re przeplata\u0142y&nbsp;si\u0119 na wielu poziomach. Ich przyja\u017a\u0144 by\u0142a wsp\u00f3lnot\u0105 do\u015bwiadcze\u0144, zar\u00f3wno tych artystycznych, jak i osobistych. \u201cMagda jest dla mnie kim\u015b najbli\u017cszym. (\u2026) Prze\u017cy\u0142y\u015bmy wiele w \u017cyciu\u201d \u2013 m\u00f3wi\u0142a Janda w 2022 roku. Ich wi\u0119\u017a ugruntowa\u0142y wsp\u00f3lne projekty. Jednym z najwa\u017cniejszych by\u0142 kultowy monodram \u201cBia\u0142a bluzka\u201d, w kt\u00f3rym Krystyna Janda gra\u0142a rol\u0119 El\u017cbiety, a Magda Umer odpowiada\u0142a za re\u017cyseri\u0119. Spektakl, oparty na opowiadaniu Agnieszki Osieckiej, opisywa\u0142 histori\u0119 kobiety zagubionej w realiach stanu wojennego, a tytu\u0142owa bia\u0142a bluzka by\u0142a symbolem pr\u00f3by przystosowania si\u0119 do szarej, opresyjnej rzeczywisto\u015bci. To dzie\u0142o sta\u0142o si\u0119 pomostem mi\u0119dzy ich \u015bwiatami: wra\u017cliwo\u015bci\u0105 Osieckiej, re\u017cyserskim okiem Umer i aktorskim kunsztem Jandy.<\/p>\n\n\n\n<p>Wsp\u00f3\u0142praca ta by\u0142a dla obu artystek \u017ar\u00f3d\u0142em wielkiej satysfakcji. Magda Umer wielokrotnie podkre\u015bla\u0142a podziw dla talentu Jandy, a sama aktorka wierzy\u0142a w nieomylny gust i artystyczn\u0105 intuicj\u0119 re\u017cyserki. Na tym tle zbudowa\u0142y porozumienie, w kt\u00f3rym zawodowe zaufanie sz\u0142o w parze z osobistym wsparciem w trudnych chwilach.<br>&nbsp;<\/p>\n\n\n\n<h2 class=\"wp-block-heading\">Ostatni akt wierno\u015bci: wsp\u00f3lne dzie\u0142o po raz ostatni<\/h2>\n\n\n\n<p>W kontek\u015bcie \u015bmierci Magdy Umer nabiera znaczenia fakt, \u017ce ju\u017c w&nbsp;niedziel\u0119, 15 grudnia,&nbsp;Teatr Telewizji TVP wyemituje spektakl \u201cBia\u0142a bluzka\u201d w re\u017cyserii zmar\u0142ej artystki. Ta emisja, zapowiedziana jeszcze przed og\u0142oszeniem informacji o \u015bmierci, staje si\u0119 teraz symbolicznym, ostatnim wsp\u00f3lnym wyst\u0119pem duetu. Dla Krystyny Jandy udzia\u0142 w tym projekcie w tych okoliczno\u015bciach to co\u015b wi\u0119cej ni\u017c artystyczny obowi\u0105zek. To akt najg\u0142\u0119bszej lojalno\u015bci i wype\u0142nienie testamentu przyja\u017ani. Wychodz\u0105c przed kamer\u0119, by o\u017cywi\u0107 posta\u0107 stworzon\u0105 przez Agnieszk\u0119 Osieck\u0105, wyre\u017cyserowan\u0105 przez Magd\u0119 Umer, Janda stanie si\u0119 medium dla ich g\u0142os\u00f3w. Wykona ostatni\u0105 wol\u0119 przyjaci\u00f3\u0142ki, daj\u0105c jej dzie\u0142u \u017cycie w chwili, gdy jego tw\u00f3rczyni odesz\u0142a.<\/p>\n\n\n\n<p>Jej po\u017cegnanie na Facebooku, cho\u0107 milcz\u0105ce, zapowiada\u0142o to wydarzenie. Tulipan w\u015br\u00f3d czarnych serc to nie tylko kwiat \u017calu, ale i znak pami\u0119ci o wsp\u00f3lnym tworzeniu. Emisja \u201cBia\u0142ej bluzki\u201d b\u0119dzie dope\u0142nieniem tego gestu \u2013 pot\u0119\u017cnym, teatralnym ho\u0142dem, w kt\u00f3rym sztuka stanie si\u0119 pomostem ponad pustk\u0105 po stracie. W ten spos\u00f3b Krystyna Janda udowodni\u0142a, \u017ce najpi\u0119kniejsze po\u017cegnanie nie musi polega\u0107 na szukaniu wielkich s\u0142\u00f3w. Czasem wystarczy wierno\u015b\u0107 wsp\u00f3lnemu dzie\u0142u, kt\u00f3re \u2013 tak jak ich przyja\u017a\u0144 \u2013 przetrwa pr\u00f3b\u0119 czasu, a nawet \u015bmierci.<\/p>\n","protected":false},"excerpt":{"rendered":"<p>\u015amier\u0107 Magdy Umer g\u0142\u0119boko poruszy\u0142a \u015bwiat kultury. W\u015br\u00f3d wielu po\u017cegna\u0144, milcz\u0105cy gest Krystyny Jandy przem\u00f3wi\u0142 najmocniej.&nbsp; Symboliczny kwiat w czerni \u017ca\u0142oby Na swoim profilu na Facebooku Janda opublikowa\u0142a post, kt\u00f3ry stanowi\u0142&nbsp;jedynie szereg&nbsp;emotikon\u00f3w: kilkana\u015bcie czarnych serc, a w\u015br\u00f3d nich \u2013 jeden, pojedynczy \u017c\u00f3\u0142ty tulipan. Ten pozornie cichy, pozbawiony s\u0142\u00f3w wpis sta\u0142 si\u0119 wstrz\u0105saj\u0105cym \u015bwiadectwem przyja\u017ani trwaj\u0105cej &#8230; <a title=\"Poruszaj\u0105ce, co Janda zrobi\u0142a po \u015bmierci Magdy Umer\" class=\"read-more\" href=\"https:\/\/dobrezrodla.com\/?p=11818\" aria-label=\"Read more about Poruszaj\u0105ce, co Janda zrobi\u0142a po \u015bmierci Magdy Umer\">Read more<\/a><\/p>\n","protected":false},"author":1,"featured_media":0,"comment_status":"open","ping_status":"open","sticky":false,"template":"","format":"standard","meta":{"footnotes":""},"categories":[1],"tags":[],"class_list":["post-11818","post","type-post","status-publish","format-standard","hentry","category-uncategorized"],"_links":{"self":[{"href":"https:\/\/dobrezrodla.com\/index.php?rest_route=\/wp\/v2\/posts\/11818","targetHints":{"allow":["GET"]}}],"collection":[{"href":"https:\/\/dobrezrodla.com\/index.php?rest_route=\/wp\/v2\/posts"}],"about":[{"href":"https:\/\/dobrezrodla.com\/index.php?rest_route=\/wp\/v2\/types\/post"}],"author":[{"embeddable":true,"href":"https:\/\/dobrezrodla.com\/index.php?rest_route=\/wp\/v2\/users\/1"}],"replies":[{"embeddable":true,"href":"https:\/\/dobrezrodla.com\/index.php?rest_route=%2Fwp%2Fv2%2Fcomments&post=11818"}],"version-history":[{"count":1,"href":"https:\/\/dobrezrodla.com\/index.php?rest_route=\/wp\/v2\/posts\/11818\/revisions"}],"predecessor-version":[{"id":11819,"href":"https:\/\/dobrezrodla.com\/index.php?rest_route=\/wp\/v2\/posts\/11818\/revisions\/11819"}],"wp:attachment":[{"href":"https:\/\/dobrezrodla.com\/index.php?rest_route=%2Fwp%2Fv2%2Fmedia&parent=11818"}],"wp:term":[{"taxonomy":"category","embeddable":true,"href":"https:\/\/dobrezrodla.com\/index.php?rest_route=%2Fwp%2Fv2%2Fcategories&post=11818"},{"taxonomy":"post_tag","embeddable":true,"href":"https:\/\/dobrezrodla.com\/index.php?rest_route=%2Fwp%2Fv2%2Ftags&post=11818"}],"curies":[{"name":"wp","href":"https:\/\/api.w.org\/{rel}","templated":true}]}}