{"id":11820,"date":"2025-12-13T10:16:47","date_gmt":"2025-12-13T10:16:47","guid":{"rendered":"https:\/\/dobrezrodla.com\/?p=11820"},"modified":"2025-12-13T10:16:48","modified_gmt":"2025-12-13T10:16:48","slug":"pielegniarka-oskarzona-o-sypianie-z-nieletnim-pasierbem","status":"publish","type":"post","link":"https:\/\/dobrezrodla.com\/?p=11820","title":{"rendered":"Piel\u0119gniarka oskar\u017cona o sypianie z nieletnim pasierbem."},"content":{"rendered":"\n<p>W ma\u0142ym miasteczku Ocala na Florydzie rozegra\u0142a si\u0119 historia, kt\u00f3ra zszokowa\u0142a mieszka\u0144c\u00f3w i wywo\u0142a\u0142a og\u00f3lnokrajow\u0105 dyskusj\u0119. 34-letnia piel\u0119gniarka, Amanda Torres, zosta\u0142a oskar\u017cona o powa\u017cne przest\u0119pstwo \u2013 molestowanie seksualne swojego 15-letniego pasierba.<\/p>\n\n\n\n<p>Sprawa, kt\u00f3ra ujrza\u0142a \u015bwiat\u0142o dzienne latem 2024 roku, rzuci\u0142a cie\u0144 na zaufanie do pracownik\u00f3w s\u0142u\u017cby zdrowia i poruszy\u0142a kwestie etyki, odpowiedzialno\u015bci i ochrony nieletnich.<\/p>\n\n\n\n<h2 class=\"wp-block-heading\">Zarzuty, kt\u00f3re wstrz\u0105sn\u0119\u0142y spo\u0142eczno\u015bci\u0105<\/h2>\n\n\n\n<p>Amanda Torres, piel\u0119gniarka z wieloletnim do\u015bwiadczeniem, znalaz\u0142a si\u0119 w centrum skandalu po tym, jak Biuro Szeryfa Hrabstwa Marion otrzyma\u0142o anonimowe zg\u0142oszenie dotycz\u0105ce mo\u017cliwego nadu\u017cycia. Dochodzenie ujawni\u0142o, \u017ce w lipcu 2024 roku Torres mia\u0142a dopu\u015bci\u0107 si\u0119 czyn\u00f3w seksualnych wobec swojego pasierba, gdy ten przebywa\u0142 pod jej opiek\u0105 w czasie nieobecno\u015bci ojca. Zdarzenie to wywo\u0142a\u0142o fal\u0119 niedowierzania, szczeg\u00f3lnie \u017ce dotyczy\u0142o osoby, kt\u00f3rej zaw\u00f3d opiera si\u0119 na trosce i zaufaniu.<\/p>\n\n\n\n<p>6 listopada 2024 roku Torres zosta\u0142a aresztowana. Po wp\u0142aceniu kaucji w wysoko\u015bci 10 000 dolar\u00f3w zosta\u0142a zwolniona nast\u0119pnego dnia, a jej prawnik z\u0142o\u017cy\u0142 o\u015bwiadczenie o niewinno\u015bci. Sprawa, prowadzona przez Fifth Judicial Circuit Court, jest nadal w toku, a lokalne w\u0142adze s\u0105dowe zapewniaj\u0105, \u017ce proces b\u0119dzie transparentny, zwa\u017cywszy na powag\u0119 zarzut\u00f3w dotycz\u0105cych przest\u0119pstwa wobec nieletniego.<\/p>\n\n\n\n<h2 class=\"wp-block-heading\">Konsekwencje dla kariery<\/h2>\n\n\n\n<p>W odpowiedzi na oskar\u017cenia Departament Zdrowia Florydy podj\u0105\u0142 natychmiastowe kroki, zawieszaj\u0105c licencj\u0119 Torres do wykonywania zawodu piel\u0119gniarki. W oficjalnym komunikacie podkre\u015blono, \u017ce pracownicy s\u0142u\u017cby zdrowia musz\u0105 przestrzega\u0107 najwy\u017cszych standard\u00f3w etycznych, a domniemane zachowanie Torres stanowi powa\u017cne naruszenie tych zasad. Departament zapowiedzia\u0142 dalsze post\u0119powanie dyscyplinarne, kt\u00f3re mo\u017ce zako\u0144czy\u0107 si\u0119 trwa\u0142ym odebraniem jej prawa do pracy w zawodzie.<\/p>\n\n\n\n<figure class=\"wp-block-image\"><img decoding=\"async\" src=\"https:\/\/pozytywnie.com.pl\/wp-content\/uploads\/2025\/09\/pielegniarka2.png\" alt=\"\"\/><\/figure>\n\n\n\n<p>Decyzja ta odzwierciedla szersze obawy dotycz\u0105ce odpowiedzialno\u015bci os\u00f3b na stanowiskach opieku\u0144czych. Urz\u0119dnicy podkre\u015blaj\u0105, \u017ce takie incydenty wymagaj\u0105 nie tylko szybkiej reakcji, ale tak\u017ce reform w systemie nadzoru nad pracownikami s\u0142u\u017cby zdrowia. Sprawa Torres sta\u0142a si\u0119 katalizatorem dyskusji o potrzebie bardziej rygorystycznych procedur weryfikacji i monitorowania etyki zawodowej.<\/p>\n\n\n\n<h2 class=\"wp-block-heading\">Reakcja spo\u0142eczno\u015bci Ocala<\/h2>\n\n\n\n<p>Zarzuty wobec Amandy Torres wywo\u0142a\u0142y burz\u0119 emocji w\u015br\u00f3d mieszka\u0144c\u00f3w Ocala. Spo\u0142eczno\u015b\u0107, kt\u00f3ra ceni sobie zaufanie do lokalnych instytucji, poczu\u0142a si\u0119 zdradzona. Piel\u0119gniarka, osoba kojarzona z pomoc\u0105 i trosk\u0105, zosta\u0142a oskar\u017cona o czyny, kt\u00f3re stoj\u0105 w sprzeczno\u015bci z jej zawodowym etosem. W lokalnych mediach pojawi\u0142y si\u0119 g\u0142osy oburzenia, ale tak\u017ce pytania o to, jak zapobiega\u0107 podobnym sytuacjom w przysz\u0142o\u015bci.<\/p>\n\n\n\n<p>Mieszka\u0144cy wyra\u017caj\u0105 niepok\u00f3j o wp\u0142yw tej sprawy na relacje z pracownikami s\u0142u\u017cby zdrowia, zw\u0142aszcza w kontek\u015bcie opieki nad dzie\u0107mi i pacjentami wymagaj\u0105cymi szczeg\u00f3lnego wsparcia. Wielu domaga si\u0119 bardziej rygorystycznych procedur sprawdzania przesz\u0142o\u015bci kandydat\u00f3w do zawod\u00f3w medycznych oraz wi\u0119kszej przejrzysto\u015bci w zg\u0142aszaniu potencjalnych nadu\u017cy\u0107. Sprawa sta\u0142a si\u0119 impulsem do refleksji nad tym, jak chroni\u0107 najbardziej bezbronnych cz\u0142onk\u00f3w spo\u0142ecze\u0144stwa.<\/p>\n\n\n\n<h2 class=\"wp-block-heading\">Wyzwania dla systemu<\/h2>\n\n\n\n<p>Incydent z udzia\u0142em Torres uwypukla szersze problemy zwi\u0105zane z zaufaniem do systemu opieki zdrowotnej. Pracownicy medyczni, tacy jak piel\u0119gniarki, odgrywaj\u0105 kluczow\u0105 rol\u0119 w spo\u0142ecze\u0144stwie, a ich dzia\u0142ania maj\u0105 bezpo\u015bredni wp\u0142yw na \u017cycie pacjent\u00f3w. Gdy dochodzi do zarzut\u00f3w o nadu\u017cycia, zaufanie to zostaje podwa\u017cone, co mo\u017ce mie\u0107 d\u0142ugotrwa\u0142e konsekwencje dla ca\u0142ej bran\u017cy.<\/p>\n\n\n\n<p>W\u0142adze Florydy zapowiedzia\u0142y przegl\u0105d procedur nadzoru nad licencjonowanymi pracownikami s\u0142u\u017cby zdrowia. Podkre\u015blono konieczno\u015b\u0107 wprowadzenia bardziej skutecznych mechanizm\u00f3w zg\u0142aszania potencjalnych narusze\u0144 oraz szkolenia etycznego dla personelu medycznego. Sprawa Torres sta\u0142a si\u0119 przypomnieniem, \u017ce nawet osoby w zawodach zaufania publicznego mog\u0105 zawie\u015b\u0107, je\u015bli nie ma odpowiednich zabezpiecze\u0144.<\/p>\n\n\n\n<h2 class=\"wp-block-heading\">Co dalej z Amand\u0105 Torres?<\/h2>\n\n\n\n<p>Przysz\u0142o\u015b\u0107 Amandy Torres pozostaje niepewna. Je\u015bli zarzuty si\u0119 potwierdz\u0105, grozi jej nie tylko kara wi\u0119zienia, ale tak\u017ce trwa\u0142e wykluczenie z zawodu piel\u0119gniarki. Proces s\u0105dowy, kt\u00f3ry przyci\u0105ga uwag\u0119 medi\u00f3w, b\u0119dzie kluczowy dla ustalenia fakt\u00f3w i wymierzenia sprawiedliwo\u015bci. Torres ma prawo do obrony, a jej prawnicy zapowiadaj\u0105 walk\u0119 o udowodnienie niewinno\u015bci.<\/p>\n\n\n\n<p>Tymczasem spo\u0142eczno\u015b\u0107 Ocala czeka na rozstrzygni\u0119cie, kt\u00f3re mo\u017ce wp\u0142yn\u0105\u0107 na spos\u00f3b, w jaki postrzegane s\u0105 relacje mi\u0119dzy opiekunami a podopiecznymi. Sprawa ta przypomina o znaczeniu czujno\u015bci i odpowiedzialno\u015bci, zar\u00f3wno w \u017cyciu zawodowym, jak i prywatnym. Departament Zdrowia Florydy podkre\u015bla, \u017ce priorytetem jest ochrona bezpiecze\u0144stwa publicznego, a wszelkie naruszenia etyki b\u0119d\u0105 surowo karane.<\/p>\n\n\n\n<h2 class=\"wp-block-heading\">Lekcja dla spo\u0142ecze\u0144stwa<\/h2>\n\n\n\n<p>Historia Amandy Torres to nie tylko indywidualny przypadek, ale tak\u017ce ostrze\u017cenie przed lukami w systemie, kt\u00f3re mog\u0105 umo\u017cliwi\u0107 nadu\u017cycia. Podkre\u015bla potrzeb\u0119 budowania zaufania poprzez transparentno\u015b\u0107, odpowiedzialno\u015b\u0107 i rygorystyczne standardy etyczne. Spo\u0142eczno\u015b\u0107 Ocala, cho\u0107 zszokowana, jednoczy si\u0119 w d\u0105\u017ceniu do stworzenia bezpieczniejszego \u015brodowiska dla wszystkich, szczeg\u00f3lnie dla dzieci.<\/p>\n\n\n\n<p>Co s\u0105dzisz o tej sprawie? Jak mo\u017cna lepiej chroni\u0107 nieletnich przed nadu\u017cyciami? Czy system opieki zdrowotnej potrzebuje g\u0142\u0119bszych reform? Podziel si\u0119 swoimi przemy\u015bleniami i do\u0142\u0105cz do rozmowy o tym, jak budowa\u0107 bardziej odpowiedzialne spo\u0142ecze\u0144stwo.<\/p>\n","protected":false},"excerpt":{"rendered":"<p>W ma\u0142ym miasteczku Ocala na Florydzie rozegra\u0142a si\u0119 historia, kt\u00f3ra zszokowa\u0142a mieszka\u0144c\u00f3w i wywo\u0142a\u0142a og\u00f3lnokrajow\u0105 dyskusj\u0119. 34-letnia piel\u0119gniarka, Amanda Torres, zosta\u0142a oskar\u017cona o powa\u017cne przest\u0119pstwo \u2013 molestowanie seksualne swojego 15-letniego pasierba. Sprawa, kt\u00f3ra ujrza\u0142a \u015bwiat\u0142o dzienne latem 2024 roku, rzuci\u0142a cie\u0144 na zaufanie do pracownik\u00f3w s\u0142u\u017cby zdrowia i poruszy\u0142a kwestie etyki, odpowiedzialno\u015bci i ochrony nieletnich. &#8230; <a title=\"Piel\u0119gniarka oskar\u017cona o sypianie z nieletnim pasierbem.\" class=\"read-more\" href=\"https:\/\/dobrezrodla.com\/?p=11820\" aria-label=\"Read more about Piel\u0119gniarka oskar\u017cona o sypianie z nieletnim pasierbem.\">Read more<\/a><\/p>\n","protected":false},"author":1,"featured_media":0,"comment_status":"open","ping_status":"open","sticky":false,"template":"","format":"standard","meta":{"footnotes":""},"categories":[1],"tags":[],"class_list":["post-11820","post","type-post","status-publish","format-standard","hentry","category-uncategorized"],"_links":{"self":[{"href":"https:\/\/dobrezrodla.com\/index.php?rest_route=\/wp\/v2\/posts\/11820","targetHints":{"allow":["GET"]}}],"collection":[{"href":"https:\/\/dobrezrodla.com\/index.php?rest_route=\/wp\/v2\/posts"}],"about":[{"href":"https:\/\/dobrezrodla.com\/index.php?rest_route=\/wp\/v2\/types\/post"}],"author":[{"embeddable":true,"href":"https:\/\/dobrezrodla.com\/index.php?rest_route=\/wp\/v2\/users\/1"}],"replies":[{"embeddable":true,"href":"https:\/\/dobrezrodla.com\/index.php?rest_route=%2Fwp%2Fv2%2Fcomments&post=11820"}],"version-history":[{"count":1,"href":"https:\/\/dobrezrodla.com\/index.php?rest_route=\/wp\/v2\/posts\/11820\/revisions"}],"predecessor-version":[{"id":11821,"href":"https:\/\/dobrezrodla.com\/index.php?rest_route=\/wp\/v2\/posts\/11820\/revisions\/11821"}],"wp:attachment":[{"href":"https:\/\/dobrezrodla.com\/index.php?rest_route=%2Fwp%2Fv2%2Fmedia&parent=11820"}],"wp:term":[{"taxonomy":"category","embeddable":true,"href":"https:\/\/dobrezrodla.com\/index.php?rest_route=%2Fwp%2Fv2%2Fcategories&post=11820"},{"taxonomy":"post_tag","embeddable":true,"href":"https:\/\/dobrezrodla.com\/index.php?rest_route=%2Fwp%2Fv2%2Ftags&post=11820"}],"curies":[{"name":"wp","href":"https:\/\/api.w.org\/{rel}","templated":true}]}}