{"id":11830,"date":"2025-12-13T10:28:48","date_gmt":"2025-12-13T10:28:48","guid":{"rendered":"https:\/\/dobrezrodla.com\/?p=11830"},"modified":"2025-12-13T10:28:48","modified_gmt":"2025-12-13T10:28:48","slug":"bilans-dwoch-lat-rzadu-tuska-gospodarczy-awans-i-finansowa-przepasc","status":"publish","type":"post","link":"https:\/\/dobrezrodla.com\/?p=11830","title":{"rendered":"Bilans dw\u00f3ch lat rz\u0105du Tuska. Gospodarczy awans i\u2026 finansowa przepa\u015b\u0107"},"content":{"rendered":"\n<p>Min\u0119\u0142y dwa lata od zaprzysi\u0119\u017cenia rz\u0105du Donalda Tuska, a Polska stoi w rozkroku mi\u0119dzy gospodarczym sukcesem a dramatycznym deficytem. Premier mo\u017ce pochwali\u0107 si\u0119 rekordowym wzrostem PKB, odblokowaniem unijnych \u015brodk\u00f3w i skokiem w rankingach praworz\u0105dno\u015bci, ale z drugiej strony pa\u0144stwo tonie w d\u0142ugach, reformy kulej\u0105, a prezydenckie weta parali\u017cuj\u0105 kluczowe zmiany.<\/p>\n\n\n\n<p><strong>Co si\u0119 uda\u0142o?<\/strong><br>Rz\u0105d skutecznie naprawi\u0142 relacje z Bruksel\u0105 i odblokowa\u0142 miliardy z KPO, kt\u00f3re nap\u0119dzi\u0142y inwestycje i pobudzi\u0142y gospodark\u0119. Polska awansowa\u0142a w rankingach wolno\u015bci prasy i praworz\u0105dno\u015bci. P\u0142ace wzros\u0142y, inflacja spad\u0142a, a konsumpcja nap\u0119dza wzrost PKB, kt\u00f3ry zbli\u017cy\u0142 nas do przedsionka G20.<\/p>\n\n\n\n<p>Reformy edukacyjne (odchudzenie podstawy programowej, zmiany w religii) i transfery spo\u0142eczne (in vitro, renta wdowia) to dowody na sprawno\u015b\u0107 rz\u0105du tam, gdzie nie blokowa\u0142 go prezydent.<\/p>\n\n\n\n<p><strong>A co zawiod\u0142o?<\/strong><br>Sztandarowe obietnice, takie jak kwota wolna 60 tys. z\u0142 czy \u201eKredyt 0%\u201d, zosta\u0142y porzucone. Powodem jest dramatyczna sytuacja finans\u00f3w \u2013 deficyt przekroczy\u0142 7% PKB, a audyt MON ujawni\u0142 500 miliard\u00f3w z\u0142otych ukrytych koszt\u00f3w zbrojeniowych po poprzednikach.<\/p>\n\n\n\n<p>Dodatkowo, rz\u0105d ugrz\u0105z\u0142 w wewn\u0119trznych sporach \u2013 przez op\u00f3r koalicjant\u00f3w i prezydenta utkn\u0119\u0142y reformy aborcyjne i \u015bwiatopogl\u0105dowe. Problemy dotykaj\u0105 te\u017c rynku pracy i przemys\u0142u, gdzie rosn\u0105ce koszty doprowadzi\u0142y do fali zwolnie\u0144.<\/p>\n\n\n\n<p>Przysz\u0142o\u015b\u0107? Lata 2026\u20132027 to czas polityki \u201etrudnych wyrzecze\u0144\u201d: zaciskanie pasa, ci\u0119cia wydatk\u00f3w i niemo\u017cno\u015b\u0107 przeprowadzenia wi\u0119kszych ustaw bez zgody Pa\u0142acu Prezydenckiego. Czas komfortowego rz\u0105dzenia min\u0105\u0142 \u2013 teraz zaczyna si\u0119 prawdziwy test dla Koalicji 15 Pa\u017adziernika.<\/p>\n","protected":false},"excerpt":{"rendered":"<p>Min\u0119\u0142y dwa lata od zaprzysi\u0119\u017cenia rz\u0105du Donalda Tuska, a Polska stoi w rozkroku mi\u0119dzy gospodarczym sukcesem a dramatycznym deficytem. Premier mo\u017ce pochwali\u0107 si\u0119 rekordowym wzrostem PKB, odblokowaniem unijnych \u015brodk\u00f3w i skokiem w rankingach praworz\u0105dno\u015bci, ale z drugiej strony pa\u0144stwo tonie w d\u0142ugach, reformy kulej\u0105, a prezydenckie weta parali\u017cuj\u0105 kluczowe zmiany. Co si\u0119 uda\u0142o?Rz\u0105d skutecznie naprawi\u0142 &#8230; <a title=\"Bilans dw\u00f3ch lat rz\u0105du Tuska. Gospodarczy awans i\u2026 finansowa przepa\u015b\u0107\" class=\"read-more\" href=\"https:\/\/dobrezrodla.com\/?p=11830\" aria-label=\"Read more about Bilans dw\u00f3ch lat rz\u0105du Tuska. Gospodarczy awans i\u2026 finansowa przepa\u015b\u0107\">Read more<\/a><\/p>\n","protected":false},"author":1,"featured_media":0,"comment_status":"open","ping_status":"open","sticky":false,"template":"","format":"standard","meta":{"footnotes":""},"categories":[1],"tags":[],"class_list":["post-11830","post","type-post","status-publish","format-standard","hentry","category-uncategorized"],"_links":{"self":[{"href":"https:\/\/dobrezrodla.com\/index.php?rest_route=\/wp\/v2\/posts\/11830","targetHints":{"allow":["GET"]}}],"collection":[{"href":"https:\/\/dobrezrodla.com\/index.php?rest_route=\/wp\/v2\/posts"}],"about":[{"href":"https:\/\/dobrezrodla.com\/index.php?rest_route=\/wp\/v2\/types\/post"}],"author":[{"embeddable":true,"href":"https:\/\/dobrezrodla.com\/index.php?rest_route=\/wp\/v2\/users\/1"}],"replies":[{"embeddable":true,"href":"https:\/\/dobrezrodla.com\/index.php?rest_route=%2Fwp%2Fv2%2Fcomments&post=11830"}],"version-history":[{"count":1,"href":"https:\/\/dobrezrodla.com\/index.php?rest_route=\/wp\/v2\/posts\/11830\/revisions"}],"predecessor-version":[{"id":11831,"href":"https:\/\/dobrezrodla.com\/index.php?rest_route=\/wp\/v2\/posts\/11830\/revisions\/11831"}],"wp:attachment":[{"href":"https:\/\/dobrezrodla.com\/index.php?rest_route=%2Fwp%2Fv2%2Fmedia&parent=11830"}],"wp:term":[{"taxonomy":"category","embeddable":true,"href":"https:\/\/dobrezrodla.com\/index.php?rest_route=%2Fwp%2Fv2%2Fcategories&post=11830"},{"taxonomy":"post_tag","embeddable":true,"href":"https:\/\/dobrezrodla.com\/index.php?rest_route=%2Fwp%2Fv2%2Ftags&post=11830"}],"curies":[{"name":"wp","href":"https:\/\/api.w.org\/{rel}","templated":true}]}}