{"id":11832,"date":"2025-12-13T10:30:09","date_gmt":"2025-12-13T10:30:09","guid":{"rendered":"https:\/\/dobrezrodla.com\/?p=11832"},"modified":"2025-12-13T10:30:09","modified_gmt":"2025-12-13T10:30:09","slug":"prezydent-nawrocki-konczy-z-chanuka-w-palacu-koniec-dlugoletniej-tradycji","status":"publish","type":"post","link":"https:\/\/dobrezrodla.com\/?p=11832","title":{"rendered":"Prezydent Nawrocki ko\u0144czy z Chanuk\u0105 w Pa\u0142acu. Koniec d\u0142ugoletniej tradycji"},"content":{"rendered":"\n<p>Pa\u0142ac Prezydencki w tym roku nie rozb\u0142y\u015bnie \u015bwiat\u0142em chanukowych \u015bwiec. Jak ustali\u0142a \u201eRzeczpospolita\u201d, prezydent Karol Nawrocki zrezygnowa\u0142 z udzia\u0142u w obchodach Chanuki \u2013 \u017cydowskiego \u015bwi\u0119ta, kt\u00f3re przez ostatnie lata by\u0142o celebrowane symbolicznie przez g\u0142ow\u0119 pa\u0144stwa.<\/p>\n\n\n\n<p>Wcze\u015bniejsi prezydenci, niezale\u017cnie od politycznego zaplecza, zapraszali przedstawicieli spo\u0142eczno\u015bci \u017cydowskiej na uroczysto\u015b\u0107 zapalenia \u015bwiecy chanukowej \u2013 traktuj\u0105c to jako gest otwarto\u015bci, szacunku i budowania wsp\u00f3lnoty obywatelskiej. Tegoroczna decyzja oznacza zatem odej\u015bcie od tradycji, kt\u00f3ra mia\u0142a ju\u017c kilkunastoletni\u0105 histori\u0119.<\/p>\n\n\n\n<p>R\u00f3wnocze\u015bnie inne instytucje publiczne, jak Sejm, planuj\u0105 kontynuowa\u0107 t\u0119 symbolik\u0119 \u2013 marsza\u0142ek Izby zadeklarowa\u0142 otwarto\u015b\u0107 na obecno\u015b\u0107 \u015bwi\u0105tecznych akcent\u00f3w r\u00f3\u017cnych religii.<\/p>\n\n\n\n<p>Rezygnacja Pa\u0142acu Prezydenckiego z udzia\u0142u w obchodach Chanuki mo\u017ce budzi\u0107 kontrowersje, zw\u0142aszcza w kontek\u015bcie wzrastaj\u0105cych napi\u0119\u0107 na tle to\u017csamo\u015bciowym oraz sytuacji mi\u0119dzynarodowej.<\/p>\n","protected":false},"excerpt":{"rendered":"<p>Pa\u0142ac Prezydencki w tym roku nie rozb\u0142y\u015bnie \u015bwiat\u0142em chanukowych \u015bwiec. Jak ustali\u0142a \u201eRzeczpospolita\u201d, prezydent Karol Nawrocki zrezygnowa\u0142 z udzia\u0142u w obchodach Chanuki \u2013 \u017cydowskiego \u015bwi\u0119ta, kt\u00f3re przez ostatnie lata by\u0142o celebrowane symbolicznie przez g\u0142ow\u0119 pa\u0144stwa. Wcze\u015bniejsi prezydenci, niezale\u017cnie od politycznego zaplecza, zapraszali przedstawicieli spo\u0142eczno\u015bci \u017cydowskiej na uroczysto\u015b\u0107 zapalenia \u015bwiecy chanukowej \u2013 traktuj\u0105c to jako gest &#8230; <a title=\"Prezydent Nawrocki ko\u0144czy z Chanuk\u0105 w Pa\u0142acu. Koniec d\u0142ugoletniej tradycji\" class=\"read-more\" href=\"https:\/\/dobrezrodla.com\/?p=11832\" aria-label=\"Read more about Prezydent Nawrocki ko\u0144czy z Chanuk\u0105 w Pa\u0142acu. Koniec d\u0142ugoletniej tradycji\">Read more<\/a><\/p>\n","protected":false},"author":1,"featured_media":0,"comment_status":"open","ping_status":"open","sticky":false,"template":"","format":"standard","meta":{"footnotes":""},"categories":[1],"tags":[],"class_list":["post-11832","post","type-post","status-publish","format-standard","hentry","category-uncategorized"],"_links":{"self":[{"href":"https:\/\/dobrezrodla.com\/index.php?rest_route=\/wp\/v2\/posts\/11832","targetHints":{"allow":["GET"]}}],"collection":[{"href":"https:\/\/dobrezrodla.com\/index.php?rest_route=\/wp\/v2\/posts"}],"about":[{"href":"https:\/\/dobrezrodla.com\/index.php?rest_route=\/wp\/v2\/types\/post"}],"author":[{"embeddable":true,"href":"https:\/\/dobrezrodla.com\/index.php?rest_route=\/wp\/v2\/users\/1"}],"replies":[{"embeddable":true,"href":"https:\/\/dobrezrodla.com\/index.php?rest_route=%2Fwp%2Fv2%2Fcomments&post=11832"}],"version-history":[{"count":1,"href":"https:\/\/dobrezrodla.com\/index.php?rest_route=\/wp\/v2\/posts\/11832\/revisions"}],"predecessor-version":[{"id":11833,"href":"https:\/\/dobrezrodla.com\/index.php?rest_route=\/wp\/v2\/posts\/11832\/revisions\/11833"}],"wp:attachment":[{"href":"https:\/\/dobrezrodla.com\/index.php?rest_route=%2Fwp%2Fv2%2Fmedia&parent=11832"}],"wp:term":[{"taxonomy":"category","embeddable":true,"href":"https:\/\/dobrezrodla.com\/index.php?rest_route=%2Fwp%2Fv2%2Fcategories&post=11832"},{"taxonomy":"post_tag","embeddable":true,"href":"https:\/\/dobrezrodla.com\/index.php?rest_route=%2Fwp%2Fv2%2Ftags&post=11832"}],"curies":[{"name":"wp","href":"https:\/\/api.w.org\/{rel}","templated":true}]}}