{"id":11842,"date":"2025-12-13T10:39:06","date_gmt":"2025-12-13T10:39:06","guid":{"rendered":"https:\/\/dobrezrodla.com\/?p=11842"},"modified":"2025-12-13T10:39:06","modified_gmt":"2025-12-13T10:39:06","slug":"nawrocki-zrywa-z-tradycja-chanuka-znika-z-palacu-prezydenckiego","status":"publish","type":"post","link":"https:\/\/dobrezrodla.com\/?p=11842","title":{"rendered":"Nawrocki zrywa z tradycj\u0105. Chanuka znika z Pa\u0142acu Prezydenckiego"},"content":{"rendered":"\n<p>Prezydent Karol Nawrocki postanowi\u0142 zerwa\u0107 z wieloletnim zwyczajem obchodzenia Chanuki w Pa\u0142acu Prezydenckim \u2013 informuje \u201eRzeczpospolita\u201d. Decyzja wywo\u0142uje poruszenie, poniewa\u017c to jedno z najbardziej symbolicznych \u015bwi\u0105t \u017cydowskich, kt\u00f3re przez lata mia\u0142o swoje miejsce w oficjalnym kalendarzu prezydenckich wydarze\u0144.<\/p>\n\n\n\n<p>Dot\u0105d kolejne g\u0142owy pa\u0144stwa \u2013 niezale\u017cnie od opcji politycznej \u2013 symbolicznie uczestniczy\u0142y w zapaleniu chanukowej \u015bwiecy, pokazuj\u0105c szacunek i otwarto\u015b\u0107 wobec spo\u0142eczno\u015bci \u017cydowskiej w Polsce. Tym razem jednak tej obecno\u015bci zabraknie.<\/p>\n\n\n\n<p>Chanuka rozpoczyna si\u0119 ju\u017c w najbli\u017csz\u0105 niedziel\u0119 po zmroku. Pa\u0142ac milczy, a w jego murach nie zap\u0142onie ani jedna \u015bwieczka menorowa. Taka decyzja w kontek\u015bcie rosn\u0105cych napi\u0119\u0107 to\u017csamo\u015bciowych mo\u017ce by\u0107 odczytana jako polityczny sygna\u0142 nowej prezydentury \u2013 mniej otwartej na mi\u0119dzykulturowe gesty i bardziej skupionej na tradycyjnie rozumianej to\u017csamo\u015bci narodowej.<\/p>\n","protected":false},"excerpt":{"rendered":"<p>Prezydent Karol Nawrocki postanowi\u0142 zerwa\u0107 z wieloletnim zwyczajem obchodzenia Chanuki w Pa\u0142acu Prezydenckim \u2013 informuje \u201eRzeczpospolita\u201d. Decyzja wywo\u0142uje poruszenie, poniewa\u017c to jedno z najbardziej symbolicznych \u015bwi\u0105t \u017cydowskich, kt\u00f3re przez lata mia\u0142o swoje miejsce w oficjalnym kalendarzu prezydenckich wydarze\u0144. Dot\u0105d kolejne g\u0142owy pa\u0144stwa \u2013 niezale\u017cnie od opcji politycznej \u2013 symbolicznie uczestniczy\u0142y w zapaleniu chanukowej \u015bwiecy, pokazuj\u0105c &#8230; <a title=\"Nawrocki zrywa z tradycj\u0105. Chanuka znika z Pa\u0142acu Prezydenckiego\" class=\"read-more\" href=\"https:\/\/dobrezrodla.com\/?p=11842\" aria-label=\"Read more about Nawrocki zrywa z tradycj\u0105. Chanuka znika z Pa\u0142acu Prezydenckiego\">Read more<\/a><\/p>\n","protected":false},"author":1,"featured_media":0,"comment_status":"open","ping_status":"open","sticky":false,"template":"","format":"standard","meta":{"footnotes":""},"categories":[1],"tags":[],"class_list":["post-11842","post","type-post","status-publish","format-standard","hentry","category-uncategorized"],"_links":{"self":[{"href":"https:\/\/dobrezrodla.com\/index.php?rest_route=\/wp\/v2\/posts\/11842","targetHints":{"allow":["GET"]}}],"collection":[{"href":"https:\/\/dobrezrodla.com\/index.php?rest_route=\/wp\/v2\/posts"}],"about":[{"href":"https:\/\/dobrezrodla.com\/index.php?rest_route=\/wp\/v2\/types\/post"}],"author":[{"embeddable":true,"href":"https:\/\/dobrezrodla.com\/index.php?rest_route=\/wp\/v2\/users\/1"}],"replies":[{"embeddable":true,"href":"https:\/\/dobrezrodla.com\/index.php?rest_route=%2Fwp%2Fv2%2Fcomments&post=11842"}],"version-history":[{"count":1,"href":"https:\/\/dobrezrodla.com\/index.php?rest_route=\/wp\/v2\/posts\/11842\/revisions"}],"predecessor-version":[{"id":11843,"href":"https:\/\/dobrezrodla.com\/index.php?rest_route=\/wp\/v2\/posts\/11842\/revisions\/11843"}],"wp:attachment":[{"href":"https:\/\/dobrezrodla.com\/index.php?rest_route=%2Fwp%2Fv2%2Fmedia&parent=11842"}],"wp:term":[{"taxonomy":"category","embeddable":true,"href":"https:\/\/dobrezrodla.com\/index.php?rest_route=%2Fwp%2Fv2%2Fcategories&post=11842"},{"taxonomy":"post_tag","embeddable":true,"href":"https:\/\/dobrezrodla.com\/index.php?rest_route=%2Fwp%2Fv2%2Ftags&post=11842"}],"curies":[{"name":"wp","href":"https:\/\/api.w.org\/{rel}","templated":true}]}}