{"id":11898,"date":"2025-12-13T21:10:45","date_gmt":"2025-12-13T21:10:45","guid":{"rendered":"https:\/\/dobrezrodla.com\/?p=11898"},"modified":"2025-12-13T21:10:45","modified_gmt":"2025-12-13T21:10:45","slug":"polacy-o-wetach-prezydenta-ocenili-co-nim-kieruje","status":"publish","type":"post","link":"https:\/\/dobrezrodla.com\/?p=11898","title":{"rendered":"Polacy o wetach prezydenta. Ocenili, co nim kieruje"},"content":{"rendered":"\n<p>Prezydent Karol Nawrocki zaskakuje tempem i liczb\u0105 wet. Od obj\u0119cia urz\u0119du 6 sierpnia zd\u0105\u017cy\u0142 zawetowa\u0107 ju\u017c 17 ustaw \u2013 a\u017c 13 z nich w ci\u0105gu pierwszych stu dni prezydentury. To znacznie wi\u0119cej ni\u017c jego poprzednicy: Andrzej Duda mia\u0142 cztery weta w tym samym czasie, a Komorowski, Kaczy\u0144ski i Kwa\u015bniewski nie zawetowali \u017cadnej ustawy w analogicznym okresie.<\/p>\n\n\n\n<p>Co o tej aktywno\u015bci s\u0105dz\u0105 Polacy? Z badania United Surveys dla Wirtualnej Polski wynika, \u017ce spo\u0142ecze\u0144stwo jest podzielone.<\/p>\n\n\n\n<p>50 proc. ankietowanych uwa\u017ca, \u017ce prezydent Nawrocki kieruje si\u0119 interesem politycznym w\u0142asnego \u015brodowiska. 46,7 proc. wierzy, \u017ce weta to efekt troski o jako\u015b\u0107 prawa i dobro obywateli. 3,3 proc. nie mia\u0142o zdania.<\/p>\n\n\n\n<p>Podzia\u0142y s\u0105 szczeg\u00f3lnie wyra\u017ane w zale\u017cno\u015bci od preferencji politycznych.<\/p>\n\n\n\n<p>A\u017c 85 proc. wyborc\u00f3w koalicji rz\u0105dz\u0105cej uwa\u017ca, \u017ce weta to czysta kalkulacja polityczna. Tylko 11 proc. z tej grupy widzi w dzia\u0142aniach prezydenta autentyczn\u0105 trosk\u0119 o obywateli.<\/p>\n\n\n\n<p>Z kolei wyborcy PiS i Konfederacji maj\u0105 niemal lustrzan\u0105 opini\u0119 \u2013 85 proc. z nich twierdzi, \u017ce prezydent dzia\u0142a w trosce o jako\u015b\u0107 legislacji.<\/p>\n\n\n\n<p>Podobne zdanie jak elektorat koalicji maj\u0105 tak\u017ce zwolennicy pozosta\u0142ych ugrupowa\u0144 politycznych \u2013 86 proc. uwa\u017ca, \u017ce Nawrocki realizuje interesy swojego \u015brodowiska.<\/p>\n\n\n\n<p>Badanie zosta\u0142o przeprowadzone metod\u0105 CATI&amp;CAWI na reprezentatywnej pr\u00f3bie 1000 doros\u0142ych Polak\u00f3w w dniach 5\u20138 grudnia 2025 roku.<\/p>\n","protected":false},"excerpt":{"rendered":"<p>Prezydent Karol Nawrocki zaskakuje tempem i liczb\u0105 wet. Od obj\u0119cia urz\u0119du 6 sierpnia zd\u0105\u017cy\u0142 zawetowa\u0107 ju\u017c 17 ustaw \u2013 a\u017c 13 z nich w ci\u0105gu pierwszych stu dni prezydentury. To znacznie wi\u0119cej ni\u017c jego poprzednicy: Andrzej Duda mia\u0142 cztery weta w tym samym czasie, a Komorowski, Kaczy\u0144ski i Kwa\u015bniewski nie zawetowali \u017cadnej ustawy w analogicznym &#8230; <a title=\"Polacy o wetach prezydenta. Ocenili, co nim kieruje\" class=\"read-more\" href=\"https:\/\/dobrezrodla.com\/?p=11898\" aria-label=\"Read more about Polacy o wetach prezydenta. Ocenili, co nim kieruje\">Read more<\/a><\/p>\n","protected":false},"author":1,"featured_media":0,"comment_status":"open","ping_status":"open","sticky":false,"template":"","format":"standard","meta":{"footnotes":""},"categories":[1],"tags":[],"class_list":["post-11898","post","type-post","status-publish","format-standard","hentry","category-uncategorized"],"_links":{"self":[{"href":"https:\/\/dobrezrodla.com\/index.php?rest_route=\/wp\/v2\/posts\/11898","targetHints":{"allow":["GET"]}}],"collection":[{"href":"https:\/\/dobrezrodla.com\/index.php?rest_route=\/wp\/v2\/posts"}],"about":[{"href":"https:\/\/dobrezrodla.com\/index.php?rest_route=\/wp\/v2\/types\/post"}],"author":[{"embeddable":true,"href":"https:\/\/dobrezrodla.com\/index.php?rest_route=\/wp\/v2\/users\/1"}],"replies":[{"embeddable":true,"href":"https:\/\/dobrezrodla.com\/index.php?rest_route=%2Fwp%2Fv2%2Fcomments&post=11898"}],"version-history":[{"count":1,"href":"https:\/\/dobrezrodla.com\/index.php?rest_route=\/wp\/v2\/posts\/11898\/revisions"}],"predecessor-version":[{"id":11899,"href":"https:\/\/dobrezrodla.com\/index.php?rest_route=\/wp\/v2\/posts\/11898\/revisions\/11899"}],"wp:attachment":[{"href":"https:\/\/dobrezrodla.com\/index.php?rest_route=%2Fwp%2Fv2%2Fmedia&parent=11898"}],"wp:term":[{"taxonomy":"category","embeddable":true,"href":"https:\/\/dobrezrodla.com\/index.php?rest_route=%2Fwp%2Fv2%2Fcategories&post=11898"},{"taxonomy":"post_tag","embeddable":true,"href":"https:\/\/dobrezrodla.com\/index.php?rest_route=%2Fwp%2Fv2%2Ftags&post=11898"}],"curies":[{"name":"wp","href":"https:\/\/api.w.org\/{rel}","templated":true}]}}