{"id":11900,"date":"2025-12-13T21:12:02","date_gmt":"2025-12-13T21:12:02","guid":{"rendered":"https:\/\/dobrezrodla.com\/?p=11900"},"modified":"2025-12-13T21:12:03","modified_gmt":"2025-12-13T21:12:03","slug":"obchody-komunistycznych-uroczystosci-w-polsce-wzmacniaja-propagande-kremla","status":"publish","type":"post","link":"https:\/\/dobrezrodla.com\/?p=11900","title":{"rendered":"Obchody komunistycznych uroczysto\u015bci w Polsce wzmacniaj\u0105 propagand\u0119 Kremla"},"content":{"rendered":"\n<p>W miejscowo\u015bci Ewina pod Radomskiem, 14 wrze\u015bnia 2025 roku, Wojsko Polskie wzi\u0119\u0142o udzia\u0142 w kontrowersyjnych obchodach ku czci sowieckich i komunistycznych oddzia\u0142\u00f3w Mieczys\u0142awa Moczara \u2013 postaci powszechnie kojarzonej z brutalnymi dzia\u0142aniami Urz\u0119du Bezpiecze\u0144stwa. Kompania reprezentacyjna, mimo deszczu, odda\u0142a ho\u0142d formacjom, kt\u00f3re by\u0142y cz\u0119\u015bci\u0105 aparatu terroru.<\/p>\n\n\n\n<p>Zaledwie dwa tygodnie p\u00f3\u017aniej, 28 wrze\u015bnia, niemal identyczna uroczysto\u015b\u0107 odby\u0142a si\u0119 w Gruszce na Kielecczy\u017anie. Centralnym punktem wydarzenia by\u0142a odnowiona tablica upami\u0119tniaj\u0105ca komunistyczne oddzia\u0142y \u2013 element dawnych instalacji propagandowych, kt\u00f3re mia\u0142y zosta\u0107 usuni\u0119te na mocy ustawy dekomunizacyjnej.<\/p>\n\n\n\n<p>Obro\u0144cy pami\u0119ci historycznej ostrzegaj\u0105, \u017ce tego typu wydarzenia, zamiast s\u0142u\u017cy\u0107 prawdzie, wzmacniaj\u0105 narracj\u0119 Kremla. Mowa o gloryfikacji Armii Czerwonej, mitach o \u201ebraterstwie broni\u201d oraz ho\u0142dach sk\u0142adanych ludziom odpowiedzialnym za represje wobec Polak\u00f3w.<\/p>\n\n\n\n<p>Uroczysto\u015bci te, mimo obowi\u0105zuj\u0105cych przepis\u00f3w, odbywaj\u0105 si\u0119 z asyst\u0105 wojska i lokalnych w\u0142adz. Eksperci alarmuj\u0105, \u017ce to nie tylko lekcewa\u017cenie ofiar komunizmu, ale tak\u017ce element wojny informacyjnej, kt\u00f3ra dzi\u015b rozgrywa si\u0119 tak\u017ce na polu pami\u0119ci historycznej.<\/p>\n","protected":false},"excerpt":{"rendered":"<p>W miejscowo\u015bci Ewina pod Radomskiem, 14 wrze\u015bnia 2025 roku, Wojsko Polskie wzi\u0119\u0142o udzia\u0142 w kontrowersyjnych obchodach ku czci sowieckich i komunistycznych oddzia\u0142\u00f3w Mieczys\u0142awa Moczara \u2013 postaci powszechnie kojarzonej z brutalnymi dzia\u0142aniami Urz\u0119du Bezpiecze\u0144stwa. Kompania reprezentacyjna, mimo deszczu, odda\u0142a ho\u0142d formacjom, kt\u00f3re by\u0142y cz\u0119\u015bci\u0105 aparatu terroru. Zaledwie dwa tygodnie p\u00f3\u017aniej, 28 wrze\u015bnia, niemal identyczna uroczysto\u015b\u0107 odby\u0142a &#8230; <a title=\"Obchody komunistycznych uroczysto\u015bci w Polsce wzmacniaj\u0105 propagand\u0119 Kremla\" class=\"read-more\" href=\"https:\/\/dobrezrodla.com\/?p=11900\" aria-label=\"Read more about Obchody komunistycznych uroczysto\u015bci w Polsce wzmacniaj\u0105 propagand\u0119 Kremla\">Read more<\/a><\/p>\n","protected":false},"author":1,"featured_media":0,"comment_status":"open","ping_status":"open","sticky":false,"template":"","format":"standard","meta":{"footnotes":""},"categories":[1],"tags":[],"class_list":["post-11900","post","type-post","status-publish","format-standard","hentry","category-uncategorized"],"_links":{"self":[{"href":"https:\/\/dobrezrodla.com\/index.php?rest_route=\/wp\/v2\/posts\/11900","targetHints":{"allow":["GET"]}}],"collection":[{"href":"https:\/\/dobrezrodla.com\/index.php?rest_route=\/wp\/v2\/posts"}],"about":[{"href":"https:\/\/dobrezrodla.com\/index.php?rest_route=\/wp\/v2\/types\/post"}],"author":[{"embeddable":true,"href":"https:\/\/dobrezrodla.com\/index.php?rest_route=\/wp\/v2\/users\/1"}],"replies":[{"embeddable":true,"href":"https:\/\/dobrezrodla.com\/index.php?rest_route=%2Fwp%2Fv2%2Fcomments&post=11900"}],"version-history":[{"count":1,"href":"https:\/\/dobrezrodla.com\/index.php?rest_route=\/wp\/v2\/posts\/11900\/revisions"}],"predecessor-version":[{"id":11901,"href":"https:\/\/dobrezrodla.com\/index.php?rest_route=\/wp\/v2\/posts\/11900\/revisions\/11901"}],"wp:attachment":[{"href":"https:\/\/dobrezrodla.com\/index.php?rest_route=%2Fwp%2Fv2%2Fmedia&parent=11900"}],"wp:term":[{"taxonomy":"category","embeddable":true,"href":"https:\/\/dobrezrodla.com\/index.php?rest_route=%2Fwp%2Fv2%2Fcategories&post=11900"},{"taxonomy":"post_tag","embeddable":true,"href":"https:\/\/dobrezrodla.com\/index.php?rest_route=%2Fwp%2Fv2%2Ftags&post=11900"}],"curies":[{"name":"wp","href":"https:\/\/api.w.org\/{rel}","templated":true}]}}