{"id":11905,"date":"2025-12-14T16:22:46","date_gmt":"2025-12-14T16:22:46","guid":{"rendered":"https:\/\/dobrezrodla.com\/?p=11905"},"modified":"2025-12-14T16:22:46","modified_gmt":"2025-12-14T16:22:46","slug":"bylem-bitym-dzieckiem-historia-emiliana-kaminskiego-od-bezdomnosci-do-wlasnego-teatru","status":"publish","type":"post","link":"https:\/\/dobrezrodla.com\/?p=11905","title":{"rendered":"\u201eBy\u0142em bitym dzieckiem\u201d. Historia Emiliana Kami\u0144skiego: od bezdomno\u015bci do w\u0142asnego teatru"},"content":{"rendered":"\n<p>Najpierw jest las. Dziecko ma nieca\u0142e trzy lata, gubi si\u0119, zapada zmrok. Zimno, cisza, \u017cadnego doros\u0142ego. Zanim kto\u015b zd\u0105\u017cy zacz\u0105\u0107 je szuka\u0107, pierwsze odnajduj\u0105 go\u2026 bezdomne psy. K\u0142ad\u0105 si\u0119 przy nim, grzej\u0105, nie pozwalaj\u0105 nikomu podej\u015b\u0107. Dopiero spryt pewnej pary \u2013 on odci\u0105ga psy, ona zabiera malucha na r\u0119ce \u2013 ko\u0144czy t\u0119 scen\u0119 inaczej ni\u017c tragedi\u0105.<\/p>\n\n\n\n<p>Po latach ten m\u0119\u017cczyzna b\u0119dzie m\u00f3wi\u0142, \u017ce&nbsp;<strong>gdyby nie tamte psy, pewnie by zamarz\u0142<\/strong>.<\/p>\n\n\n\n<h2 class=\"wp-block-heading\" id=\"h-dom-do-ktorego-nie-chcial-wracac\">Dom, do kt\u00f3rego nie chcia\u0142 wraca\u0107<\/h2>\n\n\n\n<p>Wbrew pozorom las nie by\u0142 najgorszym miejscem jego dzieci\u0144stwa.<br>Najgorszy by\u0142&nbsp;<strong>dom<\/strong>, do kt\u00f3rego \u2013 jak sam przyzna \u2013 \u201enie chcia\u0142 wraca\u0107\u201d.<\/p>\n\n\n\n<p>Urodzi\u0142 si\u0119 w powojennej Warszawie, w rodzinie naznaczonej traum\u0105 wojny. Rodzice d\u017awigali swoje l\u0119ki i zranienia, kt\u00f3re \u2013 jak to cz\u0119sto bywa \u2013 prze\u0142o\u017cy\u0142y si\u0119 na spos\u00f3b wychowania dzieci. W wywiadach m\u00f3wi\u0142 wprost, \u017ce w domu by\u0142a&nbsp;<strong>przemoc<\/strong>.<\/p>\n\n\n\n<p>\u201eBy\u0142em bitym dzieckiem, wi\u0119c wiem, jak to dzia\u0142a na dzieci\u201d \u2013 wspomina\u0142 po latach w rozmowie z magazynem \u201e\u015awiat i Ludzie\u201d, cytowanej przez Viv\u0119, WP Film i Pudelka.<\/p>\n\n\n\n<p>Nie lubi\u0142 wraca\u0107 pami\u0119ci\u0105 do tamtych czas\u00f3w. W jednym z wywiad\u00f3w powtarza\u0142, \u017ce gdy my\u015bli o dzieci\u0144stwie, widzi przede wszystkim&nbsp;<strong>drzewa, przy kt\u00f3rych siedzia\u0142<\/strong>, bo \u201ecz\u0119\u015bciej bywa\u0142 poza domem ni\u017c w nim\u201d.<\/p>\n\n\n\n<h2 class=\"wp-block-heading\" id=\"h-glod-ucieczki-i-52-godziny-bez-jedzenia\">G\u0142\u00f3d, ucieczki i 52 godziny bez jedzenia<\/h2>\n\n\n\n<p>Jako nastolatek coraz cz\u0119\u015bciej&nbsp;<strong>ucieka\u0142 z domu<\/strong>. W\u0142\u00f3czy\u0142 si\u0119 po Warszawie, spa\u0142 gdzie popadnie. Bieda i przemoc wypchn\u0119\u0142y go dos\u0142ownie na ulic\u0119.<\/p>\n\n\n\n<p>W rozmowie dla \u201ePolska Times\u201d wspomina\u0142, \u017ce zdarza\u0142o si\u0119, i\u017c&nbsp;<strong>nie jad\u0142 przez ponad dwie doby<\/strong>.<\/p>\n\n\n\n<p>\u201ePami\u0119tam bolesny czas, kiedy by\u0142em g\u0142odny. Nie jad\u0142em przez 52 godziny. Poratowali mnie bezdomni na Dworcu Centralnym. Pokazali, gdzie mog\u0119 si\u0119 przespa\u0107\u201d \u2013 opowiada\u0142 w wywiadzie, kt\u00f3ry cytuje m.in. Onet i Viva.<\/p>\n\n\n\n<p>Dworzec by\u0142 wtedy drewniany \u2013 \u0142atwo by\u0142o znale\u017a\u0107 ciep\u0142y zakamarek. Bezdomni, kt\u00f3rzy sami nie mieli nic,&nbsp;<strong>podzielili si\u0119 z ch\u0142opakiem jedzeniem<\/strong>. T\u0142umaczy\u0142, \u017ce nigdy nie zapomnia\u0142 tego gestu.<\/p>\n\n\n\n<p>W innym wywiadzie wspomina\u0142 koleg\u00f3w z tamtych czas\u00f3w, kt\u00f3rzy \u201ezamarzli\u201d, bo nie mieli gdzie spa\u0107. Redakcja eDziecko pisa\u0142a, \u017ce te do\u015bwiadczenia sprawi\u0142y, i\u017c dobrze rozumia\u0142, co znaczy&nbsp;<strong>bezdomno\u015b\u0107 i skrajne wykluczenie<\/strong>.<\/p>\n\n\n\n<h2 class=\"wp-block-heading\" id=\"h-dziecko-bez-domu-ktore-znalazlo-swoj-tabor\">Dziecko bez domu, kt\u00f3re znalaz\u0142o sw\u00f3j tabor<\/h2>\n\n\n\n<p>Kiedy nie mia\u0142 si\u0142y wraca\u0107 do domu, bywa\u0142 te\u017c w miejscach, kt\u00f3rych wi\u0119kszo\u015b\u0107 \u201eporz\u0105dnych ludzi\u201d unika\u0142a.<br>Sp\u0119dza\u0142 czas z&nbsp;<strong>Romami<\/strong>&nbsp;\u2013 przy ognisku, w taborach, w drodze.<\/p>\n\n\n\n<p>Jak przypominaj\u0105 WP Film i Pudelek, zaprzyja\u017ani\u0142 si\u0119 z nimi tak mocno, \u017ce nadali mu przydomek&nbsp;<strong>Baroszero<\/strong>.<\/p>\n\n\n\n<p>Z ich punktu widzenia by\u0142 pewnie \u201edziwnym polskim ch\u0142opakiem\u201d, kt\u00f3ry lepiej czu\u0142 si\u0119 przy w\u0119drownym ognisku ni\u017c przy w\u0142asnym stole w domu. Dla niego byli namiastk\u0105 wolno\u015bci, ale te\u017c \u2013 paradoksalnie \u2013&nbsp;<strong>bezpieczniejszego \u015bwiata<\/strong>&nbsp;ni\u017c ten, kt\u00f3ry czeka\u0142 za drzwiami mieszkania.<\/p>\n\n\n\n<h2 class=\"wp-block-heading\" id=\"h-bylem-bitym-dzieckiem-i-ojcostwo-po-latach\">\u201eBy\u0142em bitym dzieckiem\u201d i ojcostwo po latach<\/h2>\n\n\n\n<p>Do\u015bwiadczenie przemocy zapami\u0119ta\u0142 na zawsze. M\u00f3wi\u0142, \u017ce dok\u0142adnie wie, jak czuje si\u0119 dziecko, kt\u00f3re boi si\u0119 w\u0142asnych rodzic\u00f3w.<\/p>\n\n\n\n<p>W rozmowie cytowanej przez WP i Onet podkre\u015bla\u0142, \u017ce kiedy sam zosta\u0142 ojcem, bardzo stara\u0142 si\u0119&nbsp;<strong>nie powiela\u0107 rodzinnych schemat\u00f3w<\/strong>.<\/p>\n\n\n\n<p>\u201eWiem, co robi bicie i krzyk. Dlatego by\u0142em na to wyczulony. Chcia\u0142em, \u017ceby moje dzieci mia\u0142y dom, a nie miejsce, z kt\u00f3rego si\u0119 ucieka\u201d \u2013 powiedzia\u0142 w jednym z wywiad\u00f3w, do kt\u00f3rego odwo\u0142uje si\u0119 serwis Parenting.pl.<\/p>\n\n\n\n<p>To, \u017ce&nbsp;<strong>sam wyszed\u0142 z takiego domu<\/strong>, sta\u0142o si\u0119 dla niego punktem odniesienia na ca\u0142e \u017cycie \u2013 w relacjach, w wychowaniu, a tak\u017ce w tym, jak patrzy\u0142 na ludzi w kryzysie.<\/p>\n\n\n\n<h2 class=\"wp-block-heading\" id=\"h-chlopak-z-grochowa-ktorego-znala-cala-polska\">Ch\u0142opak z Grochowa, kt\u00f3rego zna\u0142a ca\u0142a Polska<\/h2>\n\n\n\n<p>Ten g\u0142odny, bity i \u015bpi\u0105cy na dworcu ch\u0142opak to&nbsp;<strong>Emilian Kami\u0144ski<\/strong>.<\/p>\n\n\n\n<p>Urodzi\u0142 si\u0119 w 1952 roku w Warszawie, dorasta\u0142 na Grochowie. Po uko\u0144czeniu warszawskiej szko\u0142y teatralnej zadebiutowa\u0142 w Teatrze Na Woli, gra\u0142 p\u00f3\u017aniej w Teatrze Narodowym i Ateneum.<\/p>\n\n\n\n<p>Dla szerokiej publiczno\u015bci by\u0142 przede wszystkim:<\/p>\n\n\n\n<ul class=\"wp-block-list\">\n<li>charakterystycznym aktorem filmowym i serialowym (\u201eU Pana Boga w ogrodzie\u201d, \u201eM jak mi\u0142o\u015b\u0107\u201d i dziesi\u0105tki innych r\u00f3l),<\/li>\n\n\n\n<li><strong>za\u0142o\u017cycielem Teatru Kamienica<\/strong>\u00a0\u2013 prywatnej sceny w centrum Warszawy, kt\u00f3ra mia\u0142a by\u0107 nie tylko miejscem grania, ale te\u017c domem dla ludzi z r\u00f3\u017cnych \u015brodowisk.<\/li>\n<\/ul>\n\n\n\n<p>Koledzy z bran\u017cy m\u00f3wili o nim, \u017ce by\u0142 \u201ecz\u0142owiekiem instytucj\u0105\u201d \u2013 aktorem, re\u017cyserem, gospodarzem w\u0142asnego teatru i kim\u015b, kto&nbsp;<strong>naprawd\u0119 lubi\u0142 ludzi<\/strong>.<\/p>\n\n\n\n<h2 class=\"wp-block-heading\" id=\"h-dlaczego-pomagal-bezdomnym-bo-sam-znal-ulice\">Dlaczego pomaga\u0142 bezdomnym? Bo sam zna\u0142 ulic\u0119<\/h2>\n\n\n\n<p>Kiedy w Teatrze Kamienica zacz\u0119to organizowa\u0107&nbsp;<strong>Wigilie dla bezdomnych i ubogich<\/strong>, nie by\u0142a to dla niego fajna \u201eakcja PR\u201d. To by\u0142o co\u015b osobistego.<\/p>\n\n\n\n<p>Polskie Radio Tr\u00f3jka przypomina, \u017ce podczas tych spotka\u0144 sam obs\u0142ugiwa\u0142 go\u015bci, siada\u0142 z nimi do sto\u0142u, rozmawia\u0142. Wiedzia\u0142, jak wa\u017cne jest, \u017ceby kto\u015b, kto jest na ulicy, cho\u0107 raz w roku poczu\u0142 si\u0119&nbsp;<strong>jak zaproszony, a nie przegoniony<\/strong>.<\/p>\n\n\n\n<p>W wywiadzie z 2018 roku m\u00f3wi\u0142 o tamtym czasie na Dworcu Centralnym tak:<\/p>\n\n\n\n<p>\u2013 Bezdomni nie mieli si\u0119 czym dzieli\u0107, a si\u0119 podzielili. To mnie nauczy\u0142o, \u017ce cz\u0142owiek, kt\u00f3ry nic nie ma, cz\u0119sto daje najwi\u0119cej \u2013 opowiada\u0142 w rozmowie cytowanej przez \u201ePolska Times\u201d.<\/p>\n\n\n\n<p>Mo\u017cna powiedzie\u0107, \u017ce to w\u0142a\u015bnie oni \u2013 bezdomni z dworca i psy z lasu \u2013 nauczyli go czego\u015b, co potem wyni\u00f3s\u0142 na scen\u0119 i do dzia\u0142alno\u015bci charytatywnej:&nbsp;<strong>wa\u017cne jest, \u017ceby kogo\u015b zauwa\u017cy\u0107, zanim b\u0119dzie za p\u00f3\u017ano<\/strong>.<\/p>\n\n\n\n<h2 class=\"wp-block-heading\" id=\"h-od-biedy-do-slawy-i-z-powrotem-do-tych-co-wciaz-sa-na-dole\">Od biedy do s\u0142awy\u2026 i z powrotem do tych, co wci\u0105\u017c s\u0105 na dole<\/h2>\n\n\n\n<p>Onet w tek\u015bcie \u201eOd biedy do s\u0142awy. Historia Emiliana Kami\u0144skiego\u201d pisze wprost: jego \u017cycie to gotowy materia\u0142 na film \u2013 od przemocowego domu, przez g\u0142\u00f3d i bezdomno\u015b\u0107, po&nbsp;<strong>uznanie widz\u00f3w i w\u0142asny teatr<\/strong>.<\/p>\n\n\n\n<p>Serwisy takie jak Viva, WP Film czy eDziecko zwracaj\u0105 uwag\u0119 na jeszcze jedn\u0105 rzecz: mimo \u017ce wyszed\u0142 z biedy i osi\u0105gn\u0105\u0142 sukces,&nbsp;<strong>do ko\u0144ca \u017cycia by\u0142 aktywny zawodowo i charytatywnie<\/strong>, jakby ba\u0142 si\u0119 zatrzyma\u0107. Wiedzia\u0142, jak szybko mo\u017cna spa\u015b\u0107 na dno \u2013 widzia\u0142 przecie\u017c koleg\u00f3w, kt\u00f3rzy nie prze\u017cyli ulicy.<\/p>\n\n\n\n<h2 class=\"wp-block-heading\" id=\"h-koniec-historii-ktora-nie-powinna-sie-udac\">Koniec historii, kt\u00f3ra nie powinna si\u0119 uda\u0107<\/h2>\n\n\n\n<p>Emilian Kami\u0144ski zmar\u0142 26 grudnia 2022 roku, po d\u0142ugiej chorobie p\u0142uc, w swoim domu w J\u00f3zefowie, otoczony rodzin\u0105. Mia\u0142 70 lat.<\/p>\n\n\n\n<p>W nekrologach pisano:&nbsp;<strong>aktor, re\u017cyser, tw\u00f3rca Teatru Kamienica<\/strong>.<br>Ale pod spodem by\u0142a jeszcze jedna, cichsza linijka, kt\u00f3rej nie ma w oficjalnych tytu\u0142ach:<\/p>\n\n\n\n<p>ch\u0142opak, kt\u00f3ry zna\u0142 g\u0142\u00f3d, przemoc i bezdomno\u015b\u0107, a potem ca\u0142e \u017cycie pr\u00f3bowa\u0142 sprawi\u0107, \u017ceby&nbsp;<strong>innym dzieciom i innym bezdomnym by\u0142o cho\u0107 odrobin\u0119 l\u017cej<\/strong>.<\/p>\n\n\n\n<p>To jedna z tych historii, kt\u00f3re w teorii nie maj\u0105 prawa sko\u0144czy\u0107 si\u0119 dobrze.<br>A jednak \u2013 mimo wszystkiego, co go spotka\u0142o \u2013 uda\u0142o mu si\u0119 nie tylko prze\u017cy\u0107, ale jeszcze&nbsp;<strong>zbudowa\u0107 miejsce, w kt\u00f3rym inni mogli poczu\u0107 si\u0119 jak w domu<\/strong>.<\/p>\n","protected":false},"excerpt":{"rendered":"<p>Najpierw jest las. Dziecko ma nieca\u0142e trzy lata, gubi si\u0119, zapada zmrok. Zimno, cisza, \u017cadnego doros\u0142ego. Zanim kto\u015b zd\u0105\u017cy zacz\u0105\u0107 je szuka\u0107, pierwsze odnajduj\u0105 go\u2026 bezdomne psy. K\u0142ad\u0105 si\u0119 przy nim, grzej\u0105, nie pozwalaj\u0105 nikomu podej\u015b\u0107. Dopiero spryt pewnej pary \u2013 on odci\u0105ga psy, ona zabiera malucha na r\u0119ce \u2013 ko\u0144czy t\u0119 scen\u0119 inaczej ni\u017c &#8230; <a title=\"\u201eBy\u0142em bitym dzieckiem\u201d. Historia Emiliana Kami\u0144skiego: od bezdomno\u015bci do w\u0142asnego teatru\" class=\"read-more\" href=\"https:\/\/dobrezrodla.com\/?p=11905\" aria-label=\"Read more about \u201eBy\u0142em bitym dzieckiem\u201d. Historia Emiliana Kami\u0144skiego: od bezdomno\u015bci do w\u0142asnego teatru\">Read more<\/a><\/p>\n","protected":false},"author":1,"featured_media":0,"comment_status":"open","ping_status":"open","sticky":false,"template":"","format":"standard","meta":{"footnotes":""},"categories":[1],"tags":[],"class_list":["post-11905","post","type-post","status-publish","format-standard","hentry","category-uncategorized"],"_links":{"self":[{"href":"https:\/\/dobrezrodla.com\/index.php?rest_route=\/wp\/v2\/posts\/11905","targetHints":{"allow":["GET"]}}],"collection":[{"href":"https:\/\/dobrezrodla.com\/index.php?rest_route=\/wp\/v2\/posts"}],"about":[{"href":"https:\/\/dobrezrodla.com\/index.php?rest_route=\/wp\/v2\/types\/post"}],"author":[{"embeddable":true,"href":"https:\/\/dobrezrodla.com\/index.php?rest_route=\/wp\/v2\/users\/1"}],"replies":[{"embeddable":true,"href":"https:\/\/dobrezrodla.com\/index.php?rest_route=%2Fwp%2Fv2%2Fcomments&post=11905"}],"version-history":[{"count":1,"href":"https:\/\/dobrezrodla.com\/index.php?rest_route=\/wp\/v2\/posts\/11905\/revisions"}],"predecessor-version":[{"id":11906,"href":"https:\/\/dobrezrodla.com\/index.php?rest_route=\/wp\/v2\/posts\/11905\/revisions\/11906"}],"wp:attachment":[{"href":"https:\/\/dobrezrodla.com\/index.php?rest_route=%2Fwp%2Fv2%2Fmedia&parent=11905"}],"wp:term":[{"taxonomy":"category","embeddable":true,"href":"https:\/\/dobrezrodla.com\/index.php?rest_route=%2Fwp%2Fv2%2Fcategories&post=11905"},{"taxonomy":"post_tag","embeddable":true,"href":"https:\/\/dobrezrodla.com\/index.php?rest_route=%2Fwp%2Fv2%2Ftags&post=11905"}],"curies":[{"name":"wp","href":"https:\/\/api.w.org\/{rel}","templated":true}]}}