{"id":11926,"date":"2025-12-14T16:38:18","date_gmt":"2025-12-14T16:38:18","guid":{"rendered":"https:\/\/dobrezrodla.com\/?p=11926"},"modified":"2025-12-14T16:38:19","modified_gmt":"2025-12-14T16:38:19","slug":"nowy-kryzys-na-wegrzech-tysiace-ludzi-na-ulicach-dzieci-maltretowane-w-panstwowych-osrodkach-a-wladze-od-lat-milczaly","status":"publish","type":"post","link":"https:\/\/dobrezrodla.com\/?p=11926","title":{"rendered":"Nowy kryzys na W\u0119grzech: tysi\u0105ce ludzi na ulicach, dzieci maltretowane w pa\u0144stwowych o\u015brodkach, a w\u0142adze od lat milcza\u0142y"},"content":{"rendered":"\n<p>Tysi\u0105ce W\u0119gr\u00f3w wysz\u0142y w sobot\u0119 na ulice Budapesztu, domagaj\u0105c si\u0119 sprawiedliwo\u015bci i natychmiastowych wybor\u00f3w. Protest wywo\u0142a\u0142 szokuj\u0105cy skandal \u2013 ujawniono brutalne nagrania pokazuj\u0105ce przemoc wobec dzieci w pa\u0144stwowym o\u015brodku opieki. Co gorsza, wed\u0142ug aktywist\u00f3w i opozycji, rz\u0105d mia\u0142 zna\u0107 prawd\u0119 od miesi\u0119cy, a mo\u017ce i lat, ale nie zrobi\u0142 nic, by ochroni\u0107 nieletnich.<\/p>\n\n\n\n<p>Manifestacj\u0119 zorganizowa\u0142a opozycyjna partia TISZA, na czele kt\u00f3rej stan\u0105\u0142 Peter Magyar \u2013 g\u0142\u00f3wny rywal Viktora Orbana. Uczestnicy nie\u015bli pluszowe zabawki i pochodnie jako symbol wsparcia dla ofiar. Marsz zako\u0144czy\u0142 si\u0119 pod Pa\u0142acem Aleksandra, gdzie lider TISZY wyg\u0142osi\u0142 emocjonalne przem\u00f3wienie, oskar\u017caj\u0105c pa\u0144stwo o wieloletnie zaniedbania.<\/p>\n\n\n\n<p>\u201eTo dopiero pocz\u0105tek. Zbrodnie wobec dzieci musz\u0105 zosta\u0107 rozliczone\u201d \u2013 m\u00f3wi\u0142 Magyar. Maskotki z\u0142o\u017cone pod scen\u0105 maj\u0105 trafi\u0107 do plac\u00f3wek pomocowych, a dzieci\u0119ce rysunki wy\u015bwietlane na murach by\u0142y przesy\u0142ane przez sympatyk\u00f3w TISZY.<\/p>\n\n\n\n<p>Oburzenie spo\u0142eczne spot\u0119gowa\u0142o milczenie w\u0142adz po ujawnieniu dowod\u00f3w \u2013 dopiero po medialnym szumie sprawcy zacz\u0119li ponosi\u0107 konsekwencje. Dyrektor o\u015brodka, kt\u00f3ry zn\u0119ca\u0142 si\u0119 nad podopiecznymi, zosta\u0142 zatrzymany, ale dopiero po tym, jak nagrania obieg\u0142y internet.<\/p>\n\n\n\n<p>Cho\u0107 premier Orban publicznie pot\u0119pi\u0142 przemoc, dla wielu W\u0119gr\u00f3w to za ma\u0142o i za p\u00f3\u017ano. Protestuj\u0105cy \u017c\u0105daj\u0105 przyspieszonych wybor\u00f3w, zarzucaj\u0105c rz\u0105dowi tuszowanie sprawy i rozdawanie pieni\u0119dzy tylko po to, by utrzyma\u0107 w\u0142adz\u0119 przed nadchodz\u0105cymi wyborami.<\/p>\n","protected":false},"excerpt":{"rendered":"<p>Tysi\u0105ce W\u0119gr\u00f3w wysz\u0142y w sobot\u0119 na ulice Budapesztu, domagaj\u0105c si\u0119 sprawiedliwo\u015bci i natychmiastowych wybor\u00f3w. Protest wywo\u0142a\u0142 szokuj\u0105cy skandal \u2013 ujawniono brutalne nagrania pokazuj\u0105ce przemoc wobec dzieci w pa\u0144stwowym o\u015brodku opieki. Co gorsza, wed\u0142ug aktywist\u00f3w i opozycji, rz\u0105d mia\u0142 zna\u0107 prawd\u0119 od miesi\u0119cy, a mo\u017ce i lat, ale nie zrobi\u0142 nic, by ochroni\u0107 nieletnich. Manifestacj\u0119 zorganizowa\u0142a &#8230; <a title=\"Nowy kryzys na W\u0119grzech: tysi\u0105ce ludzi na ulicach, dzieci maltretowane w pa\u0144stwowych o\u015brodkach, a w\u0142adze od lat milcza\u0142y\" class=\"read-more\" href=\"https:\/\/dobrezrodla.com\/?p=11926\" aria-label=\"Read more about Nowy kryzys na W\u0119grzech: tysi\u0105ce ludzi na ulicach, dzieci maltretowane w pa\u0144stwowych o\u015brodkach, a w\u0142adze od lat milcza\u0142y\">Read more<\/a><\/p>\n","protected":false},"author":1,"featured_media":0,"comment_status":"open","ping_status":"open","sticky":false,"template":"","format":"standard","meta":{"footnotes":""},"categories":[1],"tags":[],"class_list":["post-11926","post","type-post","status-publish","format-standard","hentry","category-uncategorized"],"_links":{"self":[{"href":"https:\/\/dobrezrodla.com\/index.php?rest_route=\/wp\/v2\/posts\/11926","targetHints":{"allow":["GET"]}}],"collection":[{"href":"https:\/\/dobrezrodla.com\/index.php?rest_route=\/wp\/v2\/posts"}],"about":[{"href":"https:\/\/dobrezrodla.com\/index.php?rest_route=\/wp\/v2\/types\/post"}],"author":[{"embeddable":true,"href":"https:\/\/dobrezrodla.com\/index.php?rest_route=\/wp\/v2\/users\/1"}],"replies":[{"embeddable":true,"href":"https:\/\/dobrezrodla.com\/index.php?rest_route=%2Fwp%2Fv2%2Fcomments&post=11926"}],"version-history":[{"count":1,"href":"https:\/\/dobrezrodla.com\/index.php?rest_route=\/wp\/v2\/posts\/11926\/revisions"}],"predecessor-version":[{"id":11927,"href":"https:\/\/dobrezrodla.com\/index.php?rest_route=\/wp\/v2\/posts\/11926\/revisions\/11927"}],"wp:attachment":[{"href":"https:\/\/dobrezrodla.com\/index.php?rest_route=%2Fwp%2Fv2%2Fmedia&parent=11926"}],"wp:term":[{"taxonomy":"category","embeddable":true,"href":"https:\/\/dobrezrodla.com\/index.php?rest_route=%2Fwp%2Fv2%2Fcategories&post=11926"},{"taxonomy":"post_tag","embeddable":true,"href":"https:\/\/dobrezrodla.com\/index.php?rest_route=%2Fwp%2Fv2%2Ftags&post=11926"}],"curies":[{"name":"wp","href":"https:\/\/api.w.org\/{rel}","templated":true}]}}