{"id":11939,"date":"2025-12-14T18:11:15","date_gmt":"2025-12-14T18:11:15","guid":{"rendered":"https:\/\/dobrezrodla.com\/?p=11939"},"modified":"2025-12-14T18:11:16","modified_gmt":"2025-12-14T18:11:16","slug":"spor-tusk-nawrocki-konflikt-ktory-zdaniem-polakow-wstrzymuje-rozwoj-kraju","status":"publish","type":"post","link":"https:\/\/dobrezrodla.com\/?p=11939","title":{"rendered":"Sp\u00f3r Tusk\u2013Nawrocki: konflikt, kt\u00f3ry \u2013 zdaniem Polak\u00f3w \u2013 wstrzymuje rozw\u00f3j kraju"},"content":{"rendered":"\n<p>Coraz wi\u0119cej Polak\u00f3w uwa\u017ca, \u017ce polityczne tarcia mi\u0119dzy Pa\u0142acem Prezydenckim a Kancelari\u0105 Premiera zaczynaj\u0105 hamowa\u0107 wa\u017cne decyzje i blokowa\u0107 rozw\u00f3j Polski. Chodzi przede wszystkim o publiczne napi\u0119cia na linii prezydent\u2013premier, kt\u00f3re w ostatnich tygodniach zdominowa\u0142y debat\u0119 publiczn\u0105 i media.<\/p>\n\n\n\n<p>Wed\u0142ug komentator\u00f3w, sp\u00f3r ten dotyka kluczowych obszar\u00f3w pa\u0144stwa: od ustaw dotycz\u0105cych s\u0105downictwa, przez polityk\u0119 zagraniczn\u0105, a\u017c po strategi\u0119 gospodarcz\u0105. Cz\u0119\u015b\u0107 ekspert\u00f3w i obywateli uwa\u017ca, \u017ce konflikt interes\u00f3w i r\u00f3l mi\u0119dzy Karolem Nawrockim a Donaldem Tuskiem nie tylko polaryzuje scen\u0119 polityczn\u0105, lecz tak\u017ce utrudnia podejmowanie decyzji systemowych, kt\u00f3re wymagaj\u0105 szerokiego konsensusu instytucjonalnego.<\/p>\n\n\n\n<p>W badaniach opinii publicznej wiele os\u00f3b wskazuje, \u017ce sp\u00f3r personalny przenosi si\u0119 na tempo pracy rz\u0105du i prezydenta oraz ich zdolno\u015b\u0107 do szybkiego reagowania na wyzwania stoj\u0105ce przed Polsk\u0105. Dla przeciwnik\u00f3w, widoczne napi\u0119cia to sygna\u0142, \u017ce pa\u0144stwo zamiast skupi\u0107 si\u0119 na realizacji d\u0142ugofalowych projekt\u00f3w, utkn\u0119\u0142o w grze o wp\u0142ywy i przewag\u0119 polityczn\u0105.<\/p>\n\n\n\n<p>Z drugiej strony cz\u0119\u015b\u0107 komentator\u00f3w podkre\u015bla, \u017ce dynamiczna debata pomi\u0119dzy najwa\u017cniejszymi o\u015brodkami w\u0142adzy jest naturalna dla systemu demokratycznego i mo\u017ce prowadzi\u0107 do lepszych rozwi\u0105za\u0144 \u2013 o ile obie strony skoncentruj\u0105 si\u0119 na merytorycznych argumentach, a nie na personalnych sporach.<\/p>\n\n\n\n<p>Niezale\u017cnie od interpretacji, jeden wniosek jest coraz cz\u0119\u015bciej powtarzany: Polacy chc\u0105 efektywnych dzia\u0142a\u0144 i wsp\u00f3\u0142pracy mi\u0119dzy najwa\u017cniejszymi instytucjami pa\u0144stwa, a nie permanentnego konfliktu, kt\u00f3ry \u2013 ich zdaniem \u2013 mo\u017ce os\u0142abia\u0107 pozycj\u0119 Polski zar\u00f3wno wewn\u0119trznie, jak i na arenie mi\u0119dzynarodowej.<\/p>\n","protected":false},"excerpt":{"rendered":"<p>Coraz wi\u0119cej Polak\u00f3w uwa\u017ca, \u017ce polityczne tarcia mi\u0119dzy Pa\u0142acem Prezydenckim a Kancelari\u0105 Premiera zaczynaj\u0105 hamowa\u0107 wa\u017cne decyzje i blokowa\u0107 rozw\u00f3j Polski. Chodzi przede wszystkim o publiczne napi\u0119cia na linii prezydent\u2013premier, kt\u00f3re w ostatnich tygodniach zdominowa\u0142y debat\u0119 publiczn\u0105 i media. Wed\u0142ug komentator\u00f3w, sp\u00f3r ten dotyka kluczowych obszar\u00f3w pa\u0144stwa: od ustaw dotycz\u0105cych s\u0105downictwa, przez polityk\u0119 zagraniczn\u0105, a\u017c &#8230; <a title=\"Sp\u00f3r Tusk\u2013Nawrocki: konflikt, kt\u00f3ry \u2013 zdaniem Polak\u00f3w \u2013 wstrzymuje rozw\u00f3j kraju\" class=\"read-more\" href=\"https:\/\/dobrezrodla.com\/?p=11939\" aria-label=\"Read more about Sp\u00f3r Tusk\u2013Nawrocki: konflikt, kt\u00f3ry \u2013 zdaniem Polak\u00f3w \u2013 wstrzymuje rozw\u00f3j kraju\">Read more<\/a><\/p>\n","protected":false},"author":1,"featured_media":0,"comment_status":"open","ping_status":"open","sticky":false,"template":"","format":"standard","meta":{"footnotes":""},"categories":[1],"tags":[],"class_list":["post-11939","post","type-post","status-publish","format-standard","hentry","category-uncategorized"],"_links":{"self":[{"href":"https:\/\/dobrezrodla.com\/index.php?rest_route=\/wp\/v2\/posts\/11939","targetHints":{"allow":["GET"]}}],"collection":[{"href":"https:\/\/dobrezrodla.com\/index.php?rest_route=\/wp\/v2\/posts"}],"about":[{"href":"https:\/\/dobrezrodla.com\/index.php?rest_route=\/wp\/v2\/types\/post"}],"author":[{"embeddable":true,"href":"https:\/\/dobrezrodla.com\/index.php?rest_route=\/wp\/v2\/users\/1"}],"replies":[{"embeddable":true,"href":"https:\/\/dobrezrodla.com\/index.php?rest_route=%2Fwp%2Fv2%2Fcomments&post=11939"}],"version-history":[{"count":1,"href":"https:\/\/dobrezrodla.com\/index.php?rest_route=\/wp\/v2\/posts\/11939\/revisions"}],"predecessor-version":[{"id":11940,"href":"https:\/\/dobrezrodla.com\/index.php?rest_route=\/wp\/v2\/posts\/11939\/revisions\/11940"}],"wp:attachment":[{"href":"https:\/\/dobrezrodla.com\/index.php?rest_route=%2Fwp%2Fv2%2Fmedia&parent=11939"}],"wp:term":[{"taxonomy":"category","embeddable":true,"href":"https:\/\/dobrezrodla.com\/index.php?rest_route=%2Fwp%2Fv2%2Fcategories&post=11939"},{"taxonomy":"post_tag","embeddable":true,"href":"https:\/\/dobrezrodla.com\/index.php?rest_route=%2Fwp%2Fv2%2Ftags&post=11939"}],"curies":[{"name":"wp","href":"https:\/\/api.w.org\/{rel}","templated":true}]}}