{"id":11949,"date":"2025-12-14T18:18:53","date_gmt":"2025-12-14T18:18:53","guid":{"rendered":"https:\/\/dobrezrodla.com\/?p=11949"},"modified":"2025-12-14T18:18:53","modified_gmt":"2025-12-14T18:18:53","slug":"ukraina-ostrzega-polske-i-nawrockiego-wlasnie-wydali-pilny-komunikat-2","status":"publish","type":"post","link":"https:\/\/dobrezrodla.com\/?p=11949","title":{"rendered":"Ukraina ostrzega Polsk\u0119 i Nawrockiego! W\u0142a\u015bnie wydali pilny komunikat"},"content":{"rendered":"\n<p>Zacz\u0119\u0142o si\u0119 od has\u0142a prezydenta o potrzebie zatrzymania banderyzmu, a sko\u0144czy\u0142o na ostrze\u017ceniu wys\u0142anym z Kijowa.<\/p>\n\n\n\n<p>Ukrai\u0144ska dyplomacja, za po\u015brednictwem portalu Europejska Prawda, zapowiedzia\u0142a mo\u017cliw\u0105 reakcj\u0119, je\u015bli polski Sejm zdecyduje si\u0119 zr\u00f3wnywa\u0107 czerwono-czarn\u0105 symbolik\u0119 z nazistowsk\u0105.<\/p>\n\n\n\n<p>W tej sprawie polityczne emocje mieszaj\u0105 si\u0119 z kwestiami historycznymi i prawnymi.<\/p>\n\n\n\n<p>Prezydent Karol Nawrocki og\u0142osi\u0142 propozycj\u0119, aby w kodeksie karnym uzna\u0107 tak zwane \u201esymbole banderowskie\u201d za r\u00f3wnowa\u017cne z nazistowskimi i komunistycznymi.<\/p>\n\n\n\n<p>W tym samym pakiecie znalaz\u0142y si\u0119 zapowiedzi zaostrzenia przepis\u00f3w migracyjnych i zmiany w ustawie o IPN.<\/p>\n\n\n\n<p>Wed\u0142ug Kancelarii projekt ustawy wspieraj\u0105cej Ukrai\u0144c\u00f3w jest ju\u017c w Sejmie.<\/p>\n\n\n\n<p>Na pierwszy rzut oka wygl\u0105da to na pr\u00f3b\u0119 uporz\u0105dkowania przepis\u00f3w, lecz w praktyce dotyka najbardziej dra\u017cliwego obszaru wsp\u00f3lnej pami\u0119ci polsko-ukrai\u0144skiej.<\/p>\n\n\n\n<p>Czerwono-czarna flaga ma swoje \u017ar\u00f3d\u0142o w tradycji OUN-UPA i budzi skrajnie odmienne reakcje: dla cz\u0119\u015bci spo\u0142ecze\u0144stwa to znak walki o wolno\u015b\u0107, dla innych bolesne wspomnienie rzezi wo\u0142y\u0144skiej.<\/p>\n\n\n\n<p>Polska od dawna przewiduje kary za propagowanie ustroj\u00f3w totalitarnych, zgodnie z art. 256 kodeksu karnego, a co jaki\u015b czas powraca dyskusja o w\u0142\u0105czaniu nowych symboli.<\/p>\n\n\n\n<p>Tym razem sp\u00f3r od\u017cy\u0142 wyj\u0105tkowo gwa\u0142townie.<\/p>\n\n\n\n<p>Z informacji Europejskiej Prawdy wynika, \u017ce w\u0142adze w Kijowie ostrzeg\u0142y Polsk\u0119 przed konsekwencjami, je\u015bli dojdzie do zr\u00f3wnania czerwono-czarnej symboliki z nazistowsk\u0105.<\/p>\n\n\n\n<p>Ukrai\u0144skie \u017ar\u00f3d\u0142o dyplomatyczne m\u00f3wi o zagro\u017ceniu pogorszeniem nastroj\u00f3w spo\u0142ecznych, je\u015bli decyzje b\u0119d\u0105 mia\u0142y charakter polityczny.<\/p>\n\n\n\n<p>To brzmi jak sygna\u0142 alarmowy na styku polityki i emocji.<\/p>\n\n\n\n<p>Swoje stanowisko przedstawi\u0142 tak\u017ce Wo\u0142odymyr Wiatrowycz, by\u0142y szef ukrai\u0144skiego IPN i obecny pose\u0142.<\/p>\n\n\n\n<p>W mediach spo\u0142eczno\u015bciowych broni\u0142 czerwono-czarnej tradycji, podkre\u015blaj\u0105c jej antyrosyjski, a nie antypolski charakter, i krytykowa\u0142 polskie plany, zestawiaj\u0105c je z narracj\u0105, kt\u00f3r\u0105 ch\u0119tnie pos\u0142uguje si\u0119 Kreml.<\/p>\n\n\n\n<p>Ten sp\u00f3r nie dotyczy wy\u0142\u0105cznie flagi, ale ca\u0142ej pami\u0119ci historycznej i to\u017csamo\u015bci, kt\u00f3re \u0142atwo podsyca\u0107, a niezwykle trudno powstrzyma\u0107.<\/p>\n\n\n\n<p>Polityczne scenariusze mog\u0105 przybra\u0107 trzy formy. Pierwsza to szybkie procedowanie ustawy i pokazanie zdecydowanego podej\u015bcia wobec symboli zwi\u0105zanych z UPA.<\/p>\n\n\n\n<p>Druga to skierowanie sprawy do komisji i doprecyzowanie przepis\u00f3w, na przyk\u0142ad z uwzgl\u0119dnieniem wyj\u0105tk\u00f3w dla muze\u00f3w czy cel\u00f3w edukacyjnych.<\/p>\n\n\n\n<p>Trzecia mo\u017cliwo\u015b\u0107 to zamro\u017cenie tematu pod pretekstem priorytetu w postaci bezpiecze\u0144stwa granic, co sam prezydent powi\u0105za\u0142 z ostrzejszymi propozycjami karnymi.<\/p>\n\n\n\n<p>Ka\u017cda z tych opcji ma swoje konsekwencje \u2013 zar\u00f3wno w Polsce, jak i w relacjach z Ukrain\u0105 oraz Uni\u0105 Europejsk\u0105.<\/p>\n\n\n\n<p>Ukrai\u0144skie \u017ar\u00f3d\u0142a podkre\u015blaj\u0105, \u017ce je\u015bli Sejm faktycznie zdecyduje si\u0119 na takie zr\u00f3wnanie symboliki, strona ukrai\u0144ska odpowie.<\/p>\n\n\n\n<p>Sp\u00f3r o pami\u0119\u0107 historyczn\u0105 mo\u017ce sta\u0107 si\u0119 prezentem dla rosyjskiej propagandy, kt\u00f3ra ch\u0119tnie buduje narracj\u0119 o roz\u0142amie w sojuszu.<\/p>\n\n\n\n<p>Dlatego stawk\u0105 jest nie tylko dyskusja o banderyzmie, czyli ideologii skupionej wok\u00f3\u0142 Stepana Bandery, ale tak\u017ce odporno\u015b\u0107 polsko-ukrai\u0144skiej wsp\u00f3\u0142pracy na polityczn\u0105 presj\u0119 i wojn\u0119 nerw\u00f3w.<\/p>\n","protected":false},"excerpt":{"rendered":"<p>Zacz\u0119\u0142o si\u0119 od has\u0142a prezydenta o potrzebie zatrzymania banderyzmu, a sko\u0144czy\u0142o na ostrze\u017ceniu wys\u0142anym z Kijowa. Ukrai\u0144ska dyplomacja, za po\u015brednictwem portalu Europejska Prawda, zapowiedzia\u0142a mo\u017cliw\u0105 reakcj\u0119, je\u015bli polski Sejm zdecyduje si\u0119 zr\u00f3wnywa\u0107 czerwono-czarn\u0105 symbolik\u0119 z nazistowsk\u0105. W tej sprawie polityczne emocje mieszaj\u0105 si\u0119 z kwestiami historycznymi i prawnymi. Prezydent Karol Nawrocki og\u0142osi\u0142 propozycj\u0119, aby w &#8230; <a title=\"Ukraina ostrzega Polsk\u0119 i Nawrockiego! W\u0142a\u015bnie wydali pilny komunikat\" class=\"read-more\" href=\"https:\/\/dobrezrodla.com\/?p=11949\" aria-label=\"Read more about Ukraina ostrzega Polsk\u0119 i Nawrockiego! W\u0142a\u015bnie wydali pilny komunikat\">Read more<\/a><\/p>\n","protected":false},"author":1,"featured_media":0,"comment_status":"open","ping_status":"open","sticky":false,"template":"","format":"standard","meta":{"footnotes":""},"categories":[1],"tags":[],"class_list":["post-11949","post","type-post","status-publish","format-standard","hentry","category-uncategorized"],"_links":{"self":[{"href":"https:\/\/dobrezrodla.com\/index.php?rest_route=\/wp\/v2\/posts\/11949","targetHints":{"allow":["GET"]}}],"collection":[{"href":"https:\/\/dobrezrodla.com\/index.php?rest_route=\/wp\/v2\/posts"}],"about":[{"href":"https:\/\/dobrezrodla.com\/index.php?rest_route=\/wp\/v2\/types\/post"}],"author":[{"embeddable":true,"href":"https:\/\/dobrezrodla.com\/index.php?rest_route=\/wp\/v2\/users\/1"}],"replies":[{"embeddable":true,"href":"https:\/\/dobrezrodla.com\/index.php?rest_route=%2Fwp%2Fv2%2Fcomments&post=11949"}],"version-history":[{"count":1,"href":"https:\/\/dobrezrodla.com\/index.php?rest_route=\/wp\/v2\/posts\/11949\/revisions"}],"predecessor-version":[{"id":11950,"href":"https:\/\/dobrezrodla.com\/index.php?rest_route=\/wp\/v2\/posts\/11949\/revisions\/11950"}],"wp:attachment":[{"href":"https:\/\/dobrezrodla.com\/index.php?rest_route=%2Fwp%2Fv2%2Fmedia&parent=11949"}],"wp:term":[{"taxonomy":"category","embeddable":true,"href":"https:\/\/dobrezrodla.com\/index.php?rest_route=%2Fwp%2Fv2%2Fcategories&post=11949"},{"taxonomy":"post_tag","embeddable":true,"href":"https:\/\/dobrezrodla.com\/index.php?rest_route=%2Fwp%2Fv2%2Ftags&post=11949"}],"curies":[{"name":"wp","href":"https:\/\/api.w.org\/{rel}","templated":true}]}}