{"id":11951,"date":"2025-12-14T18:21:25","date_gmt":"2025-12-14T18:21:25","guid":{"rendered":"https:\/\/dobrezrodla.com\/?p=11951"},"modified":"2025-12-14T18:21:26","modified_gmt":"2025-12-14T18:21:26","slug":"krystyna-pawlowicz-stracila-fortune-nie-dostaje-nawet-emerytury-wszystko-przez-decyzje-tuska","status":"publish","type":"post","link":"https:\/\/dobrezrodla.com\/?p=11951","title":{"rendered":"Krystyna Paw\u0142owicz straci\u0142a fortun\u0119, nie dostaje nawet emerytury. Wszystko przez decyzj\u0119 Tuska"},"content":{"rendered":"\n<p>Decyzja o przej\u015bciu w stan spoczynku przez s\u0119dzi\u0119 Trybuna\u0142u Konstytucyjnego wywo\u0142a\u0142a szerok\u0105 dyskusj\u0119 nie tylko ze wzgl\u0119du na sam fakt rezygnacji, ale przede wszystkim z powodu jej skutk\u00f3w finansowych.<\/p>\n\n\n\n<p>W centrum uwagi znalaz\u0142y si\u0119 przepisy gwarantuj\u0105ce wysokie \u015bwiadczenia oraz polityczne decyzje, kt\u00f3re zablokowa\u0142y ich wyp\u0142at\u0119. Sytuacja ta sta\u0142a si\u0119 precedensowym zderzeniem uprawnie\u0144 s\u0119dziowskich z realiami bud\u017cetowymi pa\u0144stwa.<\/p>\n\n\n\n<h2 class=\"wp-block-heading\">Krystyna Paw\u0142owicz przesz\u0142a w stan spoczynku, ale bez nale\u017cnych \u015bwiadcze\u0144<\/h2>\n\n\n\n<p>W po\u0142owie roku Krystyna Paw\u0142owicz z\u0142o\u017cy\u0142a wniosek o przeniesienie w&nbsp;<strong>stan spoczynku<\/strong>, powo\u0142uj\u0105c si\u0119 na orzeczenie lekarza orzecznika ZUS stwierdzaj\u0105ce jej trwa\u0142\u0105 niezdolno\u015b\u0107 do pracy.<\/p>\n\n\n\n<p>W konsekwencji s\u0119dzia przesz\u0142a w stan spoczynku, jednak nie otrzyma\u0142a \u015bwiadcze\u0144, kt\u00f3re zazwyczaj przys\u0142uguj\u0105 s\u0119dziom&nbsp;<strong>Trybuna\u0142u Konstytucyjnego<\/strong>&nbsp;w takim momencie. Jako jeden z powod\u00f3w swojej decyzji Paw\u0142owicz poda\u0142a r\u00f3wnie\u017c fakt, \u017ce mia\u0142a do\u015b\u0107 hejtu, z kt\u00f3rym musia\u0142a si\u0119 na co dzie\u0144 mierzy\u0107.<\/p>\n\n\n\n<p>Trybuna\u0142 Konstytucyjny zwr\u00f3ci\u0142 si\u0119 do premiera z wnioskiem o uruchomienie rezerwy bud\u017cetowej w celu wyp\u0142aty nale\u017cnych pieni\u0119dzy.&nbsp;<strong>Premier Donald Tusk&nbsp;<\/strong>nie wyrazi\u0142 jednak zgody na uruchomienie \u015brodk\u00f3w z rezerwy, z kt\u00f3rej mia\u0142y zosta\u0107 pokryte te zobowi\u0105zania.<\/p>\n\n\n\n<p>Biuro prasowe Trybuna\u0142u Konstytucyjnego potwierdzi\u0142o, \u017ce&nbsp;<strong>s\u0119dzi nie wyp\u0142acono \u017cadnego \u015bwiadczenia<\/strong>&nbsp;zwi\u0105zanego z przej\u015bciem w stan spoczynku, w tym odprawy ani ekwiwalentu. Mimo \u017ce \u015bwiadczenia te, w tym odprawa, nale\u017c\u0105 si\u0119 jej zgodnie z przepisami,&nbsp;<strong>Krystyna Paw\u0142owicz<\/strong>&nbsp;nie otrzyma\u0142a \u017cadnych pieni\u0119dzy po zako\u0144czeniu urz\u0119dowania. S\u0119dzia nie dosta\u0142a r\u00f3wnie\u017c ekwiwalentu w zwi\u0105zku z odej\u015bciem z TK, co oznacza, \u017ce faktycznie nie wp\u0142yn\u0119\u0142y do niej te \u015brodki.<\/p>\n\n\n\n<figure class=\"wp-block-image\"><img decoding=\"async\" src=\"https:\/\/images.iberion.media\/images\/origin\/Donald_Tusk_b66ef7dbbd.png\" alt=\"Krystyna Paw\u0142owicz straci\u0142a fortun\u0119, nie dostaje nawet emerytury. Wszystko przez decyzj\u0119 Tuska\"\/><figcaption class=\"wp-element-caption\">Fot. KAPiF<\/figcaption><\/figure>\n\n\n\n<h2 class=\"wp-block-heading\">Krystyna Paw\u0142owicz pozostaje bez emerytury i \u015bwiadcze\u0144 po odej\u015bciu z TK<\/h2>\n\n\n\n<p><strong>Obecnie Krystyna Paw\u0142owicz nie otrzymuje emerytury z Zak\u0142adu Ubezpiecze\u0144 Spo\u0142ecznych<\/strong>, cho\u0107 w normalnym trybie mog\u0142aby liczy\u0107 na s\u0119dziowsk\u0105 \u201eemerytur\u0119\u201d w wysoko\u015bci oko\u0142o&nbsp;<strong>30 tys. z\u0142 brutto<\/strong>. Nale\u017cy zaznaczy\u0107, \u017ce s\u0119dzia zrezygnowa\u0142a z pobierania \u015bwiadczenia z ZUS.<\/p>\n\n\n\n<p>Przed obj\u0119ciem funkcji s\u0119dziego Trybuna\u0142u Konstytucyjnego Paw\u0142owicz pobiera\u0142a emerytur\u0119 z ZUS, kt\u00f3ra w 2019 roku wynosi\u0142a oko\u0142o&nbsp;<strong>4750 z\u0142<\/strong>. Informacja o tej kwocie pochodzi\u0142a z o\u015bwiadcze\u0144 maj\u0105tkowych sk\u0142adanych przez ni\u0105 jako pos\u0142ank\u0119. Po uwzgl\u0119dnieniu wszystkich waloryzacji przeprowadzonych od 2020 roku, \u015bwiadczenie to mog\u0142oby obecnie wynosi\u0107 oko\u0142o&nbsp;<strong>10,6 tys. z\u0142 brutto.<\/strong><\/p>\n\n\n\n<p>Aktualnie Krystyna Paw\u0142owicz&nbsp;<strong>nie pobiera<\/strong>&nbsp;\u017cadnych innych \u015bwiadcze\u0144 z jakiegokolwiek tytu\u0142u. Biuro prasowe Trybuna\u0142u Konstytucyjnego, za zgod\u0105 zainteresowanej, poinformowa\u0142o o braku wyp\u0142at, co oznacza, \u017ce po przej\u015bciu w stan spoczynku&nbsp;<strong>zosta\u0142a ona bez pieni\u0119dzy<\/strong>. Gdyby s\u0119dzia nie wykorzysta\u0142a \u017cadnego dnia urlopu, otrzyma\u0142aby oko\u0142o 70 tys. z\u0142 tytu\u0142em ekwiwalentu, a z listopadowych danych TK wynika\u0142o, \u017ce dysponowa\u0142a 38 dniami wolnymi.<\/p>\n\n\n\n<figure class=\"wp-block-image\"><img decoding=\"async\" src=\"https:\/\/images.iberion.media\/images\/origin\/TK_647cace6e3.png\" alt=\"Krystyna Paw\u0142owicz straci\u0142a fortun\u0119, nie dostaje nawet emerytury. Wszystko przez decyzj\u0119 Tuska\"\/><figcaption class=\"wp-element-caption\">Fot. domena publiczna<\/figcaption><\/figure>\n\n\n\n<h2 class=\"wp-block-heading\">Brak wyp\u0142at dla Krystyny Paw\u0142owicz po przej\u015bciu w stan spoczynku: polityka i prawo w tle<\/h2>\n\n\n\n<p>Zgodnie z przepisami, by\u0142emu s\u0119dziemu przys\u0142uguje \u015bwiadczenie za przej\u015bcie w stan spoczynku. Formalnie&nbsp;<strong>Krystyna Paw\u0142owicz<\/strong>&nbsp;przesta\u0142a pe\u0142ni\u0107 funkcj\u0119 s\u0119dziego Trybuna\u0142u Konstytucyjnego od 5 grudnia.<\/p>\n\n\n\n<p>Sytuacja skomplikowa\u0142a si\u0119 w<strong>&nbsp;listopadzie 2024 roku<\/strong>, kiedy to w trakcie prac nad projektem ustawy bud\u017cetowej na kolejny rok wyzerowano bud\u017cet Trybuna\u0142u Konstytucyjnego na wynagrodzenia dla s\u0119dzi\u00f3w.&nbsp;<strong>Janusz Cicho\u0144<\/strong>, pose\u0142 KO, uzasadnia\u0142 ten krok stwierdzeniem:<\/p>\n\n\n\n<blockquote class=\"wp-block-quote is-layout-flow wp-block-quote-is-layout-flow\">\n<p><strong>W naszej opinii nie maj\u0105 legitymacji, aby orzeka\u0107, st\u0105d taka decyzja.<\/strong><\/p>\n<\/blockquote>\n\n\n\n<p>Biuro prasowe TK wskaza\u0142o, \u017ce odmowa Prezesa Rady Ministr\u00f3w w sprawie uruchomienia \u015brodk\u00f3w z rezerwy og\u00f3lnej stanowi element szerszych dzia\u0142a\u0144 politycznych i bud\u017cetowych.<\/p>\n\n\n\n<p>Trybuna\u0142 zaznaczy\u0142, \u017ce brak wyp\u0142aty \u015bwiadcze\u0144 nast\u0105pi\u0142 mimo istniej\u0105cego obowi\u0105zku wynikaj\u0105cego wprost z przepis\u00f3w prawa. Bezpo\u015bredni\u0105 przyczyn\u0105 wstrzymania przelew\u00f3w by\u0142a decyzja premiera o nieuruchamianiu \u015brodk\u00f3w z rezerwy przeznaczonej na zobowi\u0105zania Skarbu Pa\u0144stwa.&nbsp;<\/p>\n\n\n\n<p>W\u015br\u00f3d zablokowanych nale\u017cno\u015bci znajduje si\u0119 m.in. ekwiwalent za niewykorzystany urlop wypoczynkowy, kt\u00f3ry Trybuna\u0142 powinien wyp\u0142aci\u0107 w zwi\u0105zku z przej\u015bciem s\u0119dzi w stan spoczynku, mimo \u017ce jej kadencja mia\u0142a trwa\u0107 do 2028 roku.<\/p>\n\n\n\n<h2 class=\"wp-block-heading\">Jakie \u015bwiadczenia przys\u0142uguj\u0105 s\u0119dziom TK po przej\u015bciu w stan spoczynku?<\/h2>\n\n\n\n<p>Zgodnie z obowi\u0105zuj\u0105cymi przepisami og\u00f3lnymi, s\u0119dziom Trybuna\u0142u Konstytucyjnego, kt\u00f3rzy przechodz\u0105 w stan spoczynku, przys\u0142uguje&nbsp;<strong>pakiet okre\u015blonych \u015bwiadcze\u0144 finansowych<\/strong>.<\/p>\n\n\n\n<p>S\u0119dzia w takim przypadku otrzymuje jednorazowe \u015bwiadczenie wynikaj\u0105ce z art. 54 ustawy o S\u0105dzie Najwy\u017cszym, nazywane \u201eodpraw\u0105\u201d, kt\u00f3re stanowi&nbsp;<strong>r\u00f3wnowarto\u015b\u0107 sze\u015bciomiesi\u0119cznego wynagrodzenia<\/strong>. Przy obecnym uposa\u017ceniu s\u0119dziego TK wynosz\u0105cym 40 192 z\u0142 brutto, odprawa ta osi\u0105gn\u0119\u0142aby kwot\u0119 241 152 z\u0142 brutto. Dodatkowo przys\u0142uguje comiesi\u0119czna s\u0119dziowska \u201eemerytura\u201d w wysoko\u015bci 75% uposa\u017cenia bez dodatk\u00f3w.<\/p>\n\n\n\n<p>Katalog nale\u017cno\u015bci uzupe\u0142nia ekwiwalent za niewykorzystany urlop, kt\u00f3ry r\u00f3wnie\u017c wyp\u0142acany jest s\u0119dziemu ko\u0144cz\u0105cemu urz\u0119dowanie. Ca\u0142o\u015b\u0107 tego systemu, w tym \u015bwiadczenie za przej\u015bcie w stan spoczynku potocznie nazywane&nbsp;<strong>s\u0119dziowsk\u0105 \u201eemerytur\u0105\u201d<\/strong>, stanowi ustawowe zabezpieczenie s\u0119dzi\u00f3w po zako\u0144czeniu s\u0142u\u017cby.<\/p>\n","protected":false},"excerpt":{"rendered":"<p>Decyzja o przej\u015bciu w stan spoczynku przez s\u0119dzi\u0119 Trybuna\u0142u Konstytucyjnego wywo\u0142a\u0142a szerok\u0105 dyskusj\u0119 nie tylko ze wzgl\u0119du na sam fakt rezygnacji, ale przede wszystkim z powodu jej skutk\u00f3w finansowych. W centrum uwagi znalaz\u0142y si\u0119 przepisy gwarantuj\u0105ce wysokie \u015bwiadczenia oraz polityczne decyzje, kt\u00f3re zablokowa\u0142y ich wyp\u0142at\u0119. Sytuacja ta sta\u0142a si\u0119 precedensowym zderzeniem uprawnie\u0144 s\u0119dziowskich z realiami &#8230; <a title=\"Krystyna Paw\u0142owicz straci\u0142a fortun\u0119, nie dostaje nawet emerytury. Wszystko przez decyzj\u0119 Tuska\" class=\"read-more\" href=\"https:\/\/dobrezrodla.com\/?p=11951\" aria-label=\"Read more about Krystyna Paw\u0142owicz straci\u0142a fortun\u0119, nie dostaje nawet emerytury. Wszystko przez decyzj\u0119 Tuska\">Read more<\/a><\/p>\n","protected":false},"author":1,"featured_media":0,"comment_status":"open","ping_status":"open","sticky":false,"template":"","format":"standard","meta":{"footnotes":""},"categories":[1],"tags":[],"class_list":["post-11951","post","type-post","status-publish","format-standard","hentry","category-uncategorized"],"_links":{"self":[{"href":"https:\/\/dobrezrodla.com\/index.php?rest_route=\/wp\/v2\/posts\/11951","targetHints":{"allow":["GET"]}}],"collection":[{"href":"https:\/\/dobrezrodla.com\/index.php?rest_route=\/wp\/v2\/posts"}],"about":[{"href":"https:\/\/dobrezrodla.com\/index.php?rest_route=\/wp\/v2\/types\/post"}],"author":[{"embeddable":true,"href":"https:\/\/dobrezrodla.com\/index.php?rest_route=\/wp\/v2\/users\/1"}],"replies":[{"embeddable":true,"href":"https:\/\/dobrezrodla.com\/index.php?rest_route=%2Fwp%2Fv2%2Fcomments&post=11951"}],"version-history":[{"count":1,"href":"https:\/\/dobrezrodla.com\/index.php?rest_route=\/wp\/v2\/posts\/11951\/revisions"}],"predecessor-version":[{"id":11952,"href":"https:\/\/dobrezrodla.com\/index.php?rest_route=\/wp\/v2\/posts\/11951\/revisions\/11952"}],"wp:attachment":[{"href":"https:\/\/dobrezrodla.com\/index.php?rest_route=%2Fwp%2Fv2%2Fmedia&parent=11951"}],"wp:term":[{"taxonomy":"category","embeddable":true,"href":"https:\/\/dobrezrodla.com\/index.php?rest_route=%2Fwp%2Fv2%2Fcategories&post=11951"},{"taxonomy":"post_tag","embeddable":true,"href":"https:\/\/dobrezrodla.com\/index.php?rest_route=%2Fwp%2Fv2%2Ftags&post=11951"}],"curies":[{"name":"wp","href":"https:\/\/api.w.org\/{rel}","templated":true}]}}